{"id":62673,"date":"2015-10-07T09:25:18","date_gmt":"2015-10-07T12:25:18","guid":{"rendered":"http:\/\/www.eltrabajo.cl\/portal\/?p=62673"},"modified":"2015-10-07T09:25:18","modified_gmt":"2015-10-07T12:25:18","slug":"hasta-el-29-de-noviembre-estara-disponible-exposicion-sobre-gabriela-mistral-en-ciem-aconcagua","status":"publish","type":"post","link":"https:\/\/eltrabajo.cl\/portal\/hasta-el-29-de-noviembre-estara-disponible-exposicion-sobre-gabriela-mistral-en-ciem-aconcagua\/","title":{"rendered":"Hasta el 29 de noviembre estar\u00e1 disponible exposici\u00f3n sobre Gabriela Mistral en Ciem Aconcagua"},"content":{"rendered":"<figure id=\"attachment_62674\" aria-describedby=\"caption-attachment-62674\" style=\"width: 300px\" class=\"wp-caption alignleft\"><a href=\"https:\/\/i0.wp.com\/www.eltrabajo.cl\/portal\/wp-content\/uploads\/2015\/10\/Expositores1.jpg\"><img data-recalc-dims=\"1\" loading=\"lazy\" decoding=\"async\" class=\"wp-image-62674 size-medium\" src=\"https:\/\/i0.wp.com\/www.eltrabajo.cl\/portal\/wp-content\/uploads\/2015\/10\/Expositores1-300x198.jpg?resize=300%2C198\" alt=\"En la foto, los artistas Ximena Vega, Jorge Rodr\u00edguez, Gilda Romero, (encargada del proyecto y Presidenta del Centro Cultural Magenta), Lorena V\u00e9liz, In\u00e9s Campos P\u00e1ez y Mar\u00eda Elisa Sobarzo.\" width=\"300\" height=\"198\" srcset=\"https:\/\/i0.wp.com\/eltrabajo.cl\/portal\/wp-content\/uploads\/2015\/10\/Expositores1.jpg?resize=300%2C198&amp;ssl=1 300w, https:\/\/i0.wp.com\/eltrabajo.cl\/portal\/wp-content\/uploads\/2015\/10\/Expositores1.jpg?resize=200%2C132&amp;ssl=1 200w, https:\/\/i0.wp.com\/eltrabajo.cl\/portal\/wp-content\/uploads\/2015\/10\/Expositores1.jpg?resize=228%2C150&amp;ssl=1 228w, https:\/\/i0.wp.com\/eltrabajo.cl\/portal\/wp-content\/uploads\/2015\/10\/Expositores1.jpg?resize=400%2C263&amp;ssl=1 400w, https:\/\/i0.wp.com\/eltrabajo.cl\/portal\/wp-content\/uploads\/2015\/10\/Expositores1.jpg?w=530&amp;ssl=1 530w\" sizes=\"auto, (max-width: 300px) 100vw, 300px\" \/><\/a><figcaption id=\"caption-attachment-62674\" class=\"wp-caption-text\">En la foto, los artistas Ximena Vega, Jorge Rodr\u00edguez, Gilda Romero, (encargada del proyecto y Presidenta del Centro Cultural Magenta), Lorena V\u00e9liz, In\u00e9s Campos P\u00e1ez y Mar\u00eda Elisa Sobarzo.<\/figcaption><\/figure>\n<p>Con un lleno total en el patio central del Centro El Almendral, este lunes se realiz\u00f3 la inauguraci\u00f3n de la Muestra \u2018Pintura y Poes\u00eda\u2019: Premio Nobel de Literatura Chilena Gabriela Mistral, montaje visual tra\u00eddo desde San Esteban por el Centro Cultural Magenta que permanecer\u00e1 abierto de manera gratuita en la galer\u00eda de arte de Ciem Aconcagua hasta el 29 de Noviembre.<br \/>\nEste proyecto nace el a\u00f1o 2012, buscando conjugar las distintas dimensiones art\u00edsticas de la poetiza chilena. En esa \u00e9poca, el equipo realizador del proyecto estudi\u00f3 la obra po\u00e9tica y su vida por varios meses. Luego se hicieron los bosquejos necesarios de prueba, que pronto pasaron a plasmarse en \u00f3leos, produciendo 21 obras de pinturas al \u00f3leo y un pol\u00edptico de 5 partes, las cuales se mezclan con fragmentos de sus poemas m\u00e1s reconocidos.<br \/>\nGilda Romero, encargada del proyecto y Presidenta del Centro Cultural Magenta, expres\u00f3 el fin que moviliza este montaje.<br \/>\n\u201cEste proyecto que busca aunar al arte de la pintura y el lenguaje en su representante m\u00e1ximo que es la poetisa Gabriela Mistral para que las nuevas generaciones puedan comprender su legado y entenderla tal cual fue. Queremos con esta muestra que todos los alumnos de San Felipe, Los Andes y sus alrededores puedan accedan a conocerla\u201d.<br \/>\nLorena V\u00e9liz, artista aconcag\u00fcina que en esta ocasi\u00f3n ofici\u00f3 como presentadora de este montaje, valor\u00f3 la instancia de arte que el Ciem Aconcagua est\u00e1 brindando a la comunidad.<br \/>\n\u201cEsta instancia permite acercar a la comunidad a una lectura de la Mistral desde sus distintas vetas que uno puedo explorar a trav\u00e9s de esta poes\u00eda y de la pintura, y adem\u00e1s encontrarme en este centro cultural, que es como mi casa, con estos pintores que los conozco desde hace a\u00f1os.<br \/>\n\u201cTenemos en el valle el privilegio de contar con un lugar como el Ciem Aconcagua, un espacio lleno de historia que nos acoge a todos, entonces para m\u00ed es bell\u00edsimo seguir vinculada con estos artistas y a este lugar. Creo que eso nos ayuda a mantener una identidad cultural importante que tenemos que valorarla cada vez m\u00e1s\u201d.<br \/>\nRicardo Ruiz, encargado de cultura de la Municipalidad de San Felipe, que tambi\u00e9n ofici\u00f3 en esta ocasi\u00f3n de maestro de ceremonia se refiri\u00f3 a la alianza cultural que mantiene Ciem y el municipio.<br \/>\n\u201cLa alianza que mantiene la Municipalidad con Ciem Aconcagua es fundamental, considerando que la comuna no cuenta con infraestructura para las artes visuales y el Centro Almendral si brinda ese espacio a trav\u00e9s de su galer\u00eda. Entonces es valios\u00edsimo todo esto ya que permite mostrar el trabajo que est\u00e1n realizando los artistas visuales de manera permanente, a trav\u00e9s de exposiciones de 1 a 2 meses, lo que significa que m\u00e1s gente puede visitarlas. El Almendral representa el alma del sanfelipe\u00f1o, y por lo mismo la relevancia que tiene el Ciem y el trabajo que ha realizado durante estos 20 a\u00f1os es valios\u00edsimo, vincul\u00e1ndose con la sociedad y su entorno. En este corto plazo hemos realizado varias actividades ac\u00e1 y el Ciem ha sido fundamental para que se lleven a cabo\u201d.<br \/>\n<strong>Felipe Fa\u00fandez M<\/strong><br \/>\n<strong>felipefa\u00fandezfreelance<\/strong><\/p>\n","protected":false},"excerpt":{"rendered":"<p>Con un lleno total en el patio central del Centro El Almendral, este lunes se realiz\u00f3 la inauguraci\u00f3n de la Muestra \u2018Pintura y Poes\u00eda\u2019: Premio Nobel de Literatura Chilena Gabriela Mistral, montaje&#8230;<\/p>\n","protected":false},"author":482,"featured_media":62674,"comment_status":"open","ping_status":"open","sticky":false,"template":"","format":"standard","meta":{"advanced_seo_description":"","jetpack_seo_html_title":"","jetpack_seo_noindex":false,"_jetpack_memberships_contains_paid_content":false,"footnotes":""},"categories":[15],"tags":[],"class_list":["post-62673","post","type-post","status-publish","format-standard","has-post-thumbnail","hentry","category-comunidad"],"jetpack_featured_media_url":"https:\/\/i0.wp.com\/eltrabajo.cl\/portal\/wp-content\/uploads\/2015\/10\/Expositores1.jpg?fit=530%2C349&ssl=1","jetpack_sharing_enabled":true,"jetpack_likes_enabled":true,"jetpack-related-posts":[],"_links":{"self":[{"href":"https:\/\/eltrabajo.cl\/portal\/wp-json\/wp\/v2\/posts\/62673","targetHints":{"allow":["GET"]}}],"collection":[{"href":"https:\/\/eltrabajo.cl\/portal\/wp-json\/wp\/v2\/posts"}],"about":[{"href":"https:\/\/eltrabajo.cl\/portal\/wp-json\/wp\/v2\/types\/post"}],"author":[{"embeddable":true,"href":"https:\/\/eltrabajo.cl\/portal\/wp-json\/wp\/v2\/users\/482"}],"replies":[{"embeddable":true,"href":"https:\/\/eltrabajo.cl\/portal\/wp-json\/wp\/v2\/comments?post=62673"}],"version-history":[{"count":0,"href":"https:\/\/eltrabajo.cl\/portal\/wp-json\/wp\/v2\/posts\/62673\/revisions"}],"wp:featuredmedia":[{"embeddable":true,"href":"https:\/\/eltrabajo.cl\/portal\/wp-json\/wp\/v2\/media\/62674"}],"wp:attachment":[{"href":"https:\/\/eltrabajo.cl\/portal\/wp-json\/wp\/v2\/media?parent=62673"}],"wp:term":[{"taxonomy":"category","embeddable":true,"href":"https:\/\/eltrabajo.cl\/portal\/wp-json\/wp\/v2\/categories?post=62673"},{"taxonomy":"post_tag","embeddable":true,"href":"https:\/\/eltrabajo.cl\/portal\/wp-json\/wp\/v2\/tags?post=62673"}],"curies":[{"name":"wp","href":"https:\/\/api.w.org\/{rel}","templated":true}]}}