{"id":62676,"date":"2015-10-07T09:26:57","date_gmt":"2015-10-07T12:26:57","guid":{"rendered":"http:\/\/www.eltrabajo.cl\/portal\/?p=62676"},"modified":"2015-10-07T09:26:57","modified_gmt":"2015-10-07T12:26:57","slug":"alumnos-putaendinos-obtienen-segundo-lugar-en-semana-de-la-ciencia-y-la-tecnologia-2015","status":"publish","type":"post","link":"https:\/\/eltrabajo.cl\/portal\/alumnos-putaendinos-obtienen-segundo-lugar-en-semana-de-la-ciencia-y-la-tecnologia-2015\/","title":{"rendered":"Alumnos putaendinos obtienen segundo lugar en \u2018Semana de la Ciencia y la Tecnolog\u00eda 2015\u2019"},"content":{"rendered":"<figure id=\"attachment_62677\" aria-describedby=\"caption-attachment-62677\" style=\"width: 300px\" class=\"wp-caption alignleft\"><a href=\"https:\/\/i0.wp.com\/www.eltrabajo.cl\/portal\/wp-content\/uploads\/2015\/10\/Semana-de-la-Ciencia-y-la-Tecnolog%C3%ADa-2015.jpg\"><img data-recalc-dims=\"1\" loading=\"lazy\" decoding=\"async\" class=\"wp-image-62677 size-medium\" src=\"https:\/\/i0.wp.com\/www.eltrabajo.cl\/portal\/wp-content\/uploads\/2015\/10\/Semana-de-la-Ciencia-y-la-Tecnolog%C3%ADa-2015-300x198.jpg?resize=300%2C198\" alt=\"Los alumnos de 5\u00b0 y 6\u00b0 b\u00e1sico del Liceo Manuel Mar\u00edn Fritis, Cecilia C\u00e9spedes, Alan Henr\u00edquez, Escarlet Contreras, Nicole Vera y Jairo Cornejo, acompa\u00f1ados de Gianino Livellara del Proyecto Asociativo Explora y Mabel Keller, Coordinadora Regional del Proyecto Asociativo Explora.\" width=\"300\" height=\"198\" srcset=\"https:\/\/i0.wp.com\/eltrabajo.cl\/portal\/wp-content\/uploads\/2015\/10\/Semana-de-la-Ciencia-y-la-Tecnolog%C3%ADa-2015.jpg?resize=300%2C198&amp;ssl=1 300w, https:\/\/i0.wp.com\/eltrabajo.cl\/portal\/wp-content\/uploads\/2015\/10\/Semana-de-la-Ciencia-y-la-Tecnolog%C3%ADa-2015.jpg?resize=200%2C132&amp;ssl=1 200w, https:\/\/i0.wp.com\/eltrabajo.cl\/portal\/wp-content\/uploads\/2015\/10\/Semana-de-la-Ciencia-y-la-Tecnolog%C3%ADa-2015.jpg?resize=227%2C150&amp;ssl=1 227w, https:\/\/i0.wp.com\/eltrabajo.cl\/portal\/wp-content\/uploads\/2015\/10\/Semana-de-la-Ciencia-y-la-Tecnolog%C3%ADa-2015.jpg?resize=400%2C264&amp;ssl=1 400w, https:\/\/i0.wp.com\/eltrabajo.cl\/portal\/wp-content\/uploads\/2015\/10\/Semana-de-la-Ciencia-y-la-Tecnolog%C3%ADa-2015.jpg?w=530&amp;ssl=1 530w\" sizes=\"auto, (max-width: 300px) 100vw, 300px\" \/><\/a><figcaption id=\"caption-attachment-62677\" class=\"wp-caption-text\">Los alumnos de 5\u00b0 y 6\u00b0 b\u00e1sico del Liceo Manuel Mar\u00edn Fritis, Cecilia C\u00e9spedes, Alan Henr\u00edquez, Escarlet Contreras, Nicole Vera y Jairo Cornejo, acompa\u00f1ados de Gianino Livellara del Proyecto Asociativo Explora y Mabel Keller, Coordinadora Regional del Proyecto Asociativo Explora.<\/figcaption><\/figure>\n<p>Con un concurso sobre Ciencia y Tecnolog\u00eda en Valpara\u00edso, el Proyecto Asociativo Regional Explora, coordinado por la Pontificia Universidad Cat\u00f3lica, dio inicio oficial a la XXI Semana Nacional de la Ciencia y la Tecnolog\u00eda (SNCyT). La actividad se desarroll\u00f3 en la Plaza C\u00edvica de Valpara\u00edso.<br \/>\nEn la oportunidad, cerca de 250 alumnos de 5\u00b0 y 6\u00b0 a\u00f1o b\u00e1sico y profesores de diversos establecimientos educacionales de la regi\u00f3n participaron del Concurso Interescolar \u2018Conocer Ilumina\u2019, en el a\u00f1o Internacional de la Luz.<br \/>\nEste concurso, consisti\u00f3 en desarrollar cinco experiencias en el menor tiempo, sobre los temas la Luz: y la Electricidad, y los colores, y la fotos\u00edntesis, y los eclipses, y el l\u00e1ser, dicho juego de conocimiento en forma din\u00e1mica, l\u00fadica y participativa en el cual el comit\u00e9 de cient\u00edficos y cient\u00edficas de la PUCV, USM, UPLA y UV tambi\u00e9n fueron parte, en que su objetivo fue relevar la importancia de como la luz est\u00e1 presente en nuestro diario vivir.<br \/>\nEl equipo de Putaendo estuvo conformado por los alumnos de 5\u00b0 y 6\u00b0 B\u00e1sico del Liceo Manuel Mar\u00edn Fritis, Cecilia C\u00e9spedes, Alan Henr\u00edquez, Escarlet Contreras, Nicole Vera y Jairo Cornejo, acompa\u00f1ados por las Docentes Patricia Navarrete, Tamara Leiva y Roberto Ibacache, a cargo del Coordinador Comunal Educaci\u00f3n Extraescolar y de Explora, Profesor Julio Silva C., y una entusiasta y bulliciosa barra que alentaron a sus compa\u00f1eros.<br \/>\nDurante toda la ma\u00f1ana rein\u00f3 la alegr\u00eda y algarab\u00eda de los ni\u00f1os que con canticos y gritos de las barras avivaban a sus representantes. Una excelente participaci\u00f3n de los alumnos de Putaendo que obtuvieron el 2\u00b0 lugar.<br \/>\n1\u00b0 lugar, Saint Peter\u2019s School de Vi\u00f1a del Mar, tiempo acumulado 464\u201d; 2\u00b0 lugar, Liceo Manuel Mar\u00edn Fritis de Putaendo, tiempo acumulado 501\u201d; 3\u00b0 lugar; Escuelas B\u00e1sica de Nogales, tiempo acumulado 537\u201d; 4\u00b0 lugar, Escuela Gabriela Mistral de La Ligua, tiempo acumulado 600\u201d ; 5\u00b0 lugar, Escuela Gabriela Mistral de Quilpu\u00e9, tiempo acumulado 632\u201d; 6\u00b0 lugar, Escuela de Ni\u00f1as Canad\u00e1 de Quillota, tiempo acumulado 635\u201d.<br \/>\nFinalizada esta actividad alumnos y Profesores recorrieron parte del Gran Valpara\u00edso en los centenarios trolebuses (con suspensores) Patrimonio de la Humanidad, para luego subir al ascensor Artiller\u00eda en la Aduana, para luego dirigirse hasta el Centro Meteorol\u00f3gico de la Armada de Valpara\u00edso en Playa Ancha, donde fueron recibidos por el Cabo \u00c1ngelo Campos, quien junto a los Marineros Primero Marely Gonz\u00e1lez y Ariel Bustos, con quienes recorrieron las dependencias de dicho Centro en la que el Sargento Juan Milla, Sargento Juan Mellado y el Cabo Esteban Salinas, explicaron sobre el trabajo que se realiza, en las comunicaciones, con el estado del tiempo, fotograf\u00eda satelital, comunicaci\u00f3n con barcos en alta mar ante alguna emergencia como lo que sucede con los terremotos y las alertas de Tsunami, fue finalmente \u00c1frica perrita pastor alem\u00e1n quien hizo las suyas con su instructor demostrando sus gracias y habilidades aprendidas.<\/p>\n","protected":false},"excerpt":{"rendered":"<p>Con un concurso sobre Ciencia y Tecnolog\u00eda en Valpara\u00edso, el Proyecto Asociativo Regional Explora, coordinado por la Pontificia Universidad Cat\u00f3lica, dio inicio oficial a la XXI Semana Nacional de la Ciencia y&#8230;<\/p>\n","protected":false},"author":482,"featured_media":62677,"comment_status":"open","ping_status":"open","sticky":false,"template":"","format":"standard","meta":{"advanced_seo_description":"","jetpack_seo_html_title":"","jetpack_seo_noindex":false,"_jetpack_memberships_contains_paid_content":false,"footnotes":""},"categories":[15],"tags":[],"class_list":["post-62676","post","type-post","status-publish","format-standard","has-post-thumbnail","hentry","category-comunidad"],"jetpack_featured_media_url":"https:\/\/i0.wp.com\/eltrabajo.cl\/portal\/wp-content\/uploads\/2015\/10\/Semana-de-la-Ciencia-y-la-Tecnolog%C3%ADa-2015.jpg?fit=530%2C350&ssl=1","jetpack_sharing_enabled":true,"jetpack_likes_enabled":true,"jetpack-related-posts":[],"_links":{"self":[{"href":"https:\/\/eltrabajo.cl\/portal\/wp-json\/wp\/v2\/posts\/62676","targetHints":{"allow":["GET"]}}],"collection":[{"href":"https:\/\/eltrabajo.cl\/portal\/wp-json\/wp\/v2\/posts"}],"about":[{"href":"https:\/\/eltrabajo.cl\/portal\/wp-json\/wp\/v2\/types\/post"}],"author":[{"embeddable":true,"href":"https:\/\/eltrabajo.cl\/portal\/wp-json\/wp\/v2\/users\/482"}],"replies":[{"embeddable":true,"href":"https:\/\/eltrabajo.cl\/portal\/wp-json\/wp\/v2\/comments?post=62676"}],"version-history":[{"count":0,"href":"https:\/\/eltrabajo.cl\/portal\/wp-json\/wp\/v2\/posts\/62676\/revisions"}],"wp:featuredmedia":[{"embeddable":true,"href":"https:\/\/eltrabajo.cl\/portal\/wp-json\/wp\/v2\/media\/62677"}],"wp:attachment":[{"href":"https:\/\/eltrabajo.cl\/portal\/wp-json\/wp\/v2\/media?parent=62676"}],"wp:term":[{"taxonomy":"category","embeddable":true,"href":"https:\/\/eltrabajo.cl\/portal\/wp-json\/wp\/v2\/categories?post=62676"},{"taxonomy":"post_tag","embeddable":true,"href":"https:\/\/eltrabajo.cl\/portal\/wp-json\/wp\/v2\/tags?post=62676"}],"curies":[{"name":"wp","href":"https:\/\/api.w.org\/{rel}","templated":true}]}}