{"id":62679,"date":"2015-10-07T09:29:03","date_gmt":"2015-10-07T12:29:03","guid":{"rendered":"http:\/\/www.eltrabajo.cl\/portal\/?p=62679"},"modified":"2015-10-07T09:29:03","modified_gmt":"2015-10-07T12:29:03","slug":"el-sabado-eligen-nuevos-representantes-del-consejo-de-la-sociedad-civil","status":"publish","type":"post","link":"https:\/\/eltrabajo.cl\/portal\/el-sabado-eligen-nuevos-representantes-del-consejo-de-la-sociedad-civil\/","title":{"rendered":"El s\u00e1bado eligen nuevos representantes del Consejo de la Sociedad Civil"},"content":{"rendered":"<figure id=\"attachment_62680\" aria-describedby=\"caption-attachment-62680\" style=\"width: 300px\" class=\"wp-caption alignleft\"><a href=\"https:\/\/i0.wp.com\/www.eltrabajo.cl\/portal\/wp-content\/uploads\/2015\/10\/ricardo-carrasco.jpg\"><img data-recalc-dims=\"1\" loading=\"lazy\" decoding=\"async\" class=\"wp-image-62680 size-medium\" src=\"https:\/\/i0.wp.com\/www.eltrabajo.cl\/portal\/wp-content\/uploads\/2015\/10\/ricardo-carrasco-300x198.jpg?resize=300%2C198\" alt=\"Ricardo Carrasco, profesional de la Direcci\u00f3n de Desarrollo Comunitario de la Municipalidad de San Felipe.\" width=\"300\" height=\"198\" srcset=\"https:\/\/i0.wp.com\/eltrabajo.cl\/portal\/wp-content\/uploads\/2015\/10\/ricardo-carrasco.jpg?resize=300%2C198&amp;ssl=1 300w, https:\/\/i0.wp.com\/eltrabajo.cl\/portal\/wp-content\/uploads\/2015\/10\/ricardo-carrasco.jpg?resize=200%2C132&amp;ssl=1 200w, https:\/\/i0.wp.com\/eltrabajo.cl\/portal\/wp-content\/uploads\/2015\/10\/ricardo-carrasco.jpg?resize=228%2C150&amp;ssl=1 228w, https:\/\/i0.wp.com\/eltrabajo.cl\/portal\/wp-content\/uploads\/2015\/10\/ricardo-carrasco.jpg?resize=400%2C263&amp;ssl=1 400w, https:\/\/i0.wp.com\/eltrabajo.cl\/portal\/wp-content\/uploads\/2015\/10\/ricardo-carrasco.jpg?w=530&amp;ssl=1 530w\" sizes=\"auto, (max-width: 300px) 100vw, 300px\" \/><\/a><figcaption id=\"caption-attachment-62680\" class=\"wp-caption-text\">Ricardo Carrasco, profesional de la Direcci\u00f3n de Desarrollo Comunitario de la Municipalidad de San Felipe.<\/figcaption><\/figure>\n<ul>\n<li><strong>Organismo que apunta a favorecer la participaci\u00f3n ciudadana, es presidido por el alcalde Patricio Freire, quien formul\u00f3 un llamado a las organizaciones de la comuna, para que se sumen a esta instancia que reemplaza al Cesco, en el marco de la Ley 20.500.<\/strong><\/li>\n<\/ul>\n<p>Un llamado a las organizaciones funcionales, territoriales, asociaciones gremiales, sindicales y de inter\u00e9s p\u00fablico, con personalidad jur\u00eddica y directiva vigente, formul\u00f3 el profesional de la Direcci\u00f3n de Desarrollo Comunitario del municipio sanfelipe\u00f1o, Ricardo Carrasco, para que participen del proceso de elecci\u00f3n del Consejo Comunal de Organizaciones de la Sociedad Civil, Cosoc 2015 \u2013 2019, ex Cesco.<br \/>\nSeg\u00fan explic\u00f3 Carrasco, el Cosoc tiene por objetivo asegurar un mecanismo institucional de participaci\u00f3n de la ciudadan\u00eda en el control de la gesti\u00f3n municipal, por lo que la definici\u00f3n de sus integrantes se realizar\u00e1 mediante la constituci\u00f3n de tres colegios electorales en el municipio, que funcionar\u00e1n en tres bloques horarios, de 9:00 a 11:00 horas para las organizaciones sindicales, gremiales y otras de inter\u00e9s p\u00fablico, de 11:00 a 13:00 horas las organizaciones territoriales y de 13:00 a 15:00 las organizaciones funcionales.<br \/>\nCarrasco precis\u00f3 que en este proceso eleccionario, cada organizaci\u00f3n representa un solo voto, en este caso el presidente de la entidad; y en caso que el candidato sea el representante legal o presidente, solo \u00e9l podr\u00e1 votar, mientras que en caso que acuda a votar otra persona representando a su organizaci\u00f3n, debe acudir con un poder simpe de la directiva que lo avala.<br \/>\nConsultado acerca del rol del Cosoc, se\u00f1al\u00f3 que \u201ces un \u00f3rgano controlador desde la sociedad civil que asegura la participaci\u00f3n ciudadana, esto enmarcado en la ley 20.500, pudiendo pronunciarse sobre la gesti\u00f3n municipal, por lo que tenemos seis consejeros que representan a organizaciones funcionales, seis que representan a las organizaciones territoriales y seis que representan a organizaciones sindicales, sindicales y de inter\u00e9s p\u00fablico, por lo tanto el Cosoc es conformado por un total de 18 consejeros\u201d.<br \/>\nEn ese contexto, Carrasco formul\u00f3 una invitaci\u00f3n a las organizaciones, para que participen de este proceso, el que contempla incluso la inscripci\u00f3n de los candidatos en la misma jornada del d\u00eda s\u00e1bado.<br \/>\nRecalc\u00f3 en este plano la trascendencia de este \u00f3rgano, que si bien no tiene una funci\u00f3n relacionada con la toma de decisiones, s\u00ed tiene la posibilidad de sesionar con su presidente, en este caso el alcalde, al menos cuatro veces en el a\u00f1o, pudiendo pronunciarse en torno a la rendici\u00f3n de la cuenta p\u00fablica de la gesti\u00f3n municipal y solicitar informaci\u00f3n en torno al quehacer edilicio.<\/p>\n","protected":false},"excerpt":{"rendered":"<p>Organismo que apunta a favorecer la participaci\u00f3n ciudadana, es presidido por el alcalde Patricio Freire, quien formul\u00f3 un llamado a las organizaciones de la comuna, para que se sumen a esta instancia&#8230;<\/p>\n","protected":false},"author":482,"featured_media":62680,"comment_status":"open","ping_status":"open","sticky":false,"template":"","format":"standard","meta":{"advanced_seo_description":"","jetpack_seo_html_title":"","jetpack_seo_noindex":false,"_jetpack_memberships_contains_paid_content":false,"footnotes":""},"categories":[15],"tags":[],"class_list":["post-62679","post","type-post","status-publish","format-standard","has-post-thumbnail","hentry","category-comunidad"],"jetpack_featured_media_url":"https:\/\/i0.wp.com\/eltrabajo.cl\/portal\/wp-content\/uploads\/2015\/10\/ricardo-carrasco.jpg?fit=530%2C349&ssl=1","jetpack_sharing_enabled":true,"jetpack_likes_enabled":true,"jetpack-related-posts":[],"_links":{"self":[{"href":"https:\/\/eltrabajo.cl\/portal\/wp-json\/wp\/v2\/posts\/62679","targetHints":{"allow":["GET"]}}],"collection":[{"href":"https:\/\/eltrabajo.cl\/portal\/wp-json\/wp\/v2\/posts"}],"about":[{"href":"https:\/\/eltrabajo.cl\/portal\/wp-json\/wp\/v2\/types\/post"}],"author":[{"embeddable":true,"href":"https:\/\/eltrabajo.cl\/portal\/wp-json\/wp\/v2\/users\/482"}],"replies":[{"embeddable":true,"href":"https:\/\/eltrabajo.cl\/portal\/wp-json\/wp\/v2\/comments?post=62679"}],"version-history":[{"count":0,"href":"https:\/\/eltrabajo.cl\/portal\/wp-json\/wp\/v2\/posts\/62679\/revisions"}],"wp:featuredmedia":[{"embeddable":true,"href":"https:\/\/eltrabajo.cl\/portal\/wp-json\/wp\/v2\/media\/62680"}],"wp:attachment":[{"href":"https:\/\/eltrabajo.cl\/portal\/wp-json\/wp\/v2\/media?parent=62679"}],"wp:term":[{"taxonomy":"category","embeddable":true,"href":"https:\/\/eltrabajo.cl\/portal\/wp-json\/wp\/v2\/categories?post=62679"},{"taxonomy":"post_tag","embeddable":true,"href":"https:\/\/eltrabajo.cl\/portal\/wp-json\/wp\/v2\/tags?post=62679"}],"curies":[{"name":"wp","href":"https:\/\/api.w.org\/{rel}","templated":true}]}}