{"id":62682,"date":"2015-10-07T09:30:38","date_gmt":"2015-10-07T12:30:38","guid":{"rendered":"http:\/\/www.eltrabajo.cl\/portal\/?p=62682"},"modified":"2015-10-07T09:30:38","modified_gmt":"2015-10-07T12:30:38","slug":"municipio-y-sernac-realizaran-hoy-caminata-informativa-sobre-derechos-del-consumidor","status":"publish","type":"post","link":"https:\/\/eltrabajo.cl\/portal\/municipio-y-sernac-realizaran-hoy-caminata-informativa-sobre-derechos-del-consumidor\/","title":{"rendered":"Municipio y Sernac realizar\u00e1n hoy caminata informativa sobre derechos del consumidor"},"content":{"rendered":"<figure id=\"attachment_62683\" aria-describedby=\"caption-attachment-62683\" style=\"width: 300px\" class=\"wp-caption alignleft\"><a href=\"https:\/\/i0.wp.com\/www.eltrabajo.cl\/portal\/wp-content\/uploads\/2015\/10\/Sernac.jpg\"><img data-recalc-dims=\"1\" loading=\"lazy\" decoding=\"async\" class=\"wp-image-62683 size-medium\" src=\"https:\/\/i0.wp.com\/www.eltrabajo.cl\/portal\/wp-content\/uploads\/2015\/10\/Sernac-300x198.jpg?resize=300%2C198\" alt=\"La idea es socializar con los vecinos los derechos que tienen como consumidores. \" width=\"300\" height=\"198\" srcset=\"https:\/\/i0.wp.com\/eltrabajo.cl\/portal\/wp-content\/uploads\/2015\/10\/Sernac.jpg?resize=300%2C198&amp;ssl=1 300w, https:\/\/i0.wp.com\/eltrabajo.cl\/portal\/wp-content\/uploads\/2015\/10\/Sernac.jpg?resize=200%2C132&amp;ssl=1 200w, https:\/\/i0.wp.com\/eltrabajo.cl\/portal\/wp-content\/uploads\/2015\/10\/Sernac.jpg?resize=227%2C150&amp;ssl=1 227w, https:\/\/i0.wp.com\/eltrabajo.cl\/portal\/wp-content\/uploads\/2015\/10\/Sernac.jpg?resize=400%2C264&amp;ssl=1 400w, https:\/\/i0.wp.com\/eltrabajo.cl\/portal\/wp-content\/uploads\/2015\/10\/Sernac.jpg?w=530&amp;ssl=1 530w\" sizes=\"auto, (max-width: 300px) 100vw, 300px\" \/><\/a><figcaption id=\"caption-attachment-62683\" class=\"wp-caption-text\">La idea es socializar con los vecinos los derechos que tienen como consumidores.<\/figcaption><\/figure>\n<p><strong>PANQUEHUE.<\/strong>&#8211; Una campa\u00f1a de socializaci\u00f3n, con el fin de informar a los vecinos del sector La Pirca sobre los derechos del consumidor, realizar\u00e1 la Municipalidad de Panquehue en compa\u00f1\u00eda del Sernac regional.<br \/>\nDe acuerdo a lo informado por Nicole Osorio, funcionara coordinadora comunal del Sernac, la idea es poder dar a conocer a los vecinos, sobre las pol\u00edticas de los derechos del consumidor y c\u00f3mo hacer frente ante determinadas consultas.<br \/>\nAgreg\u00f3 Nicol Osorio que esta actividad est\u00e1 programada para las 11:00 horas de hoy mi\u00e9rcoles 07 de octubre, donde el alcalde de Panquehue, Luis Pradenas, acompa\u00f1ado del Director Regional del Sernac Nicol\u00e1s Corval\u00e1n, aprovechar\u00e1n de conversar con los vecinos, haciendo entrega de informaci\u00f3n sobre sus derechos.<br \/>\nEn la comuna de Panquehue, la oficina del Sernac, suele atender todo tipo de reclamos relacionados a los procesos de vulneraci\u00f3n de derechos de los consumidores. Atiende de lunes a viernes entre las 08:30 a 17:30, a un costado del edificio del departamento de desarrollo comunitario.<br \/>\nEl Servicio Nacional del Consumidor tiene como misi\u00f3n educar, informar y proteger a los consumidores, a trav\u00e9s de las herramientas que entrega la Ley de Protecci\u00f3n de los Derechos del Consumidor.<br \/>\nSi bien el Servicio no tiene facultades legales para fiscalizar ni sancionar, s\u00ed puede mediar en los problemas de consumo entre las empresas y los consumidores, buscando soluciones antes de llegar a la Justicia; denunciar a los Tribunales hechos que afecten el inter\u00e9s general; e informar a la opini\u00f3n p\u00fablica mediante estudios e investigaciones sobre temas de consumo.<br \/>\nEl Sernac cuenta con una red de atenci\u00f3n a nivel nacional que incluye internet, a trav\u00e9s de www.sernac.cl, un Fono Consulta 600 594 6000, y la atenci\u00f3n presencial en las oficinas de Sernac Facilita Municipio.<\/p>\n","protected":false},"excerpt":{"rendered":"<p>PANQUEHUE.&#8211; Una campa\u00f1a de socializaci\u00f3n, con el fin de informar a los vecinos del sector La Pirca sobre los derechos del consumidor, realizar\u00e1 la Municipalidad de Panquehue en compa\u00f1\u00eda del Sernac regional&#8230;.<\/p>\n","protected":false},"author":482,"featured_media":62683,"comment_status":"open","ping_status":"open","sticky":false,"template":"","format":"standard","meta":{"advanced_seo_description":"","jetpack_seo_html_title":"","jetpack_seo_noindex":false,"_jetpack_memberships_contains_paid_content":false,"footnotes":""},"categories":[1],"tags":[],"class_list":["post-62682","post","type-post","status-publish","format-standard","has-post-thumbnail","hentry","category-cronica"],"jetpack_featured_media_url":"https:\/\/i0.wp.com\/eltrabajo.cl\/portal\/wp-content\/uploads\/2015\/10\/Sernac.jpg?fit=530%2C350&ssl=1","jetpack_sharing_enabled":true,"jetpack_likes_enabled":true,"jetpack-related-posts":[],"_links":{"self":[{"href":"https:\/\/eltrabajo.cl\/portal\/wp-json\/wp\/v2\/posts\/62682","targetHints":{"allow":["GET"]}}],"collection":[{"href":"https:\/\/eltrabajo.cl\/portal\/wp-json\/wp\/v2\/posts"}],"about":[{"href":"https:\/\/eltrabajo.cl\/portal\/wp-json\/wp\/v2\/types\/post"}],"author":[{"embeddable":true,"href":"https:\/\/eltrabajo.cl\/portal\/wp-json\/wp\/v2\/users\/482"}],"replies":[{"embeddable":true,"href":"https:\/\/eltrabajo.cl\/portal\/wp-json\/wp\/v2\/comments?post=62682"}],"version-history":[{"count":0,"href":"https:\/\/eltrabajo.cl\/portal\/wp-json\/wp\/v2\/posts\/62682\/revisions"}],"wp:featuredmedia":[{"embeddable":true,"href":"https:\/\/eltrabajo.cl\/portal\/wp-json\/wp\/v2\/media\/62683"}],"wp:attachment":[{"href":"https:\/\/eltrabajo.cl\/portal\/wp-json\/wp\/v2\/media?parent=62682"}],"wp:term":[{"taxonomy":"category","embeddable":true,"href":"https:\/\/eltrabajo.cl\/portal\/wp-json\/wp\/v2\/categories?post=62682"},{"taxonomy":"post_tag","embeddable":true,"href":"https:\/\/eltrabajo.cl\/portal\/wp-json\/wp\/v2\/tags?post=62682"}],"curies":[{"name":"wp","href":"https:\/\/api.w.org\/{rel}","templated":true}]}}