{"id":62685,"date":"2015-10-07T09:37:13","date_gmt":"2015-10-07T12:37:13","guid":{"rendered":"http:\/\/www.eltrabajo.cl\/portal\/?p=62685"},"modified":"2015-10-07T09:37:13","modified_gmt":"2015-10-07T12:37:13","slug":"alcalde-reyes-senala-que-debe-haber-una-ambulancia-samu-de-alta-complejidad-en-cada-comuna","status":"publish","type":"post","link":"https:\/\/eltrabajo.cl\/portal\/alcalde-reyes-senala-que-debe-haber-una-ambulancia-samu-de-alta-complejidad-en-cada-comuna\/","title":{"rendered":"Alcalde Reyes se\u00f1ala que debe haber una ambulancia Samu de alta complejidad en cada comuna"},"content":{"rendered":"<figure id=\"attachment_62687\" aria-describedby=\"caption-attachment-62687\" style=\"width: 300px\" class=\"wp-caption alignleft\"><a href=\"https:\/\/i0.wp.com\/www.eltrabajo.cl\/portal\/wp-content\/uploads\/2015\/10\/Alcalde-Guillermo-Reyes.jpg\"><img data-recalc-dims=\"1\" loading=\"lazy\" decoding=\"async\" class=\"wp-image-62687 size-medium\" src=\"https:\/\/i0.wp.com\/www.eltrabajo.cl\/portal\/wp-content\/uploads\/2015\/10\/Alcalde-Guillermo-Reyes-300x197.jpg?resize=300%2C197\" alt=\"Guillermo Reyes, alcalde de Putaendo.\" width=\"300\" height=\"197\" srcset=\"https:\/\/i0.wp.com\/eltrabajo.cl\/portal\/wp-content\/uploads\/2015\/10\/Alcalde-Guillermo-Reyes.jpg?resize=300%2C197&amp;ssl=1 300w, https:\/\/i0.wp.com\/eltrabajo.cl\/portal\/wp-content\/uploads\/2015\/10\/Alcalde-Guillermo-Reyes.jpg?resize=200%2C131&amp;ssl=1 200w, https:\/\/i0.wp.com\/eltrabajo.cl\/portal\/wp-content\/uploads\/2015\/10\/Alcalde-Guillermo-Reyes.jpg?resize=228%2C150&amp;ssl=1 228w, https:\/\/i0.wp.com\/eltrabajo.cl\/portal\/wp-content\/uploads\/2015\/10\/Alcalde-Guillermo-Reyes.jpg?resize=400%2C263&amp;ssl=1 400w, https:\/\/i0.wp.com\/eltrabajo.cl\/portal\/wp-content\/uploads\/2015\/10\/Alcalde-Guillermo-Reyes.jpg?w=530&amp;ssl=1 530w\" sizes=\"auto, (max-width: 300px) 100vw, 300px\" \/><\/a><figcaption id=\"caption-attachment-62687\" class=\"wp-caption-text\">Guillermo Reyes, alcalde de Putaendo.<\/figcaption><\/figure>\n<ul>\n<li><strong>Luego del lamentable accidente que dej\u00f3 como saldo la muerte de una menor de 3 a\u00f1os en la ruta E-41, el edil de Putaendo realiz\u00f3 un enf\u00e1tico llamado a mejorar el actual Sistema de Atenci\u00f3n M\u00e9dica M\u00f3vil de Urgencia (Samu).<\/strong><\/li>\n<\/ul>\n<p><strong>PUTAENDO.<\/strong>&#8211; Para nadie fue indiferente el lamentable fallecimiento de una menor de tres a\u00f1os a causa de un nuevo accidente vehicular en la ruta E-41. Triste hecho que viene a engrosar la cifra de accidentes y fallecidos en rutas putaendinas. Estad\u00edsticamente, en los \u00faltimos a\u00f1os ha aumentado exponencialmente el n\u00famero de incidentes en las carreteras que unen Putaendo con San Felipe (E-71) y Cabildo con Putaendo (E-41).<br \/>\n\u201cPrimero que todo quiero enviar mis sentidas condolencias a la familia afectada por este tr\u00e1gico accidente\u201d, comenz\u00f3 su relato el alcalde de Putaendo Guillermo Reyes, quien prosigui\u00f3 indicando que le solicit\u00f3 a la directora provincial de Vialidad incrementar el n\u00famero de se\u00f1al\u00e9ticas en ambas rutas, advirtiendo los riesgos y dificultades de estas carreteras.<br \/>\n\u201cTambi\u00e9n le solicitamos a Vialidad reevaluar las velocidades m\u00e1ximas permitidas. Estamos teniendo reiterados accidentes en estos caminos y, adem\u00e1s, se est\u00e1 concentrando un n\u00famero significativo de infracciones por exceso de velocidad\u201d, evidenci\u00f3 el alcalde, buscando disminuir estas cifras.<br \/>\nUn problema calificado como grave por el edil de Putaendo, que claramente se agudiza cuando el sistema base del Samu, en oportunidades, no es capaz de responder a todas las demandas que existen en las diez comunas del Valle de Aconcagua. Cabe consignar que solo existen 4 bases Samu en el valle; Los Andes, San Felipe, Putaendo y Llay-Llay.<br \/>\n\u201cM\u00e1s all\u00e1 del significativo esfuerzo que realizan los trabajadores calificados del Samu, el considerable aumento del parque vehicular en todo el valle y la alta cifra de accidentes, nos obliga a trabajar en conjunto como aconcag\u00fcinos para incrementar el n\u00famero de veh\u00edculos de emergencia. Aconcagua debe luchar para que haya una ambulancia Samu de alta complejidad en cada una de sus diez comunas\u201d, demand\u00f3 el alcalde de Putaendo.<br \/>\nPara el jefe comunal \u00e9sta meta no es tan compleja de concretar. \u201cDebemos buscar recursos en el Gobierno Regional o en el propio Ministerio. Las estad\u00edsticas de accidentes automovil\u00edsticos y fallecidos claramente justifican esta inversi\u00f3n\u201d, argument\u00f3 el edil.<br \/>\nUna lamentable situaci\u00f3n que la m\u00e1xima autoridad de Putaendo espera no se vuelva a repetir. \u201cTenemos que proteger a nuestros ciudadanos y tambi\u00e9n a los funcionarios del Samu, ellos hacen su trabajo con entusiasmo, compromiso y profesionalismo, pero igualmente arriesgan su vida al tener que recorrer largas distancias a alta velocidad\u201d, reflexion\u00f3 el alcalde Reyes, quien para culminar inst\u00f3 a disponer los recursos necesarios para que esta problem\u00e1tica se resuelva en el m\u00e1s breve plazo.<\/p>\n","protected":false},"excerpt":{"rendered":"<p>Luego del lamentable accidente que dej\u00f3 como saldo la muerte de una menor de 3 a\u00f1os en la ruta E-41, el edil de Putaendo realiz\u00f3 un enf\u00e1tico llamado a mejorar el actual&#8230;<\/p>\n","protected":false},"author":482,"featured_media":62687,"comment_status":"open","ping_status":"open","sticky":false,"template":"","format":"standard","meta":{"advanced_seo_description":"","jetpack_seo_html_title":"","jetpack_seo_noindex":false,"_jetpack_memberships_contains_paid_content":false,"footnotes":""},"categories":[1],"tags":[],"class_list":["post-62685","post","type-post","status-publish","format-standard","has-post-thumbnail","hentry","category-cronica"],"jetpack_featured_media_url":"https:\/\/i0.wp.com\/eltrabajo.cl\/portal\/wp-content\/uploads\/2015\/10\/Alcalde-Guillermo-Reyes.jpg?fit=530%2C348&ssl=1","jetpack_sharing_enabled":true,"jetpack_likes_enabled":true,"jetpack-related-posts":[],"_links":{"self":[{"href":"https:\/\/eltrabajo.cl\/portal\/wp-json\/wp\/v2\/posts\/62685","targetHints":{"allow":["GET"]}}],"collection":[{"href":"https:\/\/eltrabajo.cl\/portal\/wp-json\/wp\/v2\/posts"}],"about":[{"href":"https:\/\/eltrabajo.cl\/portal\/wp-json\/wp\/v2\/types\/post"}],"author":[{"embeddable":true,"href":"https:\/\/eltrabajo.cl\/portal\/wp-json\/wp\/v2\/users\/482"}],"replies":[{"embeddable":true,"href":"https:\/\/eltrabajo.cl\/portal\/wp-json\/wp\/v2\/comments?post=62685"}],"version-history":[{"count":0,"href":"https:\/\/eltrabajo.cl\/portal\/wp-json\/wp\/v2\/posts\/62685\/revisions"}],"wp:featuredmedia":[{"embeddable":true,"href":"https:\/\/eltrabajo.cl\/portal\/wp-json\/wp\/v2\/media\/62687"}],"wp:attachment":[{"href":"https:\/\/eltrabajo.cl\/portal\/wp-json\/wp\/v2\/media?parent=62685"}],"wp:term":[{"taxonomy":"category","embeddable":true,"href":"https:\/\/eltrabajo.cl\/portal\/wp-json\/wp\/v2\/categories?post=62685"},{"taxonomy":"post_tag","embeddable":true,"href":"https:\/\/eltrabajo.cl\/portal\/wp-json\/wp\/v2\/tags?post=62685"}],"curies":[{"name":"wp","href":"https:\/\/api.w.org\/{rel}","templated":true}]}}