{"id":62689,"date":"2015-10-07T09:38:44","date_gmt":"2015-10-07T12:38:44","guid":{"rendered":"http:\/\/www.eltrabajo.cl\/portal\/?p=62689"},"modified":"2015-10-07T09:38:44","modified_gmt":"2015-10-07T12:38:44","slug":"un-centenar-de-alumnos-participaron-de-jornada-recreativo-cultural-de-la-junaeb","status":"publish","type":"post","link":"https:\/\/eltrabajo.cl\/portal\/un-centenar-de-alumnos-participaron-de-jornada-recreativo-cultural-de-la-junaeb\/","title":{"rendered":"Un centenar de alumnos participaron de jornada recreativo cultural de la Junaeb"},"content":{"rendered":"<figure id=\"attachment_62690\" aria-describedby=\"caption-attachment-62690\" style=\"width: 300px\" class=\"wp-caption alignleft\"><a href=\"https:\/\/i0.wp.com\/www.eltrabajo.cl\/portal\/wp-content\/uploads\/2015\/10\/Jornada-recreativo-culturales-Panquehue-1.jpg\"><img data-recalc-dims=\"1\" loading=\"lazy\" decoding=\"async\" class=\"wp-image-62690 size-medium\" src=\"https:\/\/i0.wp.com\/www.eltrabajo.cl\/portal\/wp-content\/uploads\/2015\/10\/Jornada-recreativo-culturales-Panquehue-1-300x199.jpg?resize=300%2C199\" alt=\"Los estudiantes pudieron disfrutar de una obra de teatro, en el marco de las actividades recreativas y culturales organizadas por la Junaeb.\" width=\"300\" height=\"199\" srcset=\"https:\/\/i0.wp.com\/eltrabajo.cl\/portal\/wp-content\/uploads\/2015\/10\/Jornada-recreativo-culturales-Panquehue-1.jpg?resize=300%2C199&amp;ssl=1 300w, https:\/\/i0.wp.com\/eltrabajo.cl\/portal\/wp-content\/uploads\/2015\/10\/Jornada-recreativo-culturales-Panquehue-1.jpg?resize=200%2C133&amp;ssl=1 200w, https:\/\/i0.wp.com\/eltrabajo.cl\/portal\/wp-content\/uploads\/2015\/10\/Jornada-recreativo-culturales-Panquehue-1.jpg?resize=226%2C150&amp;ssl=1 226w, https:\/\/i0.wp.com\/eltrabajo.cl\/portal\/wp-content\/uploads\/2015\/10\/Jornada-recreativo-culturales-Panquehue-1.jpg?resize=400%2C265&amp;ssl=1 400w, https:\/\/i0.wp.com\/eltrabajo.cl\/portal\/wp-content\/uploads\/2015\/10\/Jornada-recreativo-culturales-Panquehue-1.jpg?w=528&amp;ssl=1 528w\" sizes=\"auto, (max-width: 300px) 100vw, 300px\" \/><\/a><figcaption id=\"caption-attachment-62690\" class=\"wp-caption-text\">Los estudiantes pudieron disfrutar de una obra de teatro, en el marco de las actividades recreativas y culturales organizadas por la Junaeb.<\/figcaption><\/figure>\n<ul>\n<li><strong>En la sala cultural de la comuna, los estudiantes participaron de esta actividad junto al alcalde Pradenas y autoridades provinciales.<\/strong><\/li>\n<\/ul>\n<p><strong>PANQUEHUE<\/strong>.- M\u00e1s de un centenar de alumnos de las escuelas de la comuna de Panquehue, participaron del programa de actividades recreativo culturales, realizado por la Junaeb.<br \/>\nJunto al alcalde Luis Pradenas, el director Regional de Junaeb, Marcelo G\u00f3ngora y el gobernador Eduardo Le\u00f3n, participaron de la presentaci\u00f3n de una obra de teatro infantil, que fue del gusto de la audiencia.<br \/>\nPara el director Regional de Junaeb, el objetivo del programa ha sido favorecer el acceso a actividades recreativas culturales a estudiantes de los establecimientos focalizados con el fin de reforzar el desarrollo educacional cultural y social. Agreg\u00f3 que mediante estas actividades se busca reforzar el programa educativo institucional de las escuelas a trav\u00e9s de la recreaci\u00f3n y el acceso a la cultura, lo que favorece el aprendizaje de los estudiantes.<br \/>\n\u201cEl programa de actividades recreativo culturales busca incentivar en los estudiantes la recreaci\u00f3n como parte importante del desarrollo integral, cumpliendo con lo estipulado en la carta fundamental de los derechos de ni\u00f1os y ni\u00f1as\u201d.<br \/>\nAgreg\u00f3 el personero que este programa considera para este a\u00f1o una inversi\u00f3n del orden de los 14 millones 199 mil 400 pesos, lo que permitir\u00e1 una participaci\u00f3n de 1.858 estudiantes de toda la regi\u00f3n.<br \/>\nA\u00f1adi\u00f3 finalmente que en la provincia de San Felipe este programa de la Junaeb se ejecuta en las comunas de Putaendo y Panquehue, lo que ha permitido que los alumnos puedan disfrutar de una obra de teatro y de talleres recreativos.<br \/>\nEn tanto el alcalde Luis Pradenas junto con destacar este programa de parte de la Junaeb, manifest\u00f3 que la comunidad educativa de Panquehue, tuvo una activa participaci\u00f3n, lo que deja de manifiesto el inter\u00e9s que existe de los menores de la comuna, en acceder a cada uno de los programas extracurriculares.<\/p>\n","protected":false},"excerpt":{"rendered":"<p>En la sala cultural de la comuna, los estudiantes participaron de esta actividad junto al alcalde Pradenas y autoridades provinciales. PANQUEHUE.- M\u00e1s de un centenar de alumnos de las escuelas de la&#8230;<\/p>\n","protected":false},"author":482,"featured_media":62690,"comment_status":"open","ping_status":"open","sticky":false,"template":"","format":"standard","meta":{"advanced_seo_description":"","jetpack_seo_html_title":"","jetpack_seo_noindex":false,"_jetpack_memberships_contains_paid_content":false,"footnotes":""},"categories":[1],"tags":[],"class_list":["post-62689","post","type-post","status-publish","format-standard","has-post-thumbnail","hentry","category-cronica"],"jetpack_featured_media_url":"https:\/\/i0.wp.com\/eltrabajo.cl\/portal\/wp-content\/uploads\/2015\/10\/Jornada-recreativo-culturales-Panquehue-1.jpg?fit=528%2C350&ssl=1","jetpack_sharing_enabled":true,"jetpack_likes_enabled":true,"jetpack-related-posts":[],"_links":{"self":[{"href":"https:\/\/eltrabajo.cl\/portal\/wp-json\/wp\/v2\/posts\/62689","targetHints":{"allow":["GET"]}}],"collection":[{"href":"https:\/\/eltrabajo.cl\/portal\/wp-json\/wp\/v2\/posts"}],"about":[{"href":"https:\/\/eltrabajo.cl\/portal\/wp-json\/wp\/v2\/types\/post"}],"author":[{"embeddable":true,"href":"https:\/\/eltrabajo.cl\/portal\/wp-json\/wp\/v2\/users\/482"}],"replies":[{"embeddable":true,"href":"https:\/\/eltrabajo.cl\/portal\/wp-json\/wp\/v2\/comments?post=62689"}],"version-history":[{"count":0,"href":"https:\/\/eltrabajo.cl\/portal\/wp-json\/wp\/v2\/posts\/62689\/revisions"}],"wp:featuredmedia":[{"embeddable":true,"href":"https:\/\/eltrabajo.cl\/portal\/wp-json\/wp\/v2\/media\/62690"}],"wp:attachment":[{"href":"https:\/\/eltrabajo.cl\/portal\/wp-json\/wp\/v2\/media?parent=62689"}],"wp:term":[{"taxonomy":"category","embeddable":true,"href":"https:\/\/eltrabajo.cl\/portal\/wp-json\/wp\/v2\/categories?post=62689"},{"taxonomy":"post_tag","embeddable":true,"href":"https:\/\/eltrabajo.cl\/portal\/wp-json\/wp\/v2\/tags?post=62689"}],"curies":[{"name":"wp","href":"https:\/\/api.w.org\/{rel}","templated":true}]}}