{"id":62692,"date":"2015-10-07T09:40:21","date_gmt":"2015-10-07T12:40:21","guid":{"rendered":"http:\/\/www.eltrabajo.cl\/portal\/?p=62692"},"modified":"2015-10-07T09:40:21","modified_gmt":"2015-10-07T12:40:21","slug":"con-diversas-actividades-dan-comienzo-al-mes-de-la-familia-en-catemu","status":"publish","type":"post","link":"https:\/\/eltrabajo.cl\/portal\/con-diversas-actividades-dan-comienzo-al-mes-de-la-familia-en-catemu\/","title":{"rendered":"Con diversas actividades dan comienzo al Mes de la Familia en Catemu"},"content":{"rendered":"<figure id=\"attachment_62693\" aria-describedby=\"caption-attachment-62693\" style=\"width: 300px\" class=\"wp-caption alignleft\"><a href=\"https:\/\/i0.wp.com\/www.eltrabajo.cl\/portal\/wp-content\/uploads\/2015\/10\/Mes-de-la-familia-2.jpg\"><img data-recalc-dims=\"1\" loading=\"lazy\" decoding=\"async\" class=\"wp-image-62693 size-medium\" src=\"https:\/\/i0.wp.com\/www.eltrabajo.cl\/portal\/wp-content\/uploads\/2015\/10\/Mes-de-la-familia-2-300x198.jpg?resize=300%2C198\" alt=\"En el inicio del mes de la familia hubo entretenidas clases de zumba que hizo participar tanto a alumnos como apoderados. \" width=\"300\" height=\"198\" srcset=\"https:\/\/i0.wp.com\/eltrabajo.cl\/portal\/wp-content\/uploads\/2015\/10\/Mes-de-la-familia-2.jpg?resize=300%2C198&amp;ssl=1 300w, https:\/\/i0.wp.com\/eltrabajo.cl\/portal\/wp-content\/uploads\/2015\/10\/Mes-de-la-familia-2.jpg?resize=200%2C132&amp;ssl=1 200w, https:\/\/i0.wp.com\/eltrabajo.cl\/portal\/wp-content\/uploads\/2015\/10\/Mes-de-la-familia-2.jpg?resize=227%2C150&amp;ssl=1 227w, https:\/\/i0.wp.com\/eltrabajo.cl\/portal\/wp-content\/uploads\/2015\/10\/Mes-de-la-familia-2.jpg?resize=400%2C264&amp;ssl=1 400w, https:\/\/i0.wp.com\/eltrabajo.cl\/portal\/wp-content\/uploads\/2015\/10\/Mes-de-la-familia-2.jpg?w=530&amp;ssl=1 530w\" sizes=\"auto, (max-width: 300px) 100vw, 300px\" \/><\/a><figcaption id=\"caption-attachment-62693\" class=\"wp-caption-text\">En el inicio del mes de la familia hubo entretenidas clases de zumba que hizo participar tanto a alumnos como apoderados.<\/figcaption><\/figure>\n<p><strong>CATEMU<\/strong>.- Con una gran concurrencia de ni\u00f1os y apoderados, se dio comienzo al Mes de la Familia correspondiente al a\u00f1o 2015.<br \/>\nPara este a\u00f1o el inicio del mes de la familia estuvo concentrado en el estadio municipal donde una gran cantidad de ni\u00f1os y apoderadas participaron de una ma\u00f1ana de recreaci\u00f3n y competencias que llen\u00f3 el principal campo deportivo de alegr\u00eda y mucha entretenci\u00f3n.<br \/>\nPara esta ocasi\u00f3n se cont\u00f3 con juegos inflables, camas el\u00e1sticas, toros mec\u00e1nicos, funci\u00f3n de t\u00edteres, futbolito, yincana, competencias de construcci\u00f3n de esculturas alusivas a la celebraci\u00f3n, paredes de escalamientos y bailes de zumba.<br \/>\nLos participantes se mostraron muy contentos por la variedad de entretenimientos que hizo que la jornada transcurriera en forma muy amena.<br \/>\nA esta actividad se dieron cita alumnos, profesores de los 8 establecimientos educacionales, personal de los jardines infantiles que administra la municipalidad a trav\u00e9s del departamento de educaci\u00f3n municipal en un n\u00famero superior a las mil personas que disfrutaron de linda ma\u00f1ana de entretenci\u00f3n.<br \/>\nEsta celebraci\u00f3n que se realiza por 5\u00b0 a\u00f1o consecutivo contempla adem\u00e1s el festival de la voz, tugar tugar, desfile de modas, presentaci\u00f3n de candidatas a reina y desfile de carros aleg\u00f3ricos, cuyo objetivo es acercar m\u00e1s al apoderado a los establecimientos y comprometerlos con el desarrollo educacional de los ni\u00f1os de colegios y jardines infantiles.<\/p>\n","protected":false},"excerpt":{"rendered":"<p>CATEMU.- Con una gran concurrencia de ni\u00f1os y apoderados, se dio comienzo al Mes de la Familia correspondiente al a\u00f1o 2015. Para este a\u00f1o el inicio del mes de la familia estuvo&#8230;<\/p>\n","protected":false},"author":482,"featured_media":62693,"comment_status":"open","ping_status":"open","sticky":false,"template":"","format":"standard","meta":{"advanced_seo_description":"","jetpack_seo_html_title":"","jetpack_seo_noindex":false,"_jetpack_memberships_contains_paid_content":false,"footnotes":""},"categories":[1],"tags":[],"class_list":["post-62692","post","type-post","status-publish","format-standard","has-post-thumbnail","hentry","category-cronica"],"jetpack_featured_media_url":"https:\/\/i0.wp.com\/eltrabajo.cl\/portal\/wp-content\/uploads\/2015\/10\/Mes-de-la-familia-2.jpg?fit=530%2C350&ssl=1","jetpack_sharing_enabled":true,"jetpack_likes_enabled":true,"jetpack-related-posts":[],"_links":{"self":[{"href":"https:\/\/eltrabajo.cl\/portal\/wp-json\/wp\/v2\/posts\/62692","targetHints":{"allow":["GET"]}}],"collection":[{"href":"https:\/\/eltrabajo.cl\/portal\/wp-json\/wp\/v2\/posts"}],"about":[{"href":"https:\/\/eltrabajo.cl\/portal\/wp-json\/wp\/v2\/types\/post"}],"author":[{"embeddable":true,"href":"https:\/\/eltrabajo.cl\/portal\/wp-json\/wp\/v2\/users\/482"}],"replies":[{"embeddable":true,"href":"https:\/\/eltrabajo.cl\/portal\/wp-json\/wp\/v2\/comments?post=62692"}],"version-history":[{"count":0,"href":"https:\/\/eltrabajo.cl\/portal\/wp-json\/wp\/v2\/posts\/62692\/revisions"}],"wp:featuredmedia":[{"embeddable":true,"href":"https:\/\/eltrabajo.cl\/portal\/wp-json\/wp\/v2\/media\/62693"}],"wp:attachment":[{"href":"https:\/\/eltrabajo.cl\/portal\/wp-json\/wp\/v2\/media?parent=62692"}],"wp:term":[{"taxonomy":"category","embeddable":true,"href":"https:\/\/eltrabajo.cl\/portal\/wp-json\/wp\/v2\/categories?post=62692"},{"taxonomy":"post_tag","embeddable":true,"href":"https:\/\/eltrabajo.cl\/portal\/wp-json\/wp\/v2\/tags?post=62692"}],"curies":[{"name":"wp","href":"https:\/\/api.w.org\/{rel}","templated":true}]}}