{"id":62698,"date":"2015-10-07T09:44:52","date_gmt":"2015-10-07T12:44:52","guid":{"rendered":"http:\/\/www.eltrabajo.cl\/portal\/?p=62698"},"modified":"2015-10-07T09:44:52","modified_gmt":"2015-10-07T12:44:52","slug":"proyecto-parque-borde-estero-cambio-totalmente-fisonomia-al-sector","status":"publish","type":"post","link":"https:\/\/eltrabajo.cl\/portal\/proyecto-parque-borde-estero-cambio-totalmente-fisonomia-al-sector\/","title":{"rendered":"Proyecto parque borde estero cambi\u00f3 totalmente fisonom\u00eda al sector"},"content":{"rendered":"<figure id=\"attachment_62699\" aria-describedby=\"caption-attachment-62699\" style=\"width: 300px\" class=\"wp-caption alignleft\"><a href=\"https:\/\/i0.wp.com\/www.eltrabajo.cl\/portal\/wp-content\/uploads\/2015\/10\/parque-estero-quilpue-2.jpg\"><img data-recalc-dims=\"1\" loading=\"lazy\" decoding=\"async\" class=\"wp-image-62699 size-medium\" src=\"https:\/\/i0.wp.com\/www.eltrabajo.cl\/portal\/wp-content\/uploads\/2015\/10\/parque-estero-quilpue-2-300x198.jpg?resize=300%2C198\" alt=\"El parque en el borde estero Quilpu\u00e9 ya cuenta con luminaria de \u00faltima generaci\u00f3n, sombreadero y \u00e1reas verdes.\" width=\"300\" height=\"198\" srcset=\"https:\/\/i0.wp.com\/eltrabajo.cl\/portal\/wp-content\/uploads\/2015\/10\/parque-estero-quilpue-2.jpg?resize=300%2C198&amp;ssl=1 300w, https:\/\/i0.wp.com\/eltrabajo.cl\/portal\/wp-content\/uploads\/2015\/10\/parque-estero-quilpue-2.jpg?resize=200%2C132&amp;ssl=1 200w, https:\/\/i0.wp.com\/eltrabajo.cl\/portal\/wp-content\/uploads\/2015\/10\/parque-estero-quilpue-2.jpg?resize=228%2C150&amp;ssl=1 228w, https:\/\/i0.wp.com\/eltrabajo.cl\/portal\/wp-content\/uploads\/2015\/10\/parque-estero-quilpue-2.jpg?resize=400%2C263&amp;ssl=1 400w, https:\/\/i0.wp.com\/eltrabajo.cl\/portal\/wp-content\/uploads\/2015\/10\/parque-estero-quilpue-2.jpg?w=530&amp;ssl=1 530w\" sizes=\"auto, (max-width: 300px) 100vw, 300px\" \/><\/a><figcaption id=\"caption-attachment-62699\" class=\"wp-caption-text\">El parque en el borde estero Quilpu\u00e9 ya cuenta con luminaria de \u00faltima generaci\u00f3n, sombreadero y \u00e1reas verdes.<\/figcaption><\/figure>\n<p>En los detalles finales se encuentra la segunda etapa del proyecto de parque que se ubica en el borde del estero Quilpu\u00e9 en la comuna de San Felipe, que signific\u00f3 una inversi\u00f3n de 265 millones de pesos y que cuenta con senderos, iluminaci\u00f3n de \u00faltima generaci\u00f3n, sombreadero, mobiliario y \u00e1reas verdes.<br \/>\nPara ver el avance de la iniciativa, este martes se traslad\u00f3 hasta el sector el alcalde Patricio Freire acompa\u00f1ado de Claudio Paredes, Secretario de Planificaci\u00f3n y del concejal Dante Rodr\u00edguez, quienes hicieron un recorrido, constatando el profundo cambio del lugar, que hasta hace alg\u00fan tiempo era utilizado como basural, mejorando de esta forma la calidad de vida de los vecinos que viven en los alrededores.<\/p>\n<figure id=\"attachment_62700\" aria-describedby=\"caption-attachment-62700\" style=\"width: 300px\" class=\"wp-caption alignright\"><a href=\"https:\/\/i0.wp.com\/www.eltrabajo.cl\/portal\/wp-content\/uploads\/2015\/10\/parque-estero-quilpue-3.jpg\"><img data-recalc-dims=\"1\" loading=\"lazy\" decoding=\"async\" class=\"wp-image-62700 size-medium\" src=\"https:\/\/i0.wp.com\/www.eltrabajo.cl\/portal\/wp-content\/uploads\/2015\/10\/parque-estero-quilpue-3-300x198.jpg?resize=300%2C198\" alt=\"Autoridades encabezadas por el Alcalde Patricio Freire recorrieron el sector para apreciar el cambio que ha experimentado todo el lugar.\" width=\"300\" height=\"198\" srcset=\"https:\/\/i0.wp.com\/eltrabajo.cl\/portal\/wp-content\/uploads\/2015\/10\/parque-estero-quilpue-3.jpg?resize=300%2C198&amp;ssl=1 300w, https:\/\/i0.wp.com\/eltrabajo.cl\/portal\/wp-content\/uploads\/2015\/10\/parque-estero-quilpue-3.jpg?resize=200%2C132&amp;ssl=1 200w, https:\/\/i0.wp.com\/eltrabajo.cl\/portal\/wp-content\/uploads\/2015\/10\/parque-estero-quilpue-3.jpg?resize=227%2C150&amp;ssl=1 227w, https:\/\/i0.wp.com\/eltrabajo.cl\/portal\/wp-content\/uploads\/2015\/10\/parque-estero-quilpue-3.jpg?resize=400%2C264&amp;ssl=1 400w, https:\/\/i0.wp.com\/eltrabajo.cl\/portal\/wp-content\/uploads\/2015\/10\/parque-estero-quilpue-3.jpg?w=530&amp;ssl=1 530w\" sizes=\"auto, (max-width: 300px) 100vw, 300px\" \/><\/a><figcaption id=\"caption-attachment-62700\" class=\"wp-caption-text\">Autoridades encabezadas por el Alcalde Patricio Freire recorrieron el sector para apreciar el cambio que ha experimentado todo el lugar.<\/figcaption><\/figure>\n<p>\u201cEstamos muy contentos de ver esta obra en marcha. Este parque fue un compromiso de la Presidenta Michelle Bachelet y hoy es una realidad, es un lugar precioso para la familia sanfelipe\u00f1a y por ello los invitamos a que vengan a disfrutar de este espacio que es para todos los vecinos. Estamos mejorando los espacios p\u00fablicos de nuestra comuna, mejorando la iluminaci\u00f3n y el equipamiento, porque queremos que los vecinos los vuelvan a utilizar y disfrutar\u201d, se\u00f1al\u00f3 el alcalde Patricio Freire.<br \/>\nEl sendero l\u00fadico del parque borde estero es un proyecto financiado por el ministerio de Vivienda, fue licitado por la Municipalidad de San Felipe por 265 millones de pesos, se encuentra todav\u00eda en etapa de ejecuci\u00f3n y en su construcci\u00f3n contempl\u00f3 la intervenci\u00f3n de tres mil 300 metros cuadrados en lo que constituye la segunda etapa de la iniciativa, que se ubica en la villa Las Acacias.<br \/>\n\u201cEsto ha sido parte de la administraci\u00f3n del alcalde Freire, desarrollar los proyectos en etapas, para que la comunidad vea c\u00f3mo se van desarrollando y como van quedando las obras. En este caso se parti\u00f3 en Las Acacias, pero la tercera etapa que se encuentra en dise\u00f1o, va a corresponder al sector oriente, de manera que el parque estero va a llegar hasta la cabecera del aer\u00f3dromo y la ciudad va a contar con un \u00e1rea verde muy importante para los vecinos\u201d, manifest\u00f3 el Secretario de Planificaci\u00f3n.<br \/>\nLa tercera etapa del proyecto, seg\u00fan se\u00f1al\u00f3 el Secpla, se encuentra en proceso de dise\u00f1o, lo que tendr\u00eda fecha de t\u00e9rmino en el mes de abril del pr\u00f3ximo a\u00f1o, para luego realizar la licitaci\u00f3n.<\/p>\n","protected":false},"excerpt":{"rendered":"<p>En los detalles finales se encuentra la segunda etapa del proyecto de parque que se ubica en el borde del estero Quilpu\u00e9 en la comuna de San Felipe, que signific\u00f3 una inversi\u00f3n&#8230;<\/p>\n","protected":false},"author":482,"featured_media":62699,"comment_status":"open","ping_status":"open","sticky":false,"template":"","format":"standard","meta":{"advanced_seo_description":"","jetpack_seo_html_title":"","jetpack_seo_noindex":false,"_jetpack_memberships_contains_paid_content":false,"footnotes":""},"categories":[1],"tags":[],"class_list":["post-62698","post","type-post","status-publish","format-standard","has-post-thumbnail","hentry","category-cronica"],"jetpack_featured_media_url":"https:\/\/i0.wp.com\/eltrabajo.cl\/portal\/wp-content\/uploads\/2015\/10\/parque-estero-quilpue-2.jpg?fit=530%2C349&ssl=1","jetpack_sharing_enabled":true,"jetpack_likes_enabled":true,"jetpack-related-posts":[],"_links":{"self":[{"href":"https:\/\/eltrabajo.cl\/portal\/wp-json\/wp\/v2\/posts\/62698","targetHints":{"allow":["GET"]}}],"collection":[{"href":"https:\/\/eltrabajo.cl\/portal\/wp-json\/wp\/v2\/posts"}],"about":[{"href":"https:\/\/eltrabajo.cl\/portal\/wp-json\/wp\/v2\/types\/post"}],"author":[{"embeddable":true,"href":"https:\/\/eltrabajo.cl\/portal\/wp-json\/wp\/v2\/users\/482"}],"replies":[{"embeddable":true,"href":"https:\/\/eltrabajo.cl\/portal\/wp-json\/wp\/v2\/comments?post=62698"}],"version-history":[{"count":0,"href":"https:\/\/eltrabajo.cl\/portal\/wp-json\/wp\/v2\/posts\/62698\/revisions"}],"wp:featuredmedia":[{"embeddable":true,"href":"https:\/\/eltrabajo.cl\/portal\/wp-json\/wp\/v2\/media\/62699"}],"wp:attachment":[{"href":"https:\/\/eltrabajo.cl\/portal\/wp-json\/wp\/v2\/media?parent=62698"}],"wp:term":[{"taxonomy":"category","embeddable":true,"href":"https:\/\/eltrabajo.cl\/portal\/wp-json\/wp\/v2\/categories?post=62698"},{"taxonomy":"post_tag","embeddable":true,"href":"https:\/\/eltrabajo.cl\/portal\/wp-json\/wp\/v2\/tags?post=62698"}],"curies":[{"name":"wp","href":"https:\/\/api.w.org\/{rel}","templated":true}]}}