{"id":62702,"date":"2015-10-07T09:49:08","date_gmt":"2015-10-07T12:49:08","guid":{"rendered":"http:\/\/www.eltrabajo.cl\/portal\/?p=62702"},"modified":"2015-10-07T09:49:08","modified_gmt":"2015-10-07T12:49:08","slug":"capturan-a-banda-de-narcotraficantes-que-secuestro-y-torturo-a-su-propia-lider","status":"publish","type":"post","link":"https:\/\/eltrabajo.cl\/portal\/capturan-a-banda-de-narcotraficantes-que-secuestro-y-torturo-a-su-propia-lider\/","title":{"rendered":"Capturan a banda de narcotraficantes que secuestr\u00f3 y tortur\u00f3 a su propia l\u00edder"},"content":{"rendered":"<figure id=\"attachment_62703\" aria-describedby=\"caption-attachment-62703\" style=\"width: 300px\" class=\"wp-caption alignleft\"><a href=\"https:\/\/i0.wp.com\/www.eltrabajo.cl\/portal\/wp-content\/uploads\/2015\/10\/Narcotrafico.jpg\"><img data-recalc-dims=\"1\" loading=\"lazy\" decoding=\"async\" class=\"wp-image-62703 size-medium\" src=\"https:\/\/i0.wp.com\/www.eltrabajo.cl\/portal\/wp-content\/uploads\/2015\/10\/Narcotrafico-300x198.jpg?resize=300%2C198\" alt=\"Los efectivos policiales incautaron droga, armamento y municiones.\" width=\"300\" height=\"198\" srcset=\"https:\/\/i0.wp.com\/eltrabajo.cl\/portal\/wp-content\/uploads\/2015\/10\/Narcotrafico.jpg?resize=300%2C198&amp;ssl=1 300w, https:\/\/i0.wp.com\/eltrabajo.cl\/portal\/wp-content\/uploads\/2015\/10\/Narcotrafico.jpg?resize=200%2C132&amp;ssl=1 200w, https:\/\/i0.wp.com\/eltrabajo.cl\/portal\/wp-content\/uploads\/2015\/10\/Narcotrafico.jpg?resize=228%2C150&amp;ssl=1 228w, https:\/\/i0.wp.com\/eltrabajo.cl\/portal\/wp-content\/uploads\/2015\/10\/Narcotrafico.jpg?resize=400%2C263&amp;ssl=1 400w, https:\/\/i0.wp.com\/eltrabajo.cl\/portal\/wp-content\/uploads\/2015\/10\/Narcotrafico.jpg?w=530&amp;ssl=1 530w\" sizes=\"auto, (max-width: 300px) 100vw, 300px\" \/><\/a><figcaption id=\"caption-attachment-62703\" class=\"wp-caption-text\">Los efectivos policiales incautaron droga, armamento y municiones.<\/figcaption><\/figure>\n<ul>\n<li><strong>En la diligencia se incautaron adem\u00e1s drogas, armas y municiones.<\/strong><\/li>\n<\/ul>\n<p><strong>LOS ANDES<\/strong>.- En el Tribunal de Garant\u00eda de Los Andes fueron formalizados por delitos de tr\u00e1fico de drogas, secuestro e infracci\u00f3n a ley de armas los integrantes de una banda de narcotraficantes que se sublevaron y secuestraron a su propia l\u00edder, cobrando rescate a su pareja quien reside en Bolivia.<br \/>\nTodo comenz\u00f3 con una investigaci\u00f3n de la Fiscal\u00eda local de Los Andes que segu\u00eda a bolivianos y ecuatorianos que llegaron a Chile para vender drogas, espec\u00edficamente marihuana y coca\u00edna en la Quinta y Regi\u00f3n Metropolitana.<br \/>\nEn ese contexto se pudo establecer que los integrantes de la banda secuestraron a la l\u00edder del grupo de nacionalidad boliviana, a quien mantuvieron retenida durante cinco d\u00edas en un inmueble del balneario de Loncura donde fue sometida incluso a torturas.<br \/>\nEn total fueron dos los sujetos que se descolgaron del grupo y ayudados por otros cinco sujetos, grabaron las torturas y posteriormente enviaron las im\u00e1genes a Bolivia donde reside la pareja de la cabecilla de la banda.<br \/>\nEn el marco de la investigaci\u00f3n que la Fiscal\u00eda de Los Andes llevaba a cabo con la Brigada Antinarc\u00f3ticos Metropolitana se tuvo conocimiento de este secuestro y extorsi\u00f3n y de esa forma se mont\u00f3 un operativo que permiti\u00f3 la captura de los secuestradores y de la l\u00edder de la banda.<br \/>\nEl jefe de la Brigada Antinarc\u00f3ticos metropolitana, subprefecto Ricardo Gatica indic\u00f3 que \u201cla proveedora hab\u00eda sido traicionada y luego secuestrada por unos chilenos. Estuvo cautiva cinco d\u00edas durante los cuales fue torturada\u201d, apunt\u00f3 el oficial.<br \/>\nEn virtud de todo este operativo fueron detenidos cinco hombres y cuatro mujeres, adem\u00e1s de la incautaci\u00f3n de droga, armas y municiones.<br \/>\nLos detenidos en esta diligencia fueron identificados como Amalia H. L., Cris Anyel I. G. (20), Yael Degianira M. G. (22), Luc\u00eda Paola Q. G. (29), V\u00edctor Manuel S.F., Sergio Antonio M. R. (41), Miguel Alejandro C. R. (30), Jhonatan Alejandro F.P. (30) y Cristi\u00e1n Andr\u00e9s R.A. (29).<\/p>\n","protected":false},"excerpt":{"rendered":"<p>En la diligencia se incautaron adem\u00e1s drogas, armas y municiones. LOS ANDES.- En el Tribunal de Garant\u00eda de Los Andes fueron formalizados por delitos de tr\u00e1fico de drogas, secuestro e infracci\u00f3n a&#8230;<\/p>\n","protected":false},"author":482,"featured_media":62703,"comment_status":"open","ping_status":"open","sticky":false,"template":"","format":"standard","meta":{"advanced_seo_description":"","jetpack_seo_html_title":"","jetpack_seo_noindex":false,"_jetpack_memberships_contains_paid_content":false,"footnotes":""},"categories":[21],"tags":[],"class_list":["post-62702","post","type-post","status-publish","format-standard","has-post-thumbnail","hentry","category-policial"],"jetpack_featured_media_url":"https:\/\/i0.wp.com\/eltrabajo.cl\/portal\/wp-content\/uploads\/2015\/10\/Narcotrafico.jpg?fit=530%2C349&ssl=1","jetpack_sharing_enabled":true,"jetpack_likes_enabled":true,"jetpack-related-posts":[],"_links":{"self":[{"href":"https:\/\/eltrabajo.cl\/portal\/wp-json\/wp\/v2\/posts\/62702","targetHints":{"allow":["GET"]}}],"collection":[{"href":"https:\/\/eltrabajo.cl\/portal\/wp-json\/wp\/v2\/posts"}],"about":[{"href":"https:\/\/eltrabajo.cl\/portal\/wp-json\/wp\/v2\/types\/post"}],"author":[{"embeddable":true,"href":"https:\/\/eltrabajo.cl\/portal\/wp-json\/wp\/v2\/users\/482"}],"replies":[{"embeddable":true,"href":"https:\/\/eltrabajo.cl\/portal\/wp-json\/wp\/v2\/comments?post=62702"}],"version-history":[{"count":0,"href":"https:\/\/eltrabajo.cl\/portal\/wp-json\/wp\/v2\/posts\/62702\/revisions"}],"wp:featuredmedia":[{"embeddable":true,"href":"https:\/\/eltrabajo.cl\/portal\/wp-json\/wp\/v2\/media\/62703"}],"wp:attachment":[{"href":"https:\/\/eltrabajo.cl\/portal\/wp-json\/wp\/v2\/media?parent=62702"}],"wp:term":[{"taxonomy":"category","embeddable":true,"href":"https:\/\/eltrabajo.cl\/portal\/wp-json\/wp\/v2\/categories?post=62702"},{"taxonomy":"post_tag","embeddable":true,"href":"https:\/\/eltrabajo.cl\/portal\/wp-json\/wp\/v2\/tags?post=62702"}],"curies":[{"name":"wp","href":"https:\/\/api.w.org\/{rel}","templated":true}]}}