{"id":62714,"date":"2015-10-08T09:10:26","date_gmt":"2015-10-08T12:10:26","guid":{"rendered":"http:\/\/www.eltrabajo.cl\/portal\/?p=62714"},"modified":"2015-10-08T09:10:26","modified_gmt":"2015-10-08T12:10:26","slug":"hay-catorce-cupos-para-bebe-en-jardin-rincon-de-los-angelitos","status":"publish","type":"post","link":"https:\/\/eltrabajo.cl\/portal\/hay-catorce-cupos-para-bebe-en-jardin-rincon-de-los-angelitos\/","title":{"rendered":"Hay catorce cupos para beb\u00e9 en Jard\u00edn Rinc\u00f3n de los Angelitos"},"content":{"rendered":"<figure id=\"attachment_62715\" aria-describedby=\"caption-attachment-62715\" style=\"width: 300px\" class=\"wp-caption alignleft\"><a href=\"https:\/\/i0.wp.com\/www.eltrabajo.cl\/portal\/wp-content\/uploads\/2015\/10\/Cunas33.jpg\"><img data-recalc-dims=\"1\" loading=\"lazy\" decoding=\"async\" class=\"wp-image-62715 size-medium\" src=\"https:\/\/i0.wp.com\/www.eltrabajo.cl\/portal\/wp-content\/uploads\/2015\/10\/Cunas33-300x197.jpg?resize=300%2C197\" alt=\"CUNAS EN ESPERA.- Estas cunas est\u00e1n esperando a catorce guag\u00fcitas sanfelipe\u00f1as para descansar y dormir en ellas.\" width=\"300\" height=\"197\" srcset=\"https:\/\/i0.wp.com\/eltrabajo.cl\/portal\/wp-content\/uploads\/2015\/10\/Cunas33.jpg?resize=300%2C197&amp;ssl=1 300w, https:\/\/i0.wp.com\/eltrabajo.cl\/portal\/wp-content\/uploads\/2015\/10\/Cunas33.jpg?resize=200%2C131&amp;ssl=1 200w, https:\/\/i0.wp.com\/eltrabajo.cl\/portal\/wp-content\/uploads\/2015\/10\/Cunas33.jpg?resize=228%2C150&amp;ssl=1 228w, https:\/\/i0.wp.com\/eltrabajo.cl\/portal\/wp-content\/uploads\/2015\/10\/Cunas33.jpg?resize=400%2C263&amp;ssl=1 400w, https:\/\/i0.wp.com\/eltrabajo.cl\/portal\/wp-content\/uploads\/2015\/10\/Cunas33.jpg?w=530&amp;ssl=1 530w\" sizes=\"auto, (max-width: 300px) 100vw, 300px\" \/><\/a><figcaption id=\"caption-attachment-62715\" class=\"wp-caption-text\">CUNAS EN ESPERA.- Estas cunas est\u00e1n esperando a catorce guag\u00fcitas sanfelipe\u00f1as para descansar y dormir en ellas.<\/figcaption><\/figure>\n<p>Los 146 peque\u00f1itos que dan vida al Jard\u00edn Rinc\u00f3n de los Angelitos, ubicado en calle Pedro de Valdivia en Poblaci\u00f3n Juan Pablo II, pronto contar\u00e1n con la compa\u00f1\u00eda de catorce angelitos m\u00e1s en su jard\u00edn, ya que la tarde de este mi\u00e9rcoles fue anunciado a Diario El Trabajo por medio de la directora del establecimiento, Pamela Madariaga Castillo, la existencia de catorce cupos m\u00e1s en sus salas.<br \/>\n\u00abQuiero informar a todas las madres y pap\u00e1s sanfelipe\u00f1os, que a partir de hoy tenemos abierta la inscripci\u00f3n para beb\u00e9s de tres a 15 meses de edad, s\u00f3lo quedan catorce cupos y pueden ser ni\u00f1os de cualquier poblaci\u00f3n de nuestra comuna\u00bb, explic\u00f3 Madariaga.<br \/>\nLos requisitos b\u00e1sicos para matricular a las guaguas son: Certificado de Nacimiento del ni\u00f1o; Ficha de Protecci\u00f3n Social; carnet de Control Sano y para las madres que trabajan, una copia del contrato de trabajo. Los interesados pueden llamar al fono 251 74 42.<br \/>\nEl horario de atenci\u00f3n en esta unidad infantil es de las 8:00 hasta las 18:45 horas, de lunes a viernes. \u00abLos ni\u00f1os ser\u00e1n atendidos por las siete educadoras de p\u00e1rvulos; las 16 asistentes y dos auxiliares del jard\u00edn\u00bb, agreg\u00f3 la directora.<\/p>\n<p><strong>DE ANIVERSARIO<\/strong><br \/>\nEs importante se\u00f1alar tambi\u00e9n, que este jard\u00edn infantil estuvo celebrando su 7\u00ba cumplea\u00f1os la semana pasada, jornada en donde los peque\u00f1itos realizaron muestra de cueca; juegos infantiles y disfrutaron de muchas comidas t\u00edpicas, para el desarrollo de esta actividad se cont\u00f3 tambi\u00e9n con el apoyo de la L\u00ednea de Taxis N\u00ba1 de San Felipe.<br \/>\n<strong>Roberto Gonz\u00e1lez Short<\/strong><br \/>\n<strong>rgonzalez@eltrabajo.cl<\/strong><\/p>\n","protected":false},"excerpt":{"rendered":"<p>Los 146 peque\u00f1itos que dan vida al Jard\u00edn Rinc\u00f3n de los Angelitos, ubicado en calle Pedro de Valdivia en Poblaci\u00f3n Juan Pablo II, pronto contar\u00e1n con la compa\u00f1\u00eda de catorce angelitos m\u00e1s&#8230;<\/p>\n","protected":false},"author":482,"featured_media":62715,"comment_status":"open","ping_status":"open","sticky":false,"template":"","format":"standard","meta":{"advanced_seo_description":"","jetpack_seo_html_title":"","jetpack_seo_noindex":false,"_jetpack_memberships_contains_paid_content":false,"footnotes":""},"categories":[15],"tags":[],"class_list":["post-62714","post","type-post","status-publish","format-standard","has-post-thumbnail","hentry","category-comunidad"],"jetpack_featured_media_url":"https:\/\/i0.wp.com\/eltrabajo.cl\/portal\/wp-content\/uploads\/2015\/10\/Cunas33.jpg?fit=530%2C348&ssl=1","jetpack_sharing_enabled":true,"jetpack_likes_enabled":true,"jetpack-related-posts":[],"_links":{"self":[{"href":"https:\/\/eltrabajo.cl\/portal\/wp-json\/wp\/v2\/posts\/62714","targetHints":{"allow":["GET"]}}],"collection":[{"href":"https:\/\/eltrabajo.cl\/portal\/wp-json\/wp\/v2\/posts"}],"about":[{"href":"https:\/\/eltrabajo.cl\/portal\/wp-json\/wp\/v2\/types\/post"}],"author":[{"embeddable":true,"href":"https:\/\/eltrabajo.cl\/portal\/wp-json\/wp\/v2\/users\/482"}],"replies":[{"embeddable":true,"href":"https:\/\/eltrabajo.cl\/portal\/wp-json\/wp\/v2\/comments?post=62714"}],"version-history":[{"count":0,"href":"https:\/\/eltrabajo.cl\/portal\/wp-json\/wp\/v2\/posts\/62714\/revisions"}],"wp:featuredmedia":[{"embeddable":true,"href":"https:\/\/eltrabajo.cl\/portal\/wp-json\/wp\/v2\/media\/62715"}],"wp:attachment":[{"href":"https:\/\/eltrabajo.cl\/portal\/wp-json\/wp\/v2\/media?parent=62714"}],"wp:term":[{"taxonomy":"category","embeddable":true,"href":"https:\/\/eltrabajo.cl\/portal\/wp-json\/wp\/v2\/categories?post=62714"},{"taxonomy":"post_tag","embeddable":true,"href":"https:\/\/eltrabajo.cl\/portal\/wp-json\/wp\/v2\/tags?post=62714"}],"curies":[{"name":"wp","href":"https:\/\/api.w.org\/{rel}","templated":true}]}}