{"id":62717,"date":"2015-10-08T09:12:27","date_gmt":"2015-10-08T12:12:27","guid":{"rendered":"http:\/\/www.eltrabajo.cl\/portal\/?p=62717"},"modified":"2015-10-08T09:12:27","modified_gmt":"2015-10-08T12:12:27","slug":"estudiantes-panquehuinos-participaron-de-jornada-preventiva-en-drogas-junto-a-pdi","status":"publish","type":"post","link":"https:\/\/eltrabajo.cl\/portal\/estudiantes-panquehuinos-participaron-de-jornada-preventiva-en-drogas-junto-a-pdi\/","title":{"rendered":"Estudiantes panquehuinos participaron de jornada preventiva en drogas junto a PDI"},"content":{"rendered":"<figure id=\"attachment_62718\" aria-describedby=\"caption-attachment-62718\" style=\"width: 300px\" class=\"wp-caption alignleft\"><a href=\"https:\/\/i0.wp.com\/www.eltrabajo.cl\/portal\/wp-content\/uploads\/2015\/10\/Charla-PDI-panquehue-3.jpg\"><img data-recalc-dims=\"1\" loading=\"lazy\" decoding=\"async\" class=\"wp-image-62718 size-medium\" src=\"https:\/\/i0.wp.com\/www.eltrabajo.cl\/portal\/wp-content\/uploads\/2015\/10\/Charla-PDI-panquehue-3-300x198.jpg?resize=300%2C198\" alt=\"La charla fue realizada por efectivos de la PDI y, junto sus perros, buscaban concientizar acerca de los efectos de las drogas y la repercusi\u00f3n legales sobre su consumo y tenencia.\" width=\"300\" height=\"198\" srcset=\"https:\/\/i0.wp.com\/eltrabajo.cl\/portal\/wp-content\/uploads\/2015\/10\/Charla-PDI-panquehue-3.jpg?resize=300%2C198&amp;ssl=1 300w, https:\/\/i0.wp.com\/eltrabajo.cl\/portal\/wp-content\/uploads\/2015\/10\/Charla-PDI-panquehue-3.jpg?resize=200%2C132&amp;ssl=1 200w, https:\/\/i0.wp.com\/eltrabajo.cl\/portal\/wp-content\/uploads\/2015\/10\/Charla-PDI-panquehue-3.jpg?resize=227%2C150&amp;ssl=1 227w, https:\/\/i0.wp.com\/eltrabajo.cl\/portal\/wp-content\/uploads\/2015\/10\/Charla-PDI-panquehue-3.jpg?resize=400%2C264&amp;ssl=1 400w, https:\/\/i0.wp.com\/eltrabajo.cl\/portal\/wp-content\/uploads\/2015\/10\/Charla-PDI-panquehue-3.jpg?w=530&amp;ssl=1 530w\" sizes=\"auto, (max-width: 300px) 100vw, 300px\" \/><\/a><figcaption id=\"caption-attachment-62718\" class=\"wp-caption-text\">La charla fue realizada por efectivos de la PDI y, junto sus perros, buscaban concientizar acerca de los efectos de las drogas y la repercusi\u00f3n legales sobre su consumo y tenencia.<\/figcaption><\/figure>\n<ul>\n<li><strong>En la jornada realizada en la sala cultural de Panquehue, funcionarios de la PDI estuvieron con sus perros adiestrados para el combate contra la droga.<\/strong><\/li>\n<\/ul>\n<p><strong>PANQUEHUE<\/strong>.- El Servicio Nacional para la Prevenci\u00f3n y Rehabilitaci\u00f3n del Consumo de Drogas y Alcohol (Senda), junto a la Brigada de Antinarc\u00f3ticos de Los Andes, organizaron una charla preventiva dirigida a los a estudiantes del Liceo de Panquehue.<br \/>\nLa jornada que reuni\u00f3 a los alumnos de s\u00e9ptimo a cuarto medio, tuvo como principal objetivo entregar un mensaje lo m\u00e1s directo posible, acerca de lo nocivo que es el consumo de drogas, as\u00ed como derribar algunos de los mitos existentes en torno a sus verdaderos efectos y la repercusi\u00f3n legal sobre estas.<br \/>\nJannette C\u00f3rdoba, Coordinadora Comunal de Senda en Panquehue, explic\u00f3 que la actividad tuvo una activa participaci\u00f3n de los alumnos, donde estos pudieron resolver muchas dudas al respecto.<br \/>\nEn esta charla se cont\u00f3 con la exposici\u00f3n realizada por el detective Erik Rivas y el asistente policial Cristian Palacio, ambos de la brigada de Antinarc\u00f3ticos de los andes.<br \/>\nEsta brigada de la PDI tiene como misi\u00f3n, la prevenci\u00f3n e investigaci\u00f3n de la producci\u00f3n, elaboraci\u00f3n, tr\u00e1fico y consumo de drogas. Adem\u00e1s, deben realizar programas educativos a la comunidad, controles de los establecimientos que expenden f\u00e1rmacos y confeccionar cuadros estad\u00edsticos indicando: consumo de estupefacientes, centros de producci\u00f3n y zonas lim\u00edtrofes de mayor internaci\u00f3n. La Briant depende de la Jefatura Nacional Antinarc\u00f3ticos.<br \/>\nEl narcotr\u00e1fico es un problema latente en el mundo, del cual Chile no est\u00e1 ajeno. La instituci\u00f3n para combatirlo se preocupa de capacitar en el extranjero a sus detectives. Las brigadas cuentan con la mejor tecnolog\u00eda y medios para evitar que el narcotr\u00e1fico opere en el pa\u00eds.<\/p>\n","protected":false},"excerpt":{"rendered":"<p>En la jornada realizada en la sala cultural de Panquehue, funcionarios de la PDI estuvieron con sus perros adiestrados para el combate contra la droga. PANQUEHUE.- El Servicio Nacional para la Prevenci\u00f3n&#8230;<\/p>\n","protected":false},"author":482,"featured_media":62718,"comment_status":"open","ping_status":"open","sticky":false,"template":"","format":"standard","meta":{"advanced_seo_description":"","jetpack_seo_html_title":"","jetpack_seo_noindex":false,"_jetpack_memberships_contains_paid_content":false,"footnotes":""},"categories":[15],"tags":[],"class_list":["post-62717","post","type-post","status-publish","format-standard","has-post-thumbnail","hentry","category-comunidad"],"jetpack_featured_media_url":"https:\/\/i0.wp.com\/eltrabajo.cl\/portal\/wp-content\/uploads\/2015\/10\/Charla-PDI-panquehue-3.jpg?fit=530%2C350&ssl=1","jetpack_sharing_enabled":true,"jetpack_likes_enabled":true,"jetpack-related-posts":[],"_links":{"self":[{"href":"https:\/\/eltrabajo.cl\/portal\/wp-json\/wp\/v2\/posts\/62717","targetHints":{"allow":["GET"]}}],"collection":[{"href":"https:\/\/eltrabajo.cl\/portal\/wp-json\/wp\/v2\/posts"}],"about":[{"href":"https:\/\/eltrabajo.cl\/portal\/wp-json\/wp\/v2\/types\/post"}],"author":[{"embeddable":true,"href":"https:\/\/eltrabajo.cl\/portal\/wp-json\/wp\/v2\/users\/482"}],"replies":[{"embeddable":true,"href":"https:\/\/eltrabajo.cl\/portal\/wp-json\/wp\/v2\/comments?post=62717"}],"version-history":[{"count":0,"href":"https:\/\/eltrabajo.cl\/portal\/wp-json\/wp\/v2\/posts\/62717\/revisions"}],"wp:featuredmedia":[{"embeddable":true,"href":"https:\/\/eltrabajo.cl\/portal\/wp-json\/wp\/v2\/media\/62718"}],"wp:attachment":[{"href":"https:\/\/eltrabajo.cl\/portal\/wp-json\/wp\/v2\/media?parent=62717"}],"wp:term":[{"taxonomy":"category","embeddable":true,"href":"https:\/\/eltrabajo.cl\/portal\/wp-json\/wp\/v2\/categories?post=62717"},{"taxonomy":"post_tag","embeddable":true,"href":"https:\/\/eltrabajo.cl\/portal\/wp-json\/wp\/v2\/tags?post=62717"}],"curies":[{"name":"wp","href":"https:\/\/api.w.org\/{rel}","templated":true}]}}