{"id":62720,"date":"2015-10-08T09:14:41","date_gmt":"2015-10-08T12:14:41","guid":{"rendered":"http:\/\/www.eltrabajo.cl\/portal\/?p=62720"},"modified":"2015-10-08T09:14:41","modified_gmt":"2015-10-08T12:14:41","slug":"certifican-a-mas-de-30-mujeres-tras-realizacion-de-cursos","status":"publish","type":"post","link":"https:\/\/eltrabajo.cl\/portal\/certifican-a-mas-de-30-mujeres-tras-realizacion-de-cursos\/","title":{"rendered":"Certifican a m\u00e1s de 30 mujeres tras realizaci\u00f3n de cursos"},"content":{"rendered":"<figure id=\"attachment_62721\" aria-describedby=\"caption-attachment-62721\" style=\"width: 300px\" class=\"wp-caption alignleft\"><a href=\"https:\/\/i0.wp.com\/www.eltrabajo.cl\/portal\/wp-content\/uploads\/2015\/10\/Capacitacion-mujeres-Catemu-1.jpg\"><img data-recalc-dims=\"1\" loading=\"lazy\" decoding=\"async\" class=\"wp-image-62721 size-medium\" src=\"https:\/\/i0.wp.com\/www.eltrabajo.cl\/portal\/wp-content\/uploads\/2015\/10\/Capacitacion-mujeres-Catemu-1-300x198.jpg?resize=300%2C198\" alt=\"Fueron 36 mujeres las certificadas que participaron en dos talleres impartidos por el Instituto de Seguridad Laboral y a la Seremi de Salud.\" width=\"300\" height=\"198\" srcset=\"https:\/\/i0.wp.com\/eltrabajo.cl\/portal\/wp-content\/uploads\/2015\/10\/Capacitacion-mujeres-Catemu-1.jpg?resize=300%2C198&amp;ssl=1 300w, https:\/\/i0.wp.com\/eltrabajo.cl\/portal\/wp-content\/uploads\/2015\/10\/Capacitacion-mujeres-Catemu-1.jpg?resize=200%2C132&amp;ssl=1 200w, https:\/\/i0.wp.com\/eltrabajo.cl\/portal\/wp-content\/uploads\/2015\/10\/Capacitacion-mujeres-Catemu-1.jpg?resize=227%2C150&amp;ssl=1 227w, https:\/\/i0.wp.com\/eltrabajo.cl\/portal\/wp-content\/uploads\/2015\/10\/Capacitacion-mujeres-Catemu-1.jpg?resize=400%2C264&amp;ssl=1 400w, https:\/\/i0.wp.com\/eltrabajo.cl\/portal\/wp-content\/uploads\/2015\/10\/Capacitacion-mujeres-Catemu-1.jpg?w=530&amp;ssl=1 530w\" sizes=\"auto, (max-width: 300px) 100vw, 300px\" \/><\/a><figcaption id=\"caption-attachment-62721\" class=\"wp-caption-text\">Fueron 36 mujeres las certificadas que participaron en dos talleres impartidos por el Instituto de Seguridad Laboral y a la Seremi de Salud.<\/figcaption><\/figure>\n<p><strong>CATEMU.<\/strong>&#8211; Con mucho orgullo las mujeres cateminas que realizaron los cursos de Manipulaci\u00f3n de Alimento y Primeros Auxilios impartidos por la Seremi de Salud y el Instituto de Seguridad Laboral, respectivamente, organizado por la Oficina Municipal de la Mujer; recibieron sus certificados.<br \/>\nA esta ceremonia asisti\u00f3 el Alcalde de Catemu, Boris Luksic; la Directora del ISL, Katherine Urz\u00faa; y los concejales Aurora Medina, Richard Concha, Carlos Meneses y Jos\u00e9 Vergara.<br \/>\nLas alumnas de los cursos fueron en esta ocasi\u00f3n pertenecen a los Centros de Madre de la comuna, centro Cultural \u2018Los Pumas\u2019, Comit\u00e9 de Vivienda \u2018San Francisco de As\u00eds\u2019 y usuarias de la Oficina de la Mujer.<br \/>\nLa Oficina Municipal de la Mujer, tiene por objetivo aportar al desarrollo de la comuna, promoviendo la participaci\u00f3n y la inclusi\u00f3n de las mujeres, a trav\u00e9s de informaci\u00f3n, derivaci\u00f3n y capacitaci\u00f3n presentes en las redes comunales y provinciales, contribuyendo a ser un enlace entre la municipalidad y las diferentes organizaciones o grupos de mujeres, persiguiendo su desarrollo y participaci\u00f3n activa.<br \/>\nCabe destacar que el curso de Manipulaci\u00f3n de Alimentos fue impartido por la profesional de la Seremi de Salud, Sra. Sandra Astudillo, curso en el cual de 40 mujeres que participaron de la capacitaci\u00f3n, 36 se certificaron, despu\u00e9s de aprobar un examen de conocimiento, el que les permitir\u00e1 un mejor acceso al mundo laboral y realizar con tranquilidad toda actividad relacionada con la higiene y la manipulaci\u00f3n de alimento.<br \/>\nEl curso de 1\u00b0 Auxilios, se realiz\u00f3, con el apoyo profesional de la enfermera Sra. Javiera Larenas, del Instituto de Seguridad Laboral, del cual se certificaron 24 cateminas.<br \/>\nUna de las alumnas del curso, Gloria Vergara, dio su testimonio ante los presentes, agradeciendo la oportunidad y destacando lo \u00fatil que le resulta el aplicar lo aprendido.<\/p>\n","protected":false},"excerpt":{"rendered":"<p>CATEMU.&#8211; Con mucho orgullo las mujeres cateminas que realizaron los cursos de Manipulaci\u00f3n de Alimento y Primeros Auxilios impartidos por la Seremi de Salud y el Instituto de Seguridad Laboral, respectivamente, organizado&#8230;<\/p>\n","protected":false},"author":482,"featured_media":62721,"comment_status":"open","ping_status":"open","sticky":false,"template":"","format":"standard","meta":{"advanced_seo_description":"","jetpack_seo_html_title":"","jetpack_seo_noindex":false,"_jetpack_memberships_contains_paid_content":false,"footnotes":""},"categories":[15],"tags":[],"class_list":["post-62720","post","type-post","status-publish","format-standard","has-post-thumbnail","hentry","category-comunidad"],"jetpack_featured_media_url":"https:\/\/i0.wp.com\/eltrabajo.cl\/portal\/wp-content\/uploads\/2015\/10\/Capacitacion-mujeres-Catemu-1.jpg?fit=530%2C350&ssl=1","jetpack_sharing_enabled":true,"jetpack_likes_enabled":true,"jetpack-related-posts":[],"_links":{"self":[{"href":"https:\/\/eltrabajo.cl\/portal\/wp-json\/wp\/v2\/posts\/62720","targetHints":{"allow":["GET"]}}],"collection":[{"href":"https:\/\/eltrabajo.cl\/portal\/wp-json\/wp\/v2\/posts"}],"about":[{"href":"https:\/\/eltrabajo.cl\/portal\/wp-json\/wp\/v2\/types\/post"}],"author":[{"embeddable":true,"href":"https:\/\/eltrabajo.cl\/portal\/wp-json\/wp\/v2\/users\/482"}],"replies":[{"embeddable":true,"href":"https:\/\/eltrabajo.cl\/portal\/wp-json\/wp\/v2\/comments?post=62720"}],"version-history":[{"count":0,"href":"https:\/\/eltrabajo.cl\/portal\/wp-json\/wp\/v2\/posts\/62720\/revisions"}],"wp:featuredmedia":[{"embeddable":true,"href":"https:\/\/eltrabajo.cl\/portal\/wp-json\/wp\/v2\/media\/62721"}],"wp:attachment":[{"href":"https:\/\/eltrabajo.cl\/portal\/wp-json\/wp\/v2\/media?parent=62720"}],"wp:term":[{"taxonomy":"category","embeddable":true,"href":"https:\/\/eltrabajo.cl\/portal\/wp-json\/wp\/v2\/categories?post=62720"},{"taxonomy":"post_tag","embeddable":true,"href":"https:\/\/eltrabajo.cl\/portal\/wp-json\/wp\/v2\/tags?post=62720"}],"curies":[{"name":"wp","href":"https:\/\/api.w.org\/{rel}","templated":true}]}}