{"id":62723,"date":"2015-10-08T09:20:09","date_gmt":"2015-10-08T12:20:09","guid":{"rendered":"http:\/\/www.eltrabajo.cl\/portal\/?p=62723"},"modified":"2015-10-08T09:20:09","modified_gmt":"2015-10-08T12:20:09","slug":"todo-un-exito-el-7o-campeonato-nacional-de-bandas-escolares","status":"publish","type":"post","link":"https:\/\/eltrabajo.cl\/portal\/todo-un-exito-el-7o-campeonato-nacional-de-bandas-escolares\/","title":{"rendered":"Todo un \u00e9xito el 7\u00ba Campeonato Nacional de Bandas Escolares"},"content":{"rendered":"<figure id=\"attachment_62724\" aria-describedby=\"caption-attachment-62724\" style=\"width: 300px\" class=\"wp-caption alignleft\"><a href=\"https:\/\/i0.wp.com\/www.eltrabajo.cl\/portal\/wp-content\/uploads\/2015\/10\/Banda1.jpg\"><img data-recalc-dims=\"1\" loading=\"lazy\" decoding=\"async\" class=\"wp-image-62724 size-medium\" src=\"https:\/\/i0.wp.com\/www.eltrabajo.cl\/portal\/wp-content\/uploads\/2015\/10\/Banda1-300x198.jpg?resize=300%2C198\" alt=\"IMPARABLES.- Las bandas escolares de Chile hicieron de las suyas en este campeonato nacional.\" width=\"300\" height=\"198\" srcset=\"https:\/\/i0.wp.com\/eltrabajo.cl\/portal\/wp-content\/uploads\/2015\/10\/Banda1.jpg?resize=300%2C198&amp;ssl=1 300w, https:\/\/i0.wp.com\/eltrabajo.cl\/portal\/wp-content\/uploads\/2015\/10\/Banda1.jpg?resize=200%2C132&amp;ssl=1 200w, https:\/\/i0.wp.com\/eltrabajo.cl\/portal\/wp-content\/uploads\/2015\/10\/Banda1.jpg?resize=228%2C150&amp;ssl=1 228w, https:\/\/i0.wp.com\/eltrabajo.cl\/portal\/wp-content\/uploads\/2015\/10\/Banda1.jpg?resize=400%2C263&amp;ssl=1 400w, https:\/\/i0.wp.com\/eltrabajo.cl\/portal\/wp-content\/uploads\/2015\/10\/Banda1.jpg?w=530&amp;ssl=1 530w\" sizes=\"auto, (max-width: 300px) 100vw, 300px\" \/><\/a><figcaption id=\"caption-attachment-62724\" class=\"wp-caption-text\">IMPARABLES.- Las bandas escolares de Chile hicieron de las suyas en este campeonato nacional.<\/figcaption><\/figure>\n<p><strong>SANTA MAR\u00cdA.<\/strong>&#8211; El 7\u00ba Campeonato Nacional de bandas escolares que se realiz\u00f3 este viernes y s\u00e1bado en el Liceo Dar\u00edo Salas de Santa Mar\u00eda, simplemente fue un encuentro art\u00edstico-escolar de gran nivel y desarrollo de ejecuci\u00f3n de los participantes. Se trata de una cita pactada para las mejores bandas estudiantiles que decidieron participar en esta jornada, realizada en el estadio municipal de la comuna.<br \/>\nEl campeonato lo organiza desde hace siete a\u00f1os el Dar\u00edo Salas, \u00abfue un evento masivo muy importante, estoy hablando de 60 buses llenos de estudiantes, much\u00edsimos autos de particulares, de todo el pa\u00eds lleg\u00f3 gente para este campeonato. A los chicos participantes les dimos alojamiento en algunas escuelas y tambi\u00e9n les dimos la alimentaci\u00f3n a los estudiantes\u00bb, coment\u00f3 a Diario El Trabajo el director del Dar\u00edo Salas, Walter Arancibia.<br \/>\nFueron al menos unas 3.500 personas las que llegaron el viernes 2 y se fueron el domingo temprano a sus respectivos centros educativos de todas las regiones. A este encuentro de bandas este a\u00f1o se incorpor\u00f3 la Banda del Adulto Mayor de Puente Alto, Santiago, ellos son personas mayores de 75 a\u00f1os de edad.<\/p>\n<p><strong>BANDAS GANADORAS<\/strong><br \/>\nLos ganadores del campeonato son en la categor\u00eda B\u00e1sica, correspondi\u00f3 a la Banda escolar de Dalcahue, en la categor\u00eda Media correspondi\u00f3 el primer lugar a la Banda escolar de Leones Arrau de Do\u00f1ihue; segundo lugar para la Banda de Dalcahue. Tambi\u00e9n a la Banda del Adulto Mayor de Puente Alto se le premi\u00f3 por su participaci\u00f3n tan especial.<br \/>\nSeg\u00fan explic\u00f3 a nuestro medio Arancibia, \u00abpr\u00f3ximamente, el 6 de noviembre, estaremos saliendo con 70 estudiantes hacia Chilo\u00e9, estaremos participando en otro importante campeonato de bandas que se realiza en esa zona del pa\u00eds, regresaremos el 13 de ese mismo mes\u00bb.<br \/>\n<strong>Roberto Gonz\u00e1lez Short<\/strong><br \/>\n<strong>rgonzalez@eltrabajo.cl<\/strong><\/p>\n<div class=\"tiled-gallery type-rectangular tiled-gallery-unresized\" data-original-width=\"640\" data-carousel-extra='null' itemscope itemtype=\"http:\/\/schema.org\/ImageGallery\" > <div class=\"gallery-row\" style=\"width: 640px; height: 284px;\" data-original-width=\"640\" data-original-height=\"284\" > <div class=\"gallery-group images-1\" style=\"width: 427px; height: 284px;\" data-original-width=\"427\" data-original-height=\"284\" > <div class=\"tiled-gallery-item tiled-gallery-item-large\" itemprop=\"associatedMedia\" itemscope itemtype=\"http:\/\/schema.org\/ImageObject\"> <a href=\"https:\/\/eltrabajo.cl\/portal\/todo-un-exito-el-7o-campeonato-nacional-de-bandas-escolares\/abuelos33\/\" border=\"0\" itemprop=\"url\"> <meta itemprop=\"width\" content=\"423\"> <meta itemprop=\"height\" content=\"280\"> <img decoding=\"async\" class=\"\" data-attachment-id=\"62730\" data-orig-file=\"https:\/\/eltrabajo.cl\/portal\/wp-content\/uploads\/2015\/10\/Abuelos33.jpg\" data-orig-size=\"530,350\" data-comments-opened=\"1\" data-image-meta=\"{&quot;aperture&quot;:&quot;0&quot;,&quot;credit&quot;:&quot;&quot;,&quot;camera&quot;:&quot;&quot;,&quot;caption&quot;:&quot;&quot;,&quot;created_timestamp&quot;:&quot;0&quot;,&quot;copyright&quot;:&quot;&quot;,&quot;focal_length&quot;:&quot;0&quot;,&quot;iso&quot;:&quot;0&quot;,&quot;shutter_speed&quot;:&quot;0&quot;,&quot;title&quot;:&quot;&quot;,&quot;orientation&quot;:&quot;0&quot;}\" data-image-title=\"Abuelos33\" data-image-description=\"&lt;p&gt;BANDA ESPECIAL.- La Banda del Adulto Mayor de Puente Alto se le premi\u00f3 por su participaci\u00f3n tan especial.&lt;\/p&gt; \" data-medium-file=\"https:\/\/i0.wp.com\/eltrabajo.cl\/portal\/wp-content\/uploads\/2015\/10\/Abuelos33.jpg?fit=300%2C198&#038;ssl=1\" data-large-file=\"https:\/\/i0.wp.com\/eltrabajo.cl\/portal\/wp-content\/uploads\/2015\/10\/Abuelos33.jpg?fit=530%2C350&#038;ssl=1\" src=\"https:\/\/i0.wp.com\/eltrabajo.cl\/portal\/wp-content\/uploads\/2015\/10\/Abuelos33.jpg?w=423&#038;h=280&#038;ssl=1\" srcset=\"https:\/\/i0.wp.com\/eltrabajo.cl\/portal\/wp-content\/uploads\/2015\/10\/Abuelos33.jpg?w=530&amp;ssl=1 530w, https:\/\/i0.wp.com\/eltrabajo.cl\/portal\/wp-content\/uploads\/2015\/10\/Abuelos33.jpg?resize=200%2C132&amp;ssl=1 200w, https:\/\/i0.wp.com\/eltrabajo.cl\/portal\/wp-content\/uploads\/2015\/10\/Abuelos33.jpg?resize=300%2C198&amp;ssl=1 300w, https:\/\/i0.wp.com\/eltrabajo.cl\/portal\/wp-content\/uploads\/2015\/10\/Abuelos33.jpg?resize=227%2C150&amp;ssl=1 227w, https:\/\/i0.wp.com\/eltrabajo.cl\/portal\/wp-content\/uploads\/2015\/10\/Abuelos33.jpg?resize=400%2C264&amp;ssl=1 400w\" width=\"423\" height=\"280\" loading=\"lazy\" data-original-width=\"423\" data-original-height=\"280\" itemprop=\"http:\/\/schema.org\/image\" title=\"Abuelos33\" alt=\"BANDA ESPECIAL.- La Banda del Adulto Mayor de Puente Alto se le premi\u00f3 por su participaci\u00f3n tan especial.\" style=\"width: 423px; height: 280px;\" \/> <\/a> <div class=\"tiled-gallery-caption\" itemprop=\"caption description\"> BANDA ESPECIAL.- La Banda del Adulto Mayor de Puente Alto se le premi\u00f3 por su participaci\u00f3n tan especial. <\/div> <\/div> <\/div> <!-- close group --> <div class=\"gallery-group images-2\" style=\"width: 213px; height: 284px;\" data-original-width=\"213\" data-original-height=\"284\" > <div class=\"tiled-gallery-item tiled-gallery-item-small\" itemprop=\"associatedMedia\" itemscope itemtype=\"http:\/\/schema.org\/ImageObject\"> <a href=\"https:\/\/eltrabajo.cl\/portal\/todo-un-exito-el-7o-campeonato-nacional-de-bandas-escolares\/banda2-3\/\" border=\"0\" itemprop=\"url\"> <meta itemprop=\"width\" content=\"209\"> <meta itemprop=\"height\" content=\"138\"> <img decoding=\"async\" class=\"\" data-attachment-id=\"62725\" data-orig-file=\"https:\/\/eltrabajo.cl\/portal\/wp-content\/uploads\/2015\/10\/Banda2.jpg\" data-orig-size=\"530,350\" data-comments-opened=\"1\" data-image-meta=\"{&quot;aperture&quot;:&quot;0&quot;,&quot;credit&quot;:&quot;&quot;,&quot;camera&quot;:&quot;&quot;,&quot;caption&quot;:&quot;&quot;,&quot;created_timestamp&quot;:&quot;0&quot;,&quot;copyright&quot;:&quot;&quot;,&quot;focal_length&quot;:&quot;0&quot;,&quot;iso&quot;:&quot;0&quot;,&quot;shutter_speed&quot;:&quot;0&quot;,&quot;title&quot;:&quot;&quot;,&quot;orientation&quot;:&quot;0&quot;}\" data-image-title=\"Banda2\" data-image-description=\"&lt;p&gt;MUCHA ENERG\u00cdA.- Fueron 38 bandas escolares las que engalanaron el estadio municipal de la ciudad de Santa Mar\u00eda.&lt;\/p&gt; \" data-medium-file=\"https:\/\/i0.wp.com\/eltrabajo.cl\/portal\/wp-content\/uploads\/2015\/10\/Banda2.jpg?fit=300%2C198&#038;ssl=1\" data-large-file=\"https:\/\/i0.wp.com\/eltrabajo.cl\/portal\/wp-content\/uploads\/2015\/10\/Banda2.jpg?fit=530%2C350&#038;ssl=1\" src=\"https:\/\/i0.wp.com\/eltrabajo.cl\/portal\/wp-content\/uploads\/2015\/10\/Banda2.jpg?w=209&#038;h=138&#038;ssl=1\" srcset=\"https:\/\/i0.wp.com\/eltrabajo.cl\/portal\/wp-content\/uploads\/2015\/10\/Banda2.jpg?w=530&amp;ssl=1 530w, https:\/\/i0.wp.com\/eltrabajo.cl\/portal\/wp-content\/uploads\/2015\/10\/Banda2.jpg?resize=200%2C132&amp;ssl=1 200w, https:\/\/i0.wp.com\/eltrabajo.cl\/portal\/wp-content\/uploads\/2015\/10\/Banda2.jpg?resize=300%2C198&amp;ssl=1 300w, https:\/\/i0.wp.com\/eltrabajo.cl\/portal\/wp-content\/uploads\/2015\/10\/Banda2.jpg?resize=227%2C150&amp;ssl=1 227w, https:\/\/i0.wp.com\/eltrabajo.cl\/portal\/wp-content\/uploads\/2015\/10\/Banda2.jpg?resize=400%2C264&amp;ssl=1 400w\" width=\"209\" height=\"138\" loading=\"lazy\" data-original-width=\"209\" data-original-height=\"138\" itemprop=\"http:\/\/schema.org\/image\" title=\"Banda2\" alt=\"MUCHA ENERG\u00cdA.- Fueron 38 bandas escolares las que engalanaron el estadio municipal de la ciudad de Santa Mar\u00eda.\" style=\"width: 209px; height: 138px;\" \/> <\/a> <div class=\"tiled-gallery-caption\" itemprop=\"caption description\"> MUCHA ENERG\u00cdA.- Fueron 38 bandas escolares las que engalanaron el estadio municipal de la ciudad de Santa Mar\u00eda. <\/div> <\/div> <div class=\"tiled-gallery-item tiled-gallery-item-small\" itemprop=\"associatedMedia\" itemscope itemtype=\"http:\/\/schema.org\/ImageObject\"> <a href=\"https:\/\/eltrabajo.cl\/portal\/todo-un-exito-el-7o-campeonato-nacional-de-bandas-escolares\/banda3\/\" border=\"0\" itemprop=\"url\"> <meta itemprop=\"width\" content=\"209\"> <meta itemprop=\"height\" content=\"138\"> <img decoding=\"async\" class=\"\" data-attachment-id=\"62726\" data-orig-file=\"https:\/\/eltrabajo.cl\/portal\/wp-content\/uploads\/2015\/10\/Banda3.jpg\" data-orig-size=\"530,350\" data-comments-opened=\"1\" data-image-meta=\"{&quot;aperture&quot;:&quot;0&quot;,&quot;credit&quot;:&quot;&quot;,&quot;camera&quot;:&quot;&quot;,&quot;caption&quot;:&quot;&quot;,&quot;created_timestamp&quot;:&quot;0&quot;,&quot;copyright&quot;:&quot;&quot;,&quot;focal_length&quot;:&quot;0&quot;,&quot;iso&quot;:&quot;0&quot;,&quot;shutter_speed&quot;:&quot;0&quot;,&quot;title&quot;:&quot;&quot;,&quot;orientation&quot;:&quot;0&quot;}\" data-image-title=\"Banda3\" data-image-description=\"&lt;p&gt;IMPECABLE PRESENTACI\u00d3N.- Estos j\u00f3venes tambi\u00e9n se lucieron con su banda, ellos arrancaron m\u00e1s que aplausos del p\u00fablico.&lt;\/p&gt; \" data-medium-file=\"https:\/\/i0.wp.com\/eltrabajo.cl\/portal\/wp-content\/uploads\/2015\/10\/Banda3.jpg?fit=300%2C198&#038;ssl=1\" data-large-file=\"https:\/\/i0.wp.com\/eltrabajo.cl\/portal\/wp-content\/uploads\/2015\/10\/Banda3.jpg?fit=530%2C350&#038;ssl=1\" src=\"https:\/\/i0.wp.com\/eltrabajo.cl\/portal\/wp-content\/uploads\/2015\/10\/Banda3.jpg?w=209&#038;h=138&#038;ssl=1\" srcset=\"https:\/\/i0.wp.com\/eltrabajo.cl\/portal\/wp-content\/uploads\/2015\/10\/Banda3.jpg?w=530&amp;ssl=1 530w, https:\/\/i0.wp.com\/eltrabajo.cl\/portal\/wp-content\/uploads\/2015\/10\/Banda3.jpg?resize=200%2C132&amp;ssl=1 200w, https:\/\/i0.wp.com\/eltrabajo.cl\/portal\/wp-content\/uploads\/2015\/10\/Banda3.jpg?resize=300%2C198&amp;ssl=1 300w, https:\/\/i0.wp.com\/eltrabajo.cl\/portal\/wp-content\/uploads\/2015\/10\/Banda3.jpg?resize=227%2C150&amp;ssl=1 227w, https:\/\/i0.wp.com\/eltrabajo.cl\/portal\/wp-content\/uploads\/2015\/10\/Banda3.jpg?resize=400%2C264&amp;ssl=1 400w\" width=\"209\" height=\"138\" loading=\"lazy\" data-original-width=\"209\" data-original-height=\"138\" itemprop=\"http:\/\/schema.org\/image\" title=\"Banda3\" alt=\"IMPECABLE PRESENTACI\u00d3N.- Estos j\u00f3venes tambi\u00e9n se lucieron con su banda, ellos arrancaron m\u00e1s que aplausos del p\u00fablico.\" style=\"width: 209px; height: 138px;\" \/> <\/a> <div class=\"tiled-gallery-caption\" itemprop=\"caption description\"> IMPECABLE PRESENTACI\u00d3N.- Estos j\u00f3venes tambi\u00e9n se lucieron con su banda, ellos arrancaron m\u00e1s que aplausos del p\u00fablico. <\/div> <\/div> <\/div> <!-- close group --> <\/div> <!-- close row --> <div class=\"gallery-row\" style=\"width: 640px; height: 282px;\" data-original-width=\"640\" data-original-height=\"282\" > <div class=\"gallery-group images-2\" style=\"width: 212px; height: 282px;\" data-original-width=\"212\" data-original-height=\"282\" > <div class=\"tiled-gallery-item tiled-gallery-item-small\" itemprop=\"associatedMedia\" itemscope itemtype=\"http:\/\/schema.org\/ImageObject\"> <a href=\"https:\/\/eltrabajo.cl\/portal\/todo-un-exito-el-7o-campeonato-nacional-de-bandas-escolares\/banda4\/\" border=\"0\" itemprop=\"url\"> <meta itemprop=\"width\" content=\"208\"> <meta itemprop=\"height\" content=\"137\"> <img decoding=\"async\" class=\"\" data-attachment-id=\"62727\" data-orig-file=\"https:\/\/eltrabajo.cl\/portal\/wp-content\/uploads\/2015\/10\/Banda4.jpg\" data-orig-size=\"530,350\" data-comments-opened=\"1\" data-image-meta=\"{&quot;aperture&quot;:&quot;0&quot;,&quot;credit&quot;:&quot;&quot;,&quot;camera&quot;:&quot;&quot;,&quot;caption&quot;:&quot;&quot;,&quot;created_timestamp&quot;:&quot;0&quot;,&quot;copyright&quot;:&quot;&quot;,&quot;focal_length&quot;:&quot;0&quot;,&quot;iso&quot;:&quot;0&quot;,&quot;shutter_speed&quot;:&quot;0&quot;,&quot;title&quot;:&quot;&quot;,&quot;orientation&quot;:&quot;0&quot;}\" data-image-title=\"Banda4\" data-image-description=\"&lt;p&gt;ABUELOS MUY ACTIVOS.- A este encuentro de bandas este a\u00f1o se incorpor\u00f3 la Banda del Adulto Mayor de Puente Alto, Santiago, ellos son personas mayores de 75 a\u00f1os de edad.&lt;\/p&gt; \" data-medium-file=\"https:\/\/i0.wp.com\/eltrabajo.cl\/portal\/wp-content\/uploads\/2015\/10\/Banda4.jpg?fit=300%2C198&#038;ssl=1\" data-large-file=\"https:\/\/i0.wp.com\/eltrabajo.cl\/portal\/wp-content\/uploads\/2015\/10\/Banda4.jpg?fit=530%2C350&#038;ssl=1\" src=\"https:\/\/i0.wp.com\/eltrabajo.cl\/portal\/wp-content\/uploads\/2015\/10\/Banda4.jpg?w=208&#038;h=137&#038;ssl=1\" srcset=\"https:\/\/i0.wp.com\/eltrabajo.cl\/portal\/wp-content\/uploads\/2015\/10\/Banda4.jpg?w=530&amp;ssl=1 530w, https:\/\/i0.wp.com\/eltrabajo.cl\/portal\/wp-content\/uploads\/2015\/10\/Banda4.jpg?resize=200%2C132&amp;ssl=1 200w, https:\/\/i0.wp.com\/eltrabajo.cl\/portal\/wp-content\/uploads\/2015\/10\/Banda4.jpg?resize=300%2C198&amp;ssl=1 300w, https:\/\/i0.wp.com\/eltrabajo.cl\/portal\/wp-content\/uploads\/2015\/10\/Banda4.jpg?resize=227%2C150&amp;ssl=1 227w, https:\/\/i0.wp.com\/eltrabajo.cl\/portal\/wp-content\/uploads\/2015\/10\/Banda4.jpg?resize=400%2C264&amp;ssl=1 400w\" width=\"208\" height=\"137\" loading=\"lazy\" data-original-width=\"208\" data-original-height=\"137\" itemprop=\"http:\/\/schema.org\/image\" title=\"Banda4\" alt=\"ABUELOS MUY ACTIVOS.- A este encuentro de bandas este a\u00f1o se incorpor\u00f3 la Banda del Adulto Mayor de Puente Alto, Santiago, ellos son personas mayores de 75 a\u00f1os de edad.\" style=\"width: 208px; height: 137px;\" \/> <\/a> <div class=\"tiled-gallery-caption\" itemprop=\"caption description\"> ABUELOS MUY ACTIVOS.- A este encuentro de bandas este a\u00f1o se incorpor\u00f3 la Banda del Adulto Mayor de Puente Alto, Santiago, ellos son personas mayores de 75 a\u00f1os de edad. <\/div> <\/div> <div class=\"tiled-gallery-item tiled-gallery-item-small\" itemprop=\"associatedMedia\" itemscope itemtype=\"http:\/\/schema.org\/ImageObject\"> <a href=\"https:\/\/eltrabajo.cl\/portal\/todo-un-exito-el-7o-campeonato-nacional-de-bandas-escolares\/banda5\/\" border=\"0\" itemprop=\"url\"> <meta itemprop=\"width\" content=\"208\"> <meta itemprop=\"height\" content=\"137\"> <img decoding=\"async\" class=\"\" data-attachment-id=\"62728\" data-orig-file=\"https:\/\/eltrabajo.cl\/portal\/wp-content\/uploads\/2015\/10\/Banda5.jpg\" data-orig-size=\"530,349\" data-comments-opened=\"1\" data-image-meta=\"{&quot;aperture&quot;:&quot;0&quot;,&quot;credit&quot;:&quot;&quot;,&quot;camera&quot;:&quot;&quot;,&quot;caption&quot;:&quot;&quot;,&quot;created_timestamp&quot;:&quot;0&quot;,&quot;copyright&quot;:&quot;&quot;,&quot;focal_length&quot;:&quot;0&quot;,&quot;iso&quot;:&quot;0&quot;,&quot;shutter_speed&quot;:&quot;0&quot;,&quot;title&quot;:&quot;&quot;,&quot;orientation&quot;:&quot;0&quot;}\" data-image-title=\"Banda5\" data-image-description=\"&lt;p&gt;TREMENDOS ARTISTAS.- Aqu\u00ed tenemos a estos campeones, cada uno de ellos lo dejaron todo en el estadio por su escuela.&lt;\/p&gt; \" data-medium-file=\"https:\/\/i0.wp.com\/eltrabajo.cl\/portal\/wp-content\/uploads\/2015\/10\/Banda5.jpg?fit=300%2C198&#038;ssl=1\" data-large-file=\"https:\/\/i0.wp.com\/eltrabajo.cl\/portal\/wp-content\/uploads\/2015\/10\/Banda5.jpg?fit=530%2C349&#038;ssl=1\" src=\"https:\/\/i0.wp.com\/eltrabajo.cl\/portal\/wp-content\/uploads\/2015\/10\/Banda5.jpg?w=208&#038;h=137&#038;ssl=1\" srcset=\"https:\/\/i0.wp.com\/eltrabajo.cl\/portal\/wp-content\/uploads\/2015\/10\/Banda5.jpg?w=530&amp;ssl=1 530w, https:\/\/i0.wp.com\/eltrabajo.cl\/portal\/wp-content\/uploads\/2015\/10\/Banda5.jpg?resize=200%2C132&amp;ssl=1 200w, https:\/\/i0.wp.com\/eltrabajo.cl\/portal\/wp-content\/uploads\/2015\/10\/Banda5.jpg?resize=300%2C198&amp;ssl=1 300w, https:\/\/i0.wp.com\/eltrabajo.cl\/portal\/wp-content\/uploads\/2015\/10\/Banda5.jpg?resize=228%2C150&amp;ssl=1 228w, https:\/\/i0.wp.com\/eltrabajo.cl\/portal\/wp-content\/uploads\/2015\/10\/Banda5.jpg?resize=400%2C263&amp;ssl=1 400w\" width=\"208\" height=\"137\" loading=\"lazy\" data-original-width=\"208\" data-original-height=\"137\" itemprop=\"http:\/\/schema.org\/image\" title=\"Banda5\" alt=\"TREMENDOS ARTISTAS.- Aqu\u00ed tenemos a estos campeones, cada uno de ellos lo dejaron todo en el estadio por su escuela.\" style=\"width: 208px; height: 137px;\" \/> <\/a> <div class=\"tiled-gallery-caption\" itemprop=\"caption description\"> TREMENDOS ARTISTAS.- Aqu\u00ed tenemos a estos campeones, cada uno de ellos lo dejaron todo en el estadio por su escuela. <\/div> <\/div> <\/div> <!-- close group --> <div class=\"gallery-group images-1\" style=\"width: 428px; height: 282px;\" data-original-width=\"428\" data-original-height=\"282\" > <div class=\"tiled-gallery-item tiled-gallery-item-large\" itemprop=\"associatedMedia\" itemscope itemtype=\"http:\/\/schema.org\/ImageObject\"> <a href=\"https:\/\/eltrabajo.cl\/portal\/todo-un-exito-el-7o-campeonato-nacional-de-bandas-escolares\/walter-arancibia-4\/\" border=\"0\" itemprop=\"url\"> <meta itemprop=\"width\" content=\"424\"> <meta itemprop=\"height\" content=\"278\"> <img decoding=\"async\" class=\"\" data-attachment-id=\"62729\" data-orig-file=\"https:\/\/eltrabajo.cl\/portal\/wp-content\/uploads\/2015\/10\/Walter-Arancibia.jpg\" data-orig-size=\"530,348\" data-comments-opened=\"1\" data-image-meta=\"{&quot;aperture&quot;:&quot;0&quot;,&quot;credit&quot;:&quot;&quot;,&quot;camera&quot;:&quot;&quot;,&quot;caption&quot;:&quot;&quot;,&quot;created_timestamp&quot;:&quot;0&quot;,&quot;copyright&quot;:&quot;&quot;,&quot;focal_length&quot;:&quot;0&quot;,&quot;iso&quot;:&quot;0&quot;,&quot;shutter_speed&quot;:&quot;0&quot;,&quot;title&quot;:&quot;&quot;,&quot;orientation&quot;:&quot;0&quot;}\" data-image-title=\"Walter Arancibia\" data-image-description=\"&lt;p&gt;Director del Dar\u00edo Salas, Walter Arancibia.&lt;\/p&gt; \" data-medium-file=\"https:\/\/i0.wp.com\/eltrabajo.cl\/portal\/wp-content\/uploads\/2015\/10\/Walter-Arancibia.jpg?fit=300%2C197&#038;ssl=1\" data-large-file=\"https:\/\/i0.wp.com\/eltrabajo.cl\/portal\/wp-content\/uploads\/2015\/10\/Walter-Arancibia.jpg?fit=530%2C348&#038;ssl=1\" src=\"https:\/\/i0.wp.com\/eltrabajo.cl\/portal\/wp-content\/uploads\/2015\/10\/Walter-Arancibia.jpg?w=424&#038;h=278&#038;ssl=1\" srcset=\"https:\/\/i0.wp.com\/eltrabajo.cl\/portal\/wp-content\/uploads\/2015\/10\/Walter-Arancibia.jpg?w=530&amp;ssl=1 530w, https:\/\/i0.wp.com\/eltrabajo.cl\/portal\/wp-content\/uploads\/2015\/10\/Walter-Arancibia.jpg?resize=200%2C131&amp;ssl=1 200w, https:\/\/i0.wp.com\/eltrabajo.cl\/portal\/wp-content\/uploads\/2015\/10\/Walter-Arancibia.jpg?resize=300%2C197&amp;ssl=1 300w, https:\/\/i0.wp.com\/eltrabajo.cl\/portal\/wp-content\/uploads\/2015\/10\/Walter-Arancibia.jpg?resize=228%2C150&amp;ssl=1 228w, https:\/\/i0.wp.com\/eltrabajo.cl\/portal\/wp-content\/uploads\/2015\/10\/Walter-Arancibia.jpg?resize=400%2C263&amp;ssl=1 400w\" width=\"424\" height=\"278\" loading=\"lazy\" data-original-width=\"424\" data-original-height=\"278\" itemprop=\"http:\/\/schema.org\/image\" title=\"Walter Arancibia\" alt=\"Director del Dar\u00edo Salas, Walter Arancibia.\" style=\"width: 424px; height: 278px;\" \/> <\/a> <div class=\"tiled-gallery-caption\" itemprop=\"caption description\"> Director del Dar\u00edo Salas, Walter Arancibia. <\/div> <\/div> <\/div> <!-- close group --> <\/div> <!-- close row --> <\/div>\n","protected":false},"excerpt":{"rendered":"<p>SANTA MAR\u00cdA.&#8211; El 7\u00ba Campeonato Nacional de bandas escolares que se realiz\u00f3 este viernes y s\u00e1bado en el Liceo Dar\u00edo Salas de Santa Mar\u00eda, simplemente fue un encuentro art\u00edstico-escolar de gran nivel&#8230;<\/p>\n","protected":false},"author":482,"featured_media":62724,"comment_status":"open","ping_status":"open","sticky":false,"template":"","format":"standard","meta":{"advanced_seo_description":"","jetpack_seo_html_title":"","jetpack_seo_noindex":false,"_jetpack_memberships_contains_paid_content":false,"footnotes":""},"categories":[15],"tags":[],"class_list":["post-62723","post","type-post","status-publish","format-standard","has-post-thumbnail","hentry","category-comunidad"],"jetpack_featured_media_url":"https:\/\/i0.wp.com\/eltrabajo.cl\/portal\/wp-content\/uploads\/2015\/10\/Banda1.jpg?fit=530%2C349&ssl=1","jetpack_sharing_enabled":true,"jetpack_likes_enabled":true,"jetpack-related-posts":[],"_links":{"self":[{"href":"https:\/\/eltrabajo.cl\/portal\/wp-json\/wp\/v2\/posts\/62723","targetHints":{"allow":["GET"]}}],"collection":[{"href":"https:\/\/eltrabajo.cl\/portal\/wp-json\/wp\/v2\/posts"}],"about":[{"href":"https:\/\/eltrabajo.cl\/portal\/wp-json\/wp\/v2\/types\/post"}],"author":[{"embeddable":true,"href":"https:\/\/eltrabajo.cl\/portal\/wp-json\/wp\/v2\/users\/482"}],"replies":[{"embeddable":true,"href":"https:\/\/eltrabajo.cl\/portal\/wp-json\/wp\/v2\/comments?post=62723"}],"version-history":[{"count":0,"href":"https:\/\/eltrabajo.cl\/portal\/wp-json\/wp\/v2\/posts\/62723\/revisions"}],"wp:featuredmedia":[{"embeddable":true,"href":"https:\/\/eltrabajo.cl\/portal\/wp-json\/wp\/v2\/media\/62724"}],"wp:attachment":[{"href":"https:\/\/eltrabajo.cl\/portal\/wp-json\/wp\/v2\/media?parent=62723"}],"wp:term":[{"taxonomy":"category","embeddable":true,"href":"https:\/\/eltrabajo.cl\/portal\/wp-json\/wp\/v2\/categories?post=62723"},{"taxonomy":"post_tag","embeddable":true,"href":"https:\/\/eltrabajo.cl\/portal\/wp-json\/wp\/v2\/tags?post=62723"}],"curies":[{"name":"wp","href":"https:\/\/api.w.org\/{rel}","templated":true}]}}