{"id":62732,"date":"2015-10-08T09:23:08","date_gmt":"2015-10-08T12:23:08","guid":{"rendered":"http:\/\/www.eltrabajo.cl\/portal\/?p=62732"},"modified":"2015-10-08T09:23:08","modified_gmt":"2015-10-08T12:23:08","slug":"diversas-autoridades-participaron-del-inicio-de-las-celebraciones-de-la-semana-de-la-salud-mental","status":"publish","type":"post","link":"https:\/\/eltrabajo.cl\/portal\/diversas-autoridades-participaron-del-inicio-de-las-celebraciones-de-la-semana-de-la-salud-mental\/","title":{"rendered":"Diversas autoridades participaron del inicio de las celebraciones de la Semana de la Salud Mental"},"content":{"rendered":"<figure id=\"attachment_62733\" aria-describedby=\"caption-attachment-62733\" style=\"width: 300px\" class=\"wp-caption alignleft\"><a href=\"https:\/\/i0.wp.com\/www.eltrabajo.cl\/portal\/wp-content\/uploads\/2015\/10\/Inicio-Semana-de-la-Salud-Mental-1.jpg\"><img data-recalc-dims=\"1\" loading=\"lazy\" decoding=\"async\" class=\"wp-image-62733 size-medium\" src=\"https:\/\/i0.wp.com\/www.eltrabajo.cl\/portal\/wp-content\/uploads\/2015\/10\/Inicio-Semana-de-la-Salud-Mental-1-300x197.jpg?resize=300%2C197\" alt=\"El Grupo Folcl\u00f3rico \u2018Aires de Cordillera\u2019 de la Municipalidad de San Felipe, particip\u00f3 de las celebraciones, deslumbrando a los presentes con un baile de la tirana. \" width=\"300\" height=\"197\" srcset=\"https:\/\/i0.wp.com\/eltrabajo.cl\/portal\/wp-content\/uploads\/2015\/10\/Inicio-Semana-de-la-Salud-Mental-1.jpg?resize=300%2C197&amp;ssl=1 300w, https:\/\/i0.wp.com\/eltrabajo.cl\/portal\/wp-content\/uploads\/2015\/10\/Inicio-Semana-de-la-Salud-Mental-1.jpg?resize=200%2C131&amp;ssl=1 200w, https:\/\/i0.wp.com\/eltrabajo.cl\/portal\/wp-content\/uploads\/2015\/10\/Inicio-Semana-de-la-Salud-Mental-1.jpg?resize=228%2C150&amp;ssl=1 228w, https:\/\/i0.wp.com\/eltrabajo.cl\/portal\/wp-content\/uploads\/2015\/10\/Inicio-Semana-de-la-Salud-Mental-1.jpg?resize=400%2C263&amp;ssl=1 400w, https:\/\/i0.wp.com\/eltrabajo.cl\/portal\/wp-content\/uploads\/2015\/10\/Inicio-Semana-de-la-Salud-Mental-1.jpg?w=530&amp;ssl=1 530w\" sizes=\"auto, (max-width: 300px) 100vw, 300px\" \/><\/a><figcaption id=\"caption-attachment-62733\" class=\"wp-caption-text\">El Grupo Folcl\u00f3rico \u2018Aires de Cordillera\u2019 de la Municipalidad de San Felipe, particip\u00f3 de las celebraciones, deslumbrando a los presentes con un baile de la tirana.<\/figcaption><\/figure>\n<ul>\n<li><strong>Bajo el lema \u2018Dignidad en Salud Mental\u2019, el Servicio de Salud Aconcagua y Hospital Psiqui\u00e1trico Dr. Philippe Pinel desarrollar\u00e1n una serie de actividades recreativas y de fortalecimiento con sus usuarios y comunidad.<\/strong><\/li>\n<\/ul>\n<p><strong>PUTAENDO.<\/strong>&#8211; Como una manera de potenciar enfoques como la rehabilitaci\u00f3n y reforzar los v\u00ednculos con la comunidad, se dio inicio de manera oficial a las actividades de conmemoraci\u00f3n de la Semana de la Salud Mental, instancia en la cual el Hospital Psiqui\u00e1trico de Putaendo efectuar\u00e1 una serie de eventos relacionados a esta importante materia.<\/p>\n<figure id=\"attachment_62734\" aria-describedby=\"caption-attachment-62734\" style=\"width: 300px\" class=\"wp-caption alignright\"><a href=\"https:\/\/i0.wp.com\/www.eltrabajo.cl\/portal\/wp-content\/uploads\/2015\/10\/Inicio-Semana-de-la-Salud-Mental-2.jpg\"><img data-recalc-dims=\"1\" loading=\"lazy\" decoding=\"async\" class=\"wp-image-62734 size-medium\" src=\"https:\/\/i0.wp.com\/www.eltrabajo.cl\/portal\/wp-content\/uploads\/2015\/10\/Inicio-Semana-de-la-Salud-Mental-2-300x198.jpg?resize=300%2C198\" alt=\"La actividad se realiz\u00f3 en el Hogar Protegido San Felipe El Real donde asistieron autoridades y gran cantidad de usuarios de los dispositivos comunitarios.\" width=\"300\" height=\"198\" srcset=\"https:\/\/i0.wp.com\/eltrabajo.cl\/portal\/wp-content\/uploads\/2015\/10\/Inicio-Semana-de-la-Salud-Mental-2.jpg?resize=300%2C198&amp;ssl=1 300w, https:\/\/i0.wp.com\/eltrabajo.cl\/portal\/wp-content\/uploads\/2015\/10\/Inicio-Semana-de-la-Salud-Mental-2.jpg?resize=200%2C132&amp;ssl=1 200w, https:\/\/i0.wp.com\/eltrabajo.cl\/portal\/wp-content\/uploads\/2015\/10\/Inicio-Semana-de-la-Salud-Mental-2.jpg?resize=228%2C150&amp;ssl=1 228w, https:\/\/i0.wp.com\/eltrabajo.cl\/portal\/wp-content\/uploads\/2015\/10\/Inicio-Semana-de-la-Salud-Mental-2.jpg?resize=400%2C263&amp;ssl=1 400w, https:\/\/i0.wp.com\/eltrabajo.cl\/portal\/wp-content\/uploads\/2015\/10\/Inicio-Semana-de-la-Salud-Mental-2.jpg?w=530&amp;ssl=1 530w\" sizes=\"auto, (max-width: 300px) 100vw, 300px\" \/><\/a><figcaption id=\"caption-attachment-62734\" class=\"wp-caption-text\">La actividad se realiz\u00f3 en el Hogar Protegido San Felipe El Real donde asistieron autoridades y gran cantidad de usuarios de los dispositivos comunitarios.<\/figcaption><\/figure>\n<p>El lugar escogido para dar el vamos a esta trascendente fecha fue el Hogar Protegido San Felipe El Real, principalmente con el objetivo de dar a conocer a las autoridades y comunidad en general la gran labor que estos dispositivos comunitarios realizan en cuanto a la reintegraci\u00f3n a la comunidad de personas en situaci\u00f3n de discapacidad mental, hecho que fue destacado por el encargado del recinto, Luis Palavecino D\u00edaz, quien agreg\u00f3 \u201cme parece maravilloso que nuestro hogar haya sido escogido para iniciar algo tan importante como la Semana de la Salud Mental, porque aqu\u00ed se hace un gran trabajo para que nuestros usuarios puedan tener un papel importante en la comunidad\u201d, destac\u00f3.<br \/>\nEn el acto oficial estuvo presente la Directora del Servicio de Salud Aconcagua, Dra. Vilma Olave, adem\u00e1s del Jefe de la Unidad de Salud Mental del Ministerio de Salud, Dr. Rafael Sep\u00falveda, el Dr. Jaime Retamal, Director del Hospital Psiqui\u00e1trico de Putaendo, el delegado de la Seremi de Gobierno, Igor Carrasco, el alcalde de San Felipe, Patricio Freire, integrantes del Codelo del Hospital, dirigentes y usuarios de los dispositivos comunitarios.<br \/>\nPara el Dr. Jaime Retamal Garrido, Director del Hospital Psiqui\u00e1trico Dr. Philippe Pinel de Putaendo, esta semana tiene m\u00faltiples objetivos \u201cel primero de ellos es fortalecer la apertura de espacios para nuestros usuarios por medio de diversas actividades, tambi\u00e9n un fuerte componente comunitario donde aspiramos a que como Hospital sigamos abriendo nuestras puertas principalmente a los habitantes de Putaendo con iniciativas como el primer Operativo de Salud Mental que vamos a efectuar esta semana en una localidad rural y otras instancias que buscan vincular a nuestros usuarios con la comunidad y que a su vez ellas y ellos sean vistos como sujetos de derecho\u201d, precis\u00f3 el profesional.<br \/>\n\u201cMe siento feliz de tener una actividad en la cual podamos compartir un espacio como iguales\u201d, as\u00ed comenz\u00f3 su intervenci\u00f3n la Directora del Servicio de Salud Aconcagua, quien agreg\u00f3 que el motivo de esta fecha es la promoci\u00f3n de la salud mental como una calidad de vida donde las personas puedan desarrollarse mejor desde esa perspectiva.<br \/>\nEl Grupo Folcl\u00f3rico \u2018Aires de Cordillera\u2019 de la Municipalidad de San Felipe, conformado por 15 personas en situaci\u00f3n de discapacidad ps\u00edquica deslumbr\u00f3 y emocion\u00f3 a los presentes con un muy bien preparado baile a la tirana, dando el punto de partida a las actividades de la Semana de la Salud Mental, que finalizar\u00e1 este s\u00e1bado 10 de octubre, a las 10:00 horas con una gran cicletada familiar que saldr\u00e1 desde el frontis del Hospital Psiqui\u00e1trico de Putaendo hasta la Plaza de Putaendo, donde por supuesto, \u00a1est\u00e1n todas y todos invitados!.<\/p>\n","protected":false},"excerpt":{"rendered":"<p>Bajo el lema \u2018Dignidad en Salud Mental\u2019, el Servicio de Salud Aconcagua y Hospital Psiqui\u00e1trico Dr. Philippe Pinel desarrollar\u00e1n una serie de actividades recreativas y de fortalecimiento con sus usuarios y comunidad&#8230;.<\/p>\n","protected":false},"author":482,"featured_media":62733,"comment_status":"open","ping_status":"open","sticky":false,"template":"","format":"standard","meta":{"advanced_seo_description":"","jetpack_seo_html_title":"","jetpack_seo_noindex":false,"_jetpack_memberships_contains_paid_content":false,"footnotes":""},"categories":[1],"tags":[],"class_list":["post-62732","post","type-post","status-publish","format-standard","has-post-thumbnail","hentry","category-cronica"],"jetpack_featured_media_url":"https:\/\/i0.wp.com\/eltrabajo.cl\/portal\/wp-content\/uploads\/2015\/10\/Inicio-Semana-de-la-Salud-Mental-1.jpg?fit=530%2C348&ssl=1","jetpack_sharing_enabled":true,"jetpack_likes_enabled":true,"jetpack-related-posts":[],"_links":{"self":[{"href":"https:\/\/eltrabajo.cl\/portal\/wp-json\/wp\/v2\/posts\/62732","targetHints":{"allow":["GET"]}}],"collection":[{"href":"https:\/\/eltrabajo.cl\/portal\/wp-json\/wp\/v2\/posts"}],"about":[{"href":"https:\/\/eltrabajo.cl\/portal\/wp-json\/wp\/v2\/types\/post"}],"author":[{"embeddable":true,"href":"https:\/\/eltrabajo.cl\/portal\/wp-json\/wp\/v2\/users\/482"}],"replies":[{"embeddable":true,"href":"https:\/\/eltrabajo.cl\/portal\/wp-json\/wp\/v2\/comments?post=62732"}],"version-history":[{"count":0,"href":"https:\/\/eltrabajo.cl\/portal\/wp-json\/wp\/v2\/posts\/62732\/revisions"}],"wp:featuredmedia":[{"embeddable":true,"href":"https:\/\/eltrabajo.cl\/portal\/wp-json\/wp\/v2\/media\/62733"}],"wp:attachment":[{"href":"https:\/\/eltrabajo.cl\/portal\/wp-json\/wp\/v2\/media?parent=62732"}],"wp:term":[{"taxonomy":"category","embeddable":true,"href":"https:\/\/eltrabajo.cl\/portal\/wp-json\/wp\/v2\/categories?post=62732"},{"taxonomy":"post_tag","embeddable":true,"href":"https:\/\/eltrabajo.cl\/portal\/wp-json\/wp\/v2\/tags?post=62732"}],"curies":[{"name":"wp","href":"https:\/\/api.w.org\/{rel}","templated":true}]}}