{"id":62736,"date":"2015-10-08T09:24:56","date_gmt":"2015-10-08T12:24:56","guid":{"rendered":"http:\/\/www.eltrabajo.cl\/portal\/?p=62736"},"modified":"2015-10-08T09:24:56","modified_gmt":"2015-10-08T12:24:56","slug":"autoridades-y-representantes-de-chilquinta-se-reunen-para-analizar-situacion-comunal","status":"publish","type":"post","link":"https:\/\/eltrabajo.cl\/portal\/autoridades-y-representantes-de-chilquinta-se-reunen-para-analizar-situacion-comunal\/","title":{"rendered":"Autoridades y representantes de Chilquinta se re\u00fanen para analizar situaci\u00f3n comunal"},"content":{"rendered":"<figure id=\"attachment_62737\" aria-describedby=\"caption-attachment-62737\" style=\"width: 300px\" class=\"wp-caption alignleft\"><a href=\"https:\/\/i0.wp.com\/www.eltrabajo.cl\/portal\/wp-content\/uploads\/2015\/10\/Alcalde-y-Chilquinta.jpg\"><img data-recalc-dims=\"1\" loading=\"lazy\" decoding=\"async\" class=\"wp-image-62737 size-medium\" src=\"https:\/\/i0.wp.com\/www.eltrabajo.cl\/portal\/wp-content\/uploads\/2015\/10\/Alcalde-y-Chilquinta-300x198.jpg?resize=300%2C198\" alt=\"El alcalde Guillermo Reyes y representantes de Chilquinta, encabezados por el jefe zonal Aconcagua, Manuel Delgado Fern\u00e1ndez se reunieron para establecer canales de comunicaci\u00f3n ante reiterados cortes en la comuna.\" width=\"300\" height=\"198\" srcset=\"https:\/\/i0.wp.com\/eltrabajo.cl\/portal\/wp-content\/uploads\/2015\/10\/Alcalde-y-Chilquinta.jpg?resize=300%2C198&amp;ssl=1 300w, https:\/\/i0.wp.com\/eltrabajo.cl\/portal\/wp-content\/uploads\/2015\/10\/Alcalde-y-Chilquinta.jpg?resize=200%2C132&amp;ssl=1 200w, https:\/\/i0.wp.com\/eltrabajo.cl\/portal\/wp-content\/uploads\/2015\/10\/Alcalde-y-Chilquinta.jpg?resize=228%2C150&amp;ssl=1 228w, https:\/\/i0.wp.com\/eltrabajo.cl\/portal\/wp-content\/uploads\/2015\/10\/Alcalde-y-Chilquinta.jpg?resize=400%2C263&amp;ssl=1 400w, https:\/\/i0.wp.com\/eltrabajo.cl\/portal\/wp-content\/uploads\/2015\/10\/Alcalde-y-Chilquinta.jpg?w=530&amp;ssl=1 530w\" sizes=\"auto, (max-width: 300px) 100vw, 300px\" \/><\/a><figcaption id=\"caption-attachment-62737\" class=\"wp-caption-text\">El alcalde Guillermo Reyes y representantes de Chilquinta, encabezados por el jefe zonal Aconcagua, Manuel Delgado Fern\u00e1ndez se reunieron para establecer canales de comunicaci\u00f3n ante reiterados cortes en la comuna.<\/figcaption><\/figure>\n<ul>\n<li><strong>En la ocasi\u00f3n, el edil acord\u00f3 con el jefe zonal de la empresa de energ\u00eda mejorar la comunicaci\u00f3n entre ambas instituciones, con la finalidad de mantener siempre informada a la ciudadan\u00eda sobre cortes o emergencias el\u00e9ctricas.<\/strong><\/li>\n<\/ul>\n<p><strong>PUTAENDO.<\/strong>&#8211; Una fruct\u00edfera reuni\u00f3n fue la sostenida entre el alcalde Guillermo Reyes y personeros de Chilquinta, encabezados por el jefe zonal Aconcagua, Manuel Delgado Fern\u00e1ndez. En el encuentro fueron tratados diferentes temas que tienen a Putaendo como eje principal de los trabajos de la empresa de suministro el\u00e9ctrico.<br \/>\nEn efecto, la cita entre ambas entidades se fij\u00f3 despu\u00e9s que el alcalde Guillermo Reyes expresara p\u00fablicamente la inquietud de vecinos de Piguch\u00e9n, Poblaci\u00f3n Hidalgo y Lo Vicu\u00f1a. El 24 de septiembre un corte de energ\u00eda el\u00e9ctrica, que dur\u00f3 bastantes horas, tuvo nulas estrategias comunicativas de Chilquinta hacia el municipio. En este sentido, se busc\u00f3 generar instancias de di\u00e1logo.<br \/>\n\u201cLa localidad de Piguch\u00e9n, donde viven m\u00e1s de 1500 personas, estuvo sin luz por mucho tiempo. Ah\u00ed se est\u00e1 ejecutando un proyecto de alcantarillado p\u00fablico y todas las calles de ese sector est\u00e1n abiertas por la construcci\u00f3n del colector de aguas servidas. Eso, en el contexto de un apag\u00f3n por tantas horas, generaba un riesgo que incluso pudo haber terminado en una desgracia. Eso podr\u00eda haber sido una complicaci\u00f3n adicional para la misma compa\u00f1\u00eda\u201d, contextualiz\u00f3 la m\u00e1xima autoridad comunal.<br \/>\nSin embargo, la inquietud m\u00e1s importante recae en el acceso de la informaci\u00f3n de los habitantes que ped\u00edan al municipio. Como no hubo espacios de comunicaci\u00f3n desde Chilquinta, no exist\u00eda certeza de la reposici\u00f3n del servicio. No era la primera vez que ocurr\u00eda, puesto que durante el terremoto se vivi\u00f3 una situaci\u00f3n similar.<br \/>\n\u201cVamos a mejorar la comunicaci\u00f3n entre el subgerente y el alcalde, de manera que cuando ocurra algo parecido, \u00e9l me avise, nos d\u00e9 un horario que se va a cumplir. El alcalde explicar\u00e1 a trav\u00e9s de los medios de comunicaci\u00f3n y tranquilizar\u00e1 a la comunidad con la informaci\u00f3n recibida. La idea es decir que los problemas de suministros de electricidad estar\u00e1n resueltos a una hora que se debe cumplir\u201d, explic\u00f3 Guillermo Reyes como una de las medidas resolutivas de la reuni\u00f3n.<br \/>\nEn el encuentro, el alcalde aconsej\u00f3 a la empresa a mejorar sus estrategias comunicativas con sus clientes. \u201cEn el Ministerio de Salud, a trav\u00e9s de mensaje de texto, a la gente se le da un mensaje de texto si tiene hora a un doctor o si le fue cambiada o cancelada su citaci\u00f3n. Creo que ser\u00eda eficiente que se enviar\u00e1 informaci\u00f3n a los vecinos a trav\u00e9s de mensaje de texto, al decir los sectores que est\u00e1n sin energ\u00eda el\u00e9ctrica, que dejar\u00edan de llamar al municipio, a la L\u00ednea 600, porque tendr\u00eda un testimonio formal de su compa\u00f1\u00eda el\u00e9ctrica\u201d, expres\u00f3.<\/p>\n<p><strong>MENSAJE DE TRANQUILIDAD<\/strong><br \/>\nPor su parte, el jefe zonal Aconcagua de Chilquinta, Manuel Delgado Fern\u00e1ndez, inform\u00f3 que, actualmente, Putaendo es importante para la empresa. Una de las razones es la ejecuci\u00f3n de un proyecto de 300 millones de pesos que permitir\u00e1 un nuevo conector para la comuna.<br \/>\n\u201cLa inversi\u00f3n es para que cada vez que hab\u00eda un poste chocado, como ocurr\u00eda hace un par de meses, no quede toda la comuna sin energ\u00eda. Estamos haciendo otro conectador, para que en caso de que la energ\u00eda se corte, podamos respaldar por otro sistema a la comuna. Si bien es cierto son ocho mil clientes, para nosotros son ocho mil familias que no podemos dejar de darles energ\u00eda\u201d, expres\u00f3 Fern\u00e1ndez.<br \/>\nDesde Chilquinta, anunciaron que el corte de energ\u00eda del pasado 24 de septiembre se debi\u00f3 a la ca\u00edda de \u00e1rboles, desde zonas particulares, que da\u00f1aron el tendido el\u00e9ctrico. De esta forma, ya se han invertido 22 millones en una campa\u00f1a de poda de \u00e1rboles en toda la comuna.<br \/>\n\u201cHemos enviado carta a los clientes para que puedan podar o, de lo que contrario, pedirnos a nosotros que podemos. Esto tiene un costo, pero lo que nosotros hacemos es podar sin marginar nada y traspasar s\u00f3lo el costo de la poda. Eso conlleva a dos cosas: que los clientes tengan energ\u00eda y que nosotros no tengamos interrupciones\u201d, explic\u00f3 el jefe zonal Aconcagua.<br \/>\n\u201cEl mensaje que queremos darles es de tranquilidad. Nosotros estamos trabajando arduamente. Hemos hecho una inversi\u00f3n de casi 300 millones al d\u00eda de hoy y seguimos haciendo el trabajo de la poda. Llevamos cerca de 22 millones gastados y lo que queremos es que no se vuelva a sufrir con los cortes de energ\u00eda cada vez que haya un temporal o un terremoto\u201d, concluy\u00f3 Delgado.<\/p>\n","protected":false},"excerpt":{"rendered":"<p>En la ocasi\u00f3n, el edil acord\u00f3 con el jefe zonal de la empresa de energ\u00eda mejorar la comunicaci\u00f3n entre ambas instituciones, con la finalidad de mantener siempre informada a la ciudadan\u00eda sobre&#8230;<\/p>\n","protected":false},"author":482,"featured_media":62737,"comment_status":"open","ping_status":"open","sticky":false,"template":"","format":"standard","meta":{"advanced_seo_description":"","jetpack_seo_html_title":"","jetpack_seo_noindex":false,"_jetpack_memberships_contains_paid_content":false,"footnotes":""},"categories":[1],"tags":[],"class_list":["post-62736","post","type-post","status-publish","format-standard","has-post-thumbnail","hentry","category-cronica"],"jetpack_featured_media_url":"https:\/\/i0.wp.com\/eltrabajo.cl\/portal\/wp-content\/uploads\/2015\/10\/Alcalde-y-Chilquinta.jpg?fit=530%2C349&ssl=1","jetpack_sharing_enabled":true,"jetpack_likes_enabled":true,"jetpack-related-posts":[],"_links":{"self":[{"href":"https:\/\/eltrabajo.cl\/portal\/wp-json\/wp\/v2\/posts\/62736","targetHints":{"allow":["GET"]}}],"collection":[{"href":"https:\/\/eltrabajo.cl\/portal\/wp-json\/wp\/v2\/posts"}],"about":[{"href":"https:\/\/eltrabajo.cl\/portal\/wp-json\/wp\/v2\/types\/post"}],"author":[{"embeddable":true,"href":"https:\/\/eltrabajo.cl\/portal\/wp-json\/wp\/v2\/users\/482"}],"replies":[{"embeddable":true,"href":"https:\/\/eltrabajo.cl\/portal\/wp-json\/wp\/v2\/comments?post=62736"}],"version-history":[{"count":0,"href":"https:\/\/eltrabajo.cl\/portal\/wp-json\/wp\/v2\/posts\/62736\/revisions"}],"wp:featuredmedia":[{"embeddable":true,"href":"https:\/\/eltrabajo.cl\/portal\/wp-json\/wp\/v2\/media\/62737"}],"wp:attachment":[{"href":"https:\/\/eltrabajo.cl\/portal\/wp-json\/wp\/v2\/media?parent=62736"}],"wp:term":[{"taxonomy":"category","embeddable":true,"href":"https:\/\/eltrabajo.cl\/portal\/wp-json\/wp\/v2\/categories?post=62736"},{"taxonomy":"post_tag","embeddable":true,"href":"https:\/\/eltrabajo.cl\/portal\/wp-json\/wp\/v2\/tags?post=62736"}],"curies":[{"name":"wp","href":"https:\/\/api.w.org\/{rel}","templated":true}]}}