{"id":62746,"date":"2015-10-08T09:36:53","date_gmt":"2015-10-08T12:36:53","guid":{"rendered":"http:\/\/www.eltrabajo.cl\/portal\/?p=62746"},"modified":"2015-10-08T09:36:53","modified_gmt":"2015-10-08T12:36:53","slug":"avezado-delincuente-robo-billetera-a-pasajero-de-microbus-local","status":"publish","type":"post","link":"https:\/\/eltrabajo.cl\/portal\/avezado-delincuente-robo-billetera-a-pasajero-de-microbus-local\/","title":{"rendered":"Avezado delincuente rob\u00f3 billetera a pasajero de microb\u00fas local"},"content":{"rendered":"<figure id=\"attachment_62747\" aria-describedby=\"caption-attachment-62747\" style=\"width: 300px\" class=\"wp-caption alignleft\"><a href=\"https:\/\/i0.wp.com\/www.eltrabajo.cl\/portal\/wp-content\/uploads\/2015\/10\/JOSIAS-EDUARDO-ASTUDILLO-CASTILLO.jpg\"><img data-recalc-dims=\"1\" loading=\"lazy\" decoding=\"async\" class=\"wp-image-62747 size-medium\" src=\"https:\/\/i0.wp.com\/www.eltrabajo.cl\/portal\/wp-content\/uploads\/2015\/10\/JOSIAS-EDUARDO-ASTUDILLO-CASTILLO-300x197.jpg?resize=300%2C197\" alt=\"Jos\u00edas Eduardo Astudillo Castillo de 43 a\u00f1os de edad, cuenta con un nutrido prontuario por diversos delitos, tras esta detenci\u00f3n recuper\u00f3 nuevamente su libertad.\" width=\"300\" height=\"197\" srcset=\"https:\/\/i0.wp.com\/eltrabajo.cl\/portal\/wp-content\/uploads\/2015\/10\/JOSIAS-EDUARDO-ASTUDILLO-CASTILLO.jpg?resize=300%2C197&amp;ssl=1 300w, https:\/\/i0.wp.com\/eltrabajo.cl\/portal\/wp-content\/uploads\/2015\/10\/JOSIAS-EDUARDO-ASTUDILLO-CASTILLO.jpg?resize=200%2C131&amp;ssl=1 200w, https:\/\/i0.wp.com\/eltrabajo.cl\/portal\/wp-content\/uploads\/2015\/10\/JOSIAS-EDUARDO-ASTUDILLO-CASTILLO.jpg?resize=228%2C150&amp;ssl=1 228w, https:\/\/i0.wp.com\/eltrabajo.cl\/portal\/wp-content\/uploads\/2015\/10\/JOSIAS-EDUARDO-ASTUDILLO-CASTILLO.jpg?resize=400%2C263&amp;ssl=1 400w, https:\/\/i0.wp.com\/eltrabajo.cl\/portal\/wp-content\/uploads\/2015\/10\/JOSIAS-EDUARDO-ASTUDILLO-CASTILLO.jpg?w=530&amp;ssl=1 530w\" sizes=\"auto, (max-width: 300px) 100vw, 300px\" \/><\/a><figcaption id=\"caption-attachment-62747\" class=\"wp-caption-text\">Jos\u00edas Eduardo Astudillo Castillo de 43 a\u00f1os de edad, cuenta con un nutrido prontuario por diversos delitos, tras esta detenci\u00f3n recuper\u00f3 nuevamente su libertad.<\/figcaption><\/figure>\n<ul>\n<li><strong>Este peligroso antisocial mantiene 14 aprehensiones policiales por delitos cometidos en las comunas de La Calera, La Ligua, Santiago, San Felipe y Los Andes, recuperando su libertad.<\/strong><\/li>\n<\/ul>\n<p>Fue el mismo conductor de un microb\u00fas del recorrido local en San Felipe, quien atrap\u00f3 a un peligroso delincuente que segundos antes rob\u00f3 la billetera de un pasajero. El chofer decidi\u00f3 cerrar las puertas del m\u00f3vil para dejar atrapado al antisocial y entregarlo directamente a Carabineros.<br \/>\nLos hechos ocurrieron a eso de las 16:45 horas del pasado martes, cuando el microb\u00fas transitaba por calle Artem\u00f3n Cifuentes en San Felipe, momento en que un pasajero se percat\u00f3 que un sujeto desconocido se sent\u00f3 a su lado y en un descuido se apoder\u00f3 de su billetera que manten\u00eda al interior de su chaqueta.<br \/>\nEl afectado, al advertir el robo, increp\u00f3 directamente al sospechoso, situaci\u00f3n en la que intervino el conductor del microb\u00fas, cerrando los accesos de entrada y salida de la m\u00e1quina para impedir que el delincuente escapara, dirigi\u00e9ndose hasta una patrulla de Carabineros para denunciar el delito.<br \/>\nLos efectivos policiales que se encontraban realizando patrullajes preventivos a metros del lugar de los hechos, ingresaron hasta el microb\u00fas para entrevistarse con el acusado, comprobando que \u00e9ste manten\u00eda en su poder la billetera de propiedad de la v\u00edctima por lo cual, al configurarse el delito de robo, fue detenido y trasladado hasta la unidad policial.<br \/>\nCarabineros individualiz\u00f3 a este sujeto como Jos\u00edas Eduardo Astudillo Castillo, quien cuenta con un nutrido prontuario por diversos delitos cometidos en las comunas de La Calera, La Ligua, San Felipe, Los Andes y la Regi\u00f3n Metropolitana, ascendiendo a un total de 14 aprehensiones.<br \/>\nLa detenci\u00f3n de este antisocial fue controlada en el Juzgado de Garant\u00eda de San Felipe, siendo formalizado por la Fiscal\u00eda por el delito de robo por sorpresa, quedando sujeto a cautelares de firma quincenal en Carabineros y la prohibici\u00f3n de acercarse a la v\u00edctima dentro de los 60 d\u00edas fijados para la investigaci\u00f3n, recuperando su libertad al t\u00e9rmino de la audiencia.<br \/>\n<strong>Pablo Salinas Sald\u00edas<\/strong><\/p>\n","protected":false},"excerpt":{"rendered":"<p>Este peligroso antisocial mantiene 14 aprehensiones policiales por delitos cometidos en las comunas de La Calera, La Ligua, Santiago, San Felipe y Los Andes, recuperando su libertad. Fue el mismo conductor de&#8230;<\/p>\n","protected":false},"author":482,"featured_media":62747,"comment_status":"open","ping_status":"open","sticky":false,"template":"","format":"standard","meta":{"advanced_seo_description":"","jetpack_seo_html_title":"","jetpack_seo_noindex":false,"_jetpack_memberships_contains_paid_content":false,"footnotes":""},"categories":[21],"tags":[],"class_list":["post-62746","post","type-post","status-publish","format-standard","has-post-thumbnail","hentry","category-policial"],"jetpack_featured_media_url":"https:\/\/i0.wp.com\/eltrabajo.cl\/portal\/wp-content\/uploads\/2015\/10\/JOSIAS-EDUARDO-ASTUDILLO-CASTILLO.jpg?fit=530%2C348&ssl=1","jetpack_sharing_enabled":true,"jetpack_likes_enabled":true,"jetpack-related-posts":[],"_links":{"self":[{"href":"https:\/\/eltrabajo.cl\/portal\/wp-json\/wp\/v2\/posts\/62746","targetHints":{"allow":["GET"]}}],"collection":[{"href":"https:\/\/eltrabajo.cl\/portal\/wp-json\/wp\/v2\/posts"}],"about":[{"href":"https:\/\/eltrabajo.cl\/portal\/wp-json\/wp\/v2\/types\/post"}],"author":[{"embeddable":true,"href":"https:\/\/eltrabajo.cl\/portal\/wp-json\/wp\/v2\/users\/482"}],"replies":[{"embeddable":true,"href":"https:\/\/eltrabajo.cl\/portal\/wp-json\/wp\/v2\/comments?post=62746"}],"version-history":[{"count":0,"href":"https:\/\/eltrabajo.cl\/portal\/wp-json\/wp\/v2\/posts\/62746\/revisions"}],"wp:featuredmedia":[{"embeddable":true,"href":"https:\/\/eltrabajo.cl\/portal\/wp-json\/wp\/v2\/media\/62747"}],"wp:attachment":[{"href":"https:\/\/eltrabajo.cl\/portal\/wp-json\/wp\/v2\/media?parent=62746"}],"wp:term":[{"taxonomy":"category","embeddable":true,"href":"https:\/\/eltrabajo.cl\/portal\/wp-json\/wp\/v2\/categories?post=62746"},{"taxonomy":"post_tag","embeddable":true,"href":"https:\/\/eltrabajo.cl\/portal\/wp-json\/wp\/v2\/tags?post=62746"}],"curies":[{"name":"wp","href":"https:\/\/api.w.org\/{rel}","templated":true}]}}