{"id":62749,"date":"2015-10-08T09:38:21","date_gmt":"2015-10-08T12:38:21","guid":{"rendered":"http:\/\/www.eltrabajo.cl\/portal\/?p=62749"},"modified":"2015-10-08T09:38:21","modified_gmt":"2015-10-08T12:38:21","slug":"con-una-verdadera-fiesta-gastronomica-y-artesanal-celebraran-18-chico-en-el-asiento","status":"publish","type":"post","link":"https:\/\/eltrabajo.cl\/portal\/con-una-verdadera-fiesta-gastronomica-y-artesanal-celebraran-18-chico-en-el-asiento\/","title":{"rendered":"Con una verdadera fiesta gastron\u00f3mica y artesanal celebrar\u00e1n \u201818 chico\u2019 en El Asiento"},"content":{"rendered":"<figure id=\"attachment_62750\" aria-describedby=\"caption-attachment-62750\" style=\"width: 300px\" class=\"wp-caption alignleft\"><a href=\"https:\/\/i0.wp.com\/www.eltrabajo.cl\/portal\/wp-content\/uploads\/2015\/10\/18-chico.jpg\"><img data-recalc-dims=\"1\" loading=\"lazy\" decoding=\"async\" class=\"wp-image-62750 size-medium\" src=\"https:\/\/i0.wp.com\/www.eltrabajo.cl\/portal\/wp-content\/uploads\/2015\/10\/18-chico-300x198.jpg?resize=300%2C198\" alt=\"El pr\u00f3ximo s\u00e1bado 17 de octubre, con muestras gastron\u00f3micas y artesanales, iniciar\u00e1n las actividades de celebraci\u00f3n del \u201818 chico\u2019 en El Asiento.\" width=\"300\" height=\"198\" srcset=\"https:\/\/i0.wp.com\/eltrabajo.cl\/portal\/wp-content\/uploads\/2015\/10\/18-chico.jpg?resize=300%2C198&amp;ssl=1 300w, https:\/\/i0.wp.com\/eltrabajo.cl\/portal\/wp-content\/uploads\/2015\/10\/18-chico.jpg?resize=200%2C132&amp;ssl=1 200w, https:\/\/i0.wp.com\/eltrabajo.cl\/portal\/wp-content\/uploads\/2015\/10\/18-chico.jpg?resize=227%2C150&amp;ssl=1 227w, https:\/\/i0.wp.com\/eltrabajo.cl\/portal\/wp-content\/uploads\/2015\/10\/18-chico.jpg?resize=400%2C264&amp;ssl=1 400w, https:\/\/i0.wp.com\/eltrabajo.cl\/portal\/wp-content\/uploads\/2015\/10\/18-chico.jpg?w=530&amp;ssl=1 530w\" sizes=\"auto, (max-width: 300px) 100vw, 300px\" \/><\/a><figcaption id=\"caption-attachment-62750\" class=\"wp-caption-text\">El pr\u00f3ximo s\u00e1bado 17 de octubre, con muestras gastron\u00f3micas y artesanales, iniciar\u00e1n las actividades de celebraci\u00f3n del \u201818 chico\u2019 en El Asiento.<\/figcaption><\/figure>\n<p>El pr\u00f3ximo s\u00e1bado 17 de octubre la Municipalidad de San Felipe, a trav\u00e9s de su unidad de Turismo y Patrimonio celebrar\u00e1 el \u201818 chico\u2019, con una serie de entretenidas actividades para todos los vecinos del Valle de Aconcagua.<br \/>\nAs\u00ed lo dio a conocer este mi\u00e9rcoles el alcalde Patricio Freire quien inform\u00f3 el programa que contempla esta celebraci\u00f3n, que por segundo a\u00f1o consecutivo se realizar\u00e1 en el sector El Asiento, demostrando de esta forma el compromiso de esta gesti\u00f3n alcaldicia con los sectores rurales de la comuna.<br \/>\nLa actividad es organizada por el \u00e1rea de Turismo y Patrimonio del municipio sanfelipe\u00f1o en conjunto con las organizaciones e instituciones propias del sector como son la Escuela Jos\u00e9 Bernardo Su\u00e1rez, la junta de vecinos, el club de huasos y productores locales.<br \/>\nEsta tradicional fiesta est\u00e1 pensada para toda la familia, por ello desde el municipio se han organizado paseos tur\u00edsticos a la lecher\u00eda Los Reyes, cabalgatas por el sector y juegos t\u00edpicos, como una forma de que todos puedan celebrar. Adem\u00e1s y tal como se realiz\u00f3 el a\u00f1o pasado, en el lugar se instalar\u00e1 una feria con productos artesanales y gastron\u00f3micos de Aconcagua, donde los visitantes podr\u00e1n degustar lo mejor de los productos del valle.<br \/>\n\u201cPor segundo a\u00f1o vamos a celebrar el 18 chico en un sector tan querido como es El Asiento. Queremos celebrar con todos los vecinos esta fiesta chilena, y que esperamos se convierta en una tradici\u00f3n en nuestra comuna\u201d, se\u00f1al\u00f3 el alcalde Patricio Freire.<br \/>\nEse d\u00eda las actividades comienzan a las 11 horas con la apertura de la feria artesanal y gastron\u00f3mica y los paseos a caballo, para dar paso a la inauguraci\u00f3n de la fiesta al mediod\u00eda. En tanto a las 11:30 y a las 15:30 horas, con un cupo de 40 personas se realizar\u00e1n visitas a la lecher\u00eda del sector y hasta las 17:30 horas los asistentes podr\u00e1n disfrutar de los juegos t\u00edpicos como el ensacado, tres pies, el trompo y el emboque.<br \/>\nEl espect\u00e1culo art\u00edstico correr\u00e1 por cuenta del ballet de profesores de la Escuela Jos\u00e9 Bernardo Suarez, el ballet del Valle de Aconcagua, el grupo santiaguino de cueca chora \u2018Los Benjamines\u2019 har\u00e1n bailar con nuestro baile nacional a los asistentes, para cerrar la actividad con la m\u00fasica de \u2018Los charros del valle\u2019.<br \/>\n\u201cEsperamos que nos acompa\u00f1en ese d\u00eda porque es una actividad que est\u00e1 muy bien organizada, con un espect\u00e1culo art\u00edstico donde participar\u00e1n los profesores del establecimiento y tambi\u00e9n tenemos una visita a la lecher\u00eda, que es un lugar bastante t\u00edpico del sector. Este es un sello del alcalde Freire, de activar los sectores rurales y el sector de El Asiento tiene muchas cualidades, como el santuario de Los Cipreses, hay bastante artesan\u00eda, gastronom\u00eda del sector y es muy importante para nosotros, porque nos hemos integrado y la comunidad est\u00e1 muy contenta con todas estas actividades\u201d, manifest\u00f3 Sandra Lucero, directora de la escuela Jos\u00e9 Bernardo Suarez.<br \/>\nLa invitaci\u00f3n es entonces a todos los vecinos del Valle de Aconcagua a participar de esta actividad, que busca promover la gastronom\u00eda y artesan\u00eda de esta hermosa localidad de la comuna de San Felipe.<\/p>\n","protected":false},"excerpt":{"rendered":"<p>El pr\u00f3ximo s\u00e1bado 17 de octubre la Municipalidad de San Felipe, a trav\u00e9s de su unidad de Turismo y Patrimonio celebrar\u00e1 el \u201818 chico\u2019, con una serie de entretenidas actividades para todos&#8230;<\/p>\n","protected":false},"author":482,"featured_media":62750,"comment_status":"open","ping_status":"open","sticky":false,"template":"","format":"standard","meta":{"advanced_seo_description":"","jetpack_seo_html_title":"","jetpack_seo_noindex":false,"_jetpack_memberships_contains_paid_content":false,"footnotes":""},"categories":[1],"tags":[],"class_list":["post-62749","post","type-post","status-publish","format-standard","has-post-thumbnail","hentry","category-cronica"],"jetpack_featured_media_url":"https:\/\/i0.wp.com\/eltrabajo.cl\/portal\/wp-content\/uploads\/2015\/10\/18-chico.jpg?fit=530%2C350&ssl=1","jetpack_sharing_enabled":true,"jetpack_likes_enabled":true,"jetpack-related-posts":[],"_links":{"self":[{"href":"https:\/\/eltrabajo.cl\/portal\/wp-json\/wp\/v2\/posts\/62749","targetHints":{"allow":["GET"]}}],"collection":[{"href":"https:\/\/eltrabajo.cl\/portal\/wp-json\/wp\/v2\/posts"}],"about":[{"href":"https:\/\/eltrabajo.cl\/portal\/wp-json\/wp\/v2\/types\/post"}],"author":[{"embeddable":true,"href":"https:\/\/eltrabajo.cl\/portal\/wp-json\/wp\/v2\/users\/482"}],"replies":[{"embeddable":true,"href":"https:\/\/eltrabajo.cl\/portal\/wp-json\/wp\/v2\/comments?post=62749"}],"version-history":[{"count":0,"href":"https:\/\/eltrabajo.cl\/portal\/wp-json\/wp\/v2\/posts\/62749\/revisions"}],"wp:featuredmedia":[{"embeddable":true,"href":"https:\/\/eltrabajo.cl\/portal\/wp-json\/wp\/v2\/media\/62750"}],"wp:attachment":[{"href":"https:\/\/eltrabajo.cl\/portal\/wp-json\/wp\/v2\/media?parent=62749"}],"wp:term":[{"taxonomy":"category","embeddable":true,"href":"https:\/\/eltrabajo.cl\/portal\/wp-json\/wp\/v2\/categories?post=62749"},{"taxonomy":"post_tag","embeddable":true,"href":"https:\/\/eltrabajo.cl\/portal\/wp-json\/wp\/v2\/tags?post=62749"}],"curies":[{"name":"wp","href":"https:\/\/api.w.org\/{rel}","templated":true}]}}