{"id":62752,"date":"2015-10-08T09:41:19","date_gmt":"2015-10-08T12:41:19","guid":{"rendered":"http:\/\/www.eltrabajo.cl\/portal\/?p=62752"},"modified":"2015-10-08T09:41:19","modified_gmt":"2015-10-08T12:41:19","slug":"con-un-palo-golpean-a-repartidor-de-pizzas-para-robarle-su-dinero","status":"publish","type":"post","link":"https:\/\/eltrabajo.cl\/portal\/con-un-palo-golpean-a-repartidor-de-pizzas-para-robarle-su-dinero\/","title":{"rendered":"Con un palo golpean a repartidor de pizzas para robarle su dinero"},"content":{"rendered":"<figure id=\"attachment_62753\" aria-describedby=\"caption-attachment-62753\" style=\"width: 300px\" class=\"wp-caption alignleft\"><a href=\"https:\/\/i0.wp.com\/www.eltrabajo.cl\/portal\/wp-content\/uploads\/2015\/10\/ADOLESCENTES-ROBO-CON-VIOLENCIA.jpg\"><img data-recalc-dims=\"1\" loading=\"lazy\" decoding=\"async\" class=\"wp-image-62753 size-medium\" src=\"https:\/\/i0.wp.com\/www.eltrabajo.cl\/portal\/wp-content\/uploads\/2015\/10\/ADOLESCENTES-ROBO-CON-VIOLENCIA-300x198.jpg?resize=300%2C198\" alt=\"Los adolescentes que manten\u00edan una intachable conducta anterior, fueron acusados de perpetrar un robo con violencia a un repartidor de pizza la noche del martes en la comuna de San Felipe.\" width=\"300\" height=\"198\" srcset=\"https:\/\/i0.wp.com\/eltrabajo.cl\/portal\/wp-content\/uploads\/2015\/10\/ADOLESCENTES-ROBO-CON-VIOLENCIA.jpg?resize=300%2C198&amp;ssl=1 300w, https:\/\/i0.wp.com\/eltrabajo.cl\/portal\/wp-content\/uploads\/2015\/10\/ADOLESCENTES-ROBO-CON-VIOLENCIA.jpg?resize=200%2C132&amp;ssl=1 200w, https:\/\/i0.wp.com\/eltrabajo.cl\/portal\/wp-content\/uploads\/2015\/10\/ADOLESCENTES-ROBO-CON-VIOLENCIA.jpg?resize=227%2C150&amp;ssl=1 227w, https:\/\/i0.wp.com\/eltrabajo.cl\/portal\/wp-content\/uploads\/2015\/10\/ADOLESCENTES-ROBO-CON-VIOLENCIA.jpg?resize=400%2C264&amp;ssl=1 400w, https:\/\/i0.wp.com\/eltrabajo.cl\/portal\/wp-content\/uploads\/2015\/10\/ADOLESCENTES-ROBO-CON-VIOLENCIA.jpg?w=530&amp;ssl=1 530w\" sizes=\"auto, (max-width: 300px) 100vw, 300px\" \/><\/a><figcaption id=\"caption-attachment-62753\" class=\"wp-caption-text\">Los adolescentes que manten\u00edan una intachable conducta anterior, fueron acusados de perpetrar un robo con violencia a un repartidor de pizza la noche del martes en la comuna de San Felipe.<\/figcaption><\/figure>\n<ul>\n<li><strong>El asalto ocurri\u00f3 en calle Salinas esquina San Mart\u00edn en San Felipe, en los momentos que el trabajador se movilizaba en una motocicleta, deteniendo la marcha en dicha intersecci\u00f3n cuando fue abordado por los sujetos.<\/strong><\/li>\n<\/ul>\n<p>Con un magro bot\u00edn de $10.000 en efectivo, tres precoces antisociales de 17 a\u00f1os de edad huyeron luego de intimidar y golpear con un palo a un repartidor de pizza. Los sujetos aprovecharon que la v\u00edctima se detuvo en la intersecci\u00f3n de las calles Salinas con San Mart\u00edn en San Felipe, para arrebatarle a golpes el dinero que portaba.<br \/>\nEl delito se tom\u00f3 conocimiento a eso de las 21:45 horas del pasado martes, cuando la v\u00edctima, despu\u00e9s de ser asaltado, se dirigi\u00f3 hasta la Segunda Comisar\u00eda de Carabineros para realizar la denuncia del robo.<br \/>\nLos efectivos policiales, al mantener en conocimiento las descripciones f\u00edsicas y de vestimentas de los sujetos, desplegaron patrullajes por los alrededores en conjunto con la v\u00edctima, observando a dos de los individuos que reconoci\u00f3 el afectado, que se desplazaban por calle Manuel de Lima con Maip\u00fa.<br \/>\nFue as\u00ed que Carabineros intercept\u00f3 a los sujetos en la v\u00eda p\u00fablica, quienes manten\u00edan en su poder el dinero en efectivo lo que signific\u00f3 su detenci\u00f3n inmediata para ser conducidos hasta la unidad policial.<br \/>\nLos adolescentes de iniciales J.B.O.C. y L.F.M.C., ambos de 17 a\u00f1os de edad y sin antecedentes delictuales, fueron derivados hasta el Juzgado de Garant\u00eda de San Felipe para ser formalizados por el delito de robo con violencia.<br \/>\nPor tratarse de menores de edad, el Tribunal orden\u00f3 las cautelares de arresto domicilio nocturno, adem\u00e1s de asistir a programas de reinserci\u00f3n social a cargo del Servicio Nacional de Menores (Sename) fijando un plazo de investigaci\u00f3n de 70 d\u00edas, per\u00edodo que se prohibi\u00f3 a ambos imputados acercarse a la v\u00edctima.<br \/>\n<strong>Pablo Salinas Sald\u00edas<\/strong><\/p>\n","protected":false},"excerpt":{"rendered":"<p>El asalto ocurri\u00f3 en calle Salinas esquina San Mart\u00edn en San Felipe, en los momentos que el trabajador se movilizaba en una motocicleta, deteniendo la marcha en dicha intersecci\u00f3n cuando fue abordado&#8230;<\/p>\n","protected":false},"author":482,"featured_media":62753,"comment_status":"open","ping_status":"open","sticky":false,"template":"","format":"standard","meta":{"advanced_seo_description":"","jetpack_seo_html_title":"","jetpack_seo_noindex":false,"_jetpack_memberships_contains_paid_content":false,"footnotes":""},"categories":[21],"tags":[],"class_list":["post-62752","post","type-post","status-publish","format-standard","has-post-thumbnail","hentry","category-policial"],"jetpack_featured_media_url":"https:\/\/i0.wp.com\/eltrabajo.cl\/portal\/wp-content\/uploads\/2015\/10\/ADOLESCENTES-ROBO-CON-VIOLENCIA.jpg?fit=530%2C350&ssl=1","jetpack_sharing_enabled":true,"jetpack_likes_enabled":true,"jetpack-related-posts":[],"_links":{"self":[{"href":"https:\/\/eltrabajo.cl\/portal\/wp-json\/wp\/v2\/posts\/62752","targetHints":{"allow":["GET"]}}],"collection":[{"href":"https:\/\/eltrabajo.cl\/portal\/wp-json\/wp\/v2\/posts"}],"about":[{"href":"https:\/\/eltrabajo.cl\/portal\/wp-json\/wp\/v2\/types\/post"}],"author":[{"embeddable":true,"href":"https:\/\/eltrabajo.cl\/portal\/wp-json\/wp\/v2\/users\/482"}],"replies":[{"embeddable":true,"href":"https:\/\/eltrabajo.cl\/portal\/wp-json\/wp\/v2\/comments?post=62752"}],"version-history":[{"count":0,"href":"https:\/\/eltrabajo.cl\/portal\/wp-json\/wp\/v2\/posts\/62752\/revisions"}],"wp:featuredmedia":[{"embeddable":true,"href":"https:\/\/eltrabajo.cl\/portal\/wp-json\/wp\/v2\/media\/62753"}],"wp:attachment":[{"href":"https:\/\/eltrabajo.cl\/portal\/wp-json\/wp\/v2\/media?parent=62752"}],"wp:term":[{"taxonomy":"category","embeddable":true,"href":"https:\/\/eltrabajo.cl\/portal\/wp-json\/wp\/v2\/categories?post=62752"},{"taxonomy":"post_tag","embeddable":true,"href":"https:\/\/eltrabajo.cl\/portal\/wp-json\/wp\/v2\/tags?post=62752"}],"curies":[{"name":"wp","href":"https:\/\/api.w.org\/{rel}","templated":true}]}}