{"id":62756,"date":"2015-10-09T09:14:45","date_gmt":"2015-10-09T12:14:45","guid":{"rendered":"http:\/\/www.eltrabajo.cl\/portal\/?p=62756"},"modified":"2015-10-09T09:14:45","modified_gmt":"2015-10-09T12:14:45","slug":"segunda-version-de-corrida-familiar-se-realizara-este-sabado-en-calle-larga","status":"publish","type":"post","link":"https:\/\/eltrabajo.cl\/portal\/segunda-version-de-corrida-familiar-se-realizara-este-sabado-en-calle-larga\/","title":{"rendered":"Segunda versi\u00f3n de Corrida Familiar se realizar\u00e1 este s\u00e1bado en Calle Larga"},"content":{"rendered":"<figure id=\"attachment_62757\" aria-describedby=\"caption-attachment-62757\" style=\"width: 300px\" class=\"wp-caption alignleft\"><a href=\"https:\/\/i0.wp.com\/www.eltrabajo.cl\/portal\/wp-content\/uploads\/2015\/10\/Corrida-familiar-Calle-Larga.jpg\"><img data-recalc-dims=\"1\" loading=\"lazy\" decoding=\"async\" class=\"wp-image-62757 size-medium\" src=\"https:\/\/i0.wp.com\/www.eltrabajo.cl\/portal\/wp-content\/uploads\/2015\/10\/Corrida-familiar-Calle-Larga-300x198.jpg?resize=300%2C198\" alt=\"Las inscripciones se abrir\u00e1n a las 8 de la ma\u00f1ana y todos los participantes podr\u00e1n recuperar energ\u00edas comiendo un plato de fideos. \" width=\"300\" height=\"198\" srcset=\"https:\/\/i0.wp.com\/eltrabajo.cl\/portal\/wp-content\/uploads\/2015\/10\/Corrida-familiar-Calle-Larga.jpg?resize=300%2C198&amp;ssl=1 300w, https:\/\/i0.wp.com\/eltrabajo.cl\/portal\/wp-content\/uploads\/2015\/10\/Corrida-familiar-Calle-Larga.jpg?resize=200%2C132&amp;ssl=1 200w, https:\/\/i0.wp.com\/eltrabajo.cl\/portal\/wp-content\/uploads\/2015\/10\/Corrida-familiar-Calle-Larga.jpg?resize=227%2C150&amp;ssl=1 227w, https:\/\/i0.wp.com\/eltrabajo.cl\/portal\/wp-content\/uploads\/2015\/10\/Corrida-familiar-Calle-Larga.jpg?resize=400%2C264&amp;ssl=1 400w, https:\/\/i0.wp.com\/eltrabajo.cl\/portal\/wp-content\/uploads\/2015\/10\/Corrida-familiar-Calle-Larga.jpg?w=530&amp;ssl=1 530w\" sizes=\"auto, (max-width: 300px) 100vw, 300px\" \/><\/a><figcaption id=\"caption-attachment-62757\" class=\"wp-caption-text\">Las inscripciones se abrir\u00e1n a las 8 de la ma\u00f1ana y todos los participantes podr\u00e1n recuperar energ\u00edas comiendo un plato de fideos.<\/figcaption><\/figure>\n<ul>\n<li><strong>Esta actividad busca potenciar la vida saludable y el deporte en la comuna<\/strong><\/li>\n<\/ul>\n<p><strong>CALLE LARGA.<\/strong>&#8211; A partir de las 10 de la ma\u00f1ana de este s\u00e1bado 10 de octubre y desde la Plaza de Armas callelarguina, se dar\u00e1 inicio a la Segunda Corrida Familiar, organizada por el municipio.<br \/>\nLas inscripciones comenzar\u00e1n a las 8 de la ma\u00f1ana para las 3 series que se ofrecen en esta oportunidad, de 5k, 10k y 21k.<br \/>\nPablo Santib\u00e1\u00f1ez, Director del Departamento de Deporte de la Municipalidad, invita a todo el Valle de Aconcagua a participar de esta entretenida competencia, \u201cadem\u00e1s de estas tres distancias, tenemos divisiones por categor\u00eda, hasta 12 a\u00f1os, de 13 a 17, de 18 a 26, 27 a 35, de 36 a 44 y mayores, y se recorrer\u00e1n los principales sectores de nuestra comuna\u201d.<br \/>\nA los primeros 200 inscritos, se les entregar\u00e1 una polera distintiva de la corrida familiar y todos los participantes tendr\u00e1n ticket para que al finalizar, recuperen energ\u00edas con un plato de fideos de la empresa Lucchetti.<br \/>\nLa premiaci\u00f3n se realizar\u00e1 en la plaza de armas, donde se entregar\u00e1n medallas a los tres primeros lugares de cada categor\u00eda.<\/p>\n","protected":false},"excerpt":{"rendered":"<p>Esta actividad busca potenciar la vida saludable y el deporte en la comuna CALLE LARGA.&#8211; A partir de las 10 de la ma\u00f1ana de este s\u00e1bado 10 de octubre y desde la&#8230;<\/p>\n","protected":false},"author":482,"featured_media":62757,"comment_status":"open","ping_status":"open","sticky":false,"template":"","format":"standard","meta":{"advanced_seo_description":"","jetpack_seo_html_title":"","jetpack_seo_noindex":false,"_jetpack_memberships_contains_paid_content":false,"footnotes":""},"categories":[15],"tags":[],"class_list":["post-62756","post","type-post","status-publish","format-standard","has-post-thumbnail","hentry","category-comunidad"],"jetpack_featured_media_url":"https:\/\/i0.wp.com\/eltrabajo.cl\/portal\/wp-content\/uploads\/2015\/10\/Corrida-familiar-Calle-Larga.jpg?fit=530%2C350&ssl=1","jetpack_sharing_enabled":true,"jetpack_likes_enabled":true,"jetpack-related-posts":[],"_links":{"self":[{"href":"https:\/\/eltrabajo.cl\/portal\/wp-json\/wp\/v2\/posts\/62756","targetHints":{"allow":["GET"]}}],"collection":[{"href":"https:\/\/eltrabajo.cl\/portal\/wp-json\/wp\/v2\/posts"}],"about":[{"href":"https:\/\/eltrabajo.cl\/portal\/wp-json\/wp\/v2\/types\/post"}],"author":[{"embeddable":true,"href":"https:\/\/eltrabajo.cl\/portal\/wp-json\/wp\/v2\/users\/482"}],"replies":[{"embeddable":true,"href":"https:\/\/eltrabajo.cl\/portal\/wp-json\/wp\/v2\/comments?post=62756"}],"version-history":[{"count":0,"href":"https:\/\/eltrabajo.cl\/portal\/wp-json\/wp\/v2\/posts\/62756\/revisions"}],"wp:featuredmedia":[{"embeddable":true,"href":"https:\/\/eltrabajo.cl\/portal\/wp-json\/wp\/v2\/media\/62757"}],"wp:attachment":[{"href":"https:\/\/eltrabajo.cl\/portal\/wp-json\/wp\/v2\/media?parent=62756"}],"wp:term":[{"taxonomy":"category","embeddable":true,"href":"https:\/\/eltrabajo.cl\/portal\/wp-json\/wp\/v2\/categories?post=62756"},{"taxonomy":"post_tag","embeddable":true,"href":"https:\/\/eltrabajo.cl\/portal\/wp-json\/wp\/v2\/tags?post=62756"}],"curies":[{"name":"wp","href":"https:\/\/api.w.org\/{rel}","templated":true}]}}