{"id":62765,"date":"2015-10-09T09:19:46","date_gmt":"2015-10-09T12:19:46","guid":{"rendered":"http:\/\/www.eltrabajo.cl\/portal\/?p=62765"},"modified":"2015-10-09T09:19:46","modified_gmt":"2015-10-09T12:19:46","slug":"familia-de-alejandro-vergara-aun-busca-justicia-tras-11-anos-de-su-muerte","status":"publish","type":"post","link":"https:\/\/eltrabajo.cl\/portal\/familia-de-alejandro-vergara-aun-busca-justicia-tras-11-anos-de-su-muerte\/","title":{"rendered":"Familia de Alejandro Vergara a\u00fan busca justicia tras 11 a\u00f1os de su muerte"},"content":{"rendered":"<p><del><\/p>\n<figure id=\"attachment_62766\" aria-describedby=\"caption-attachment-62766\" style=\"width: 300px\" class=\"wp-caption alignleft\"><a href=\"https:\/\/i0.wp.com\/www.eltrabajo.cl\/portal\/wp-content\/uploads\/2015\/10\/Familia-Alejandro-Vergara.jpg\"><img data-recalc-dims=\"1\" loading=\"lazy\" decoding=\"async\" class=\"wp-image-62766 size-medium\" src=\"https:\/\/i0.wp.com\/www.eltrabajo.cl\/portal\/wp-content\/uploads\/2015\/10\/Familia-Alejandro-Vergara-300x198.jpg?resize=300%2C198\" alt=\"La familia de Alejandro espera que se realicen nuevas pericias, tanto a su cuerpo como al lugar donde fue encontrado, para esclarecer finalmente las causas de su muerte.\" width=\"300\" height=\"198\" srcset=\"https:\/\/i0.wp.com\/eltrabajo.cl\/portal\/wp-content\/uploads\/2015\/10\/Familia-Alejandro-Vergara.jpg?resize=300%2C198&amp;ssl=1 300w, https:\/\/i0.wp.com\/eltrabajo.cl\/portal\/wp-content\/uploads\/2015\/10\/Familia-Alejandro-Vergara.jpg?resize=200%2C132&amp;ssl=1 200w, https:\/\/i0.wp.com\/eltrabajo.cl\/portal\/wp-content\/uploads\/2015\/10\/Familia-Alejandro-Vergara.jpg?resize=227%2C150&amp;ssl=1 227w, https:\/\/i0.wp.com\/eltrabajo.cl\/portal\/wp-content\/uploads\/2015\/10\/Familia-Alejandro-Vergara.jpg?resize=400%2C264&amp;ssl=1 400w, https:\/\/i0.wp.com\/eltrabajo.cl\/portal\/wp-content\/uploads\/2015\/10\/Familia-Alejandro-Vergara.jpg?w=530&amp;ssl=1 530w\" sizes=\"auto, (max-width: 300px) 100vw, 300px\" \/><\/a><figcaption id=\"caption-attachment-62766\" class=\"wp-caption-text\">La familia de Alejandro espera que se realicen nuevas pericias, tanto a su cuerpo como al lugar donde fue encontrado, para esclarecer finalmente las causas de su muerte.<\/figcaption><\/figure>\n<p><\/del><strong>PUTAENDO<\/strong>.- Con la profunda convicci\u00f3n de que alg\u00fan d\u00eda se sabr\u00e1 la verdad y se har\u00e1 justicia por Alejandro Vergara, sus familiares recordar\u00e1n los 11 a\u00f1os de su muerte, cuando la fat\u00eddica madrugada del 10 de octubre de 2004 en extra\u00f1as circunstancias el joven fue encontrado muerto a metros de su casa.<br \/>\nEste pr\u00f3ximo s\u00e1bado, a las 20:00 horas se efectuar\u00e1 una procesi\u00f3n desde el Cementerio Parroquial hasta la animita de \u2018Jano\u2019 en calle Jos\u00e9 Antonio Salinas, lugar donde se desarrollar\u00e1 una liturgia.<br \/>\nLa Sra. Luc\u00eda Lobos, madre de Alejandro, asegur\u00f3 que espera que una vez m\u00e1s la comunidad les acompa\u00f1e en un momento emotivo para recordar a su hijo, ya que la presencia de muchas personas ha sido un pilar fundamental para enfrentar la tragedia de perder un hijo en tan extra\u00f1as circunstancias.<br \/>\nLuc\u00eda Lobos insisti\u00f3 que la familia siempre ha tenido la certeza que Alejandro fue asesinado, y hoy espera que el nuevo abogado que contrataron para este caso pueda conseguir que los tribunales accedan a la exhumaci\u00f3n del cuerpo de su hijo para realizarle una nueva autopsia, agregando que con mucho esfuerzo entre toda la familia han logrado reunir los recursos econ\u00f3micos para que este s\u00e1bado, un perito forense experto en accidentes de tr\u00e1nsito pueda desarrollar un peritaje planim\u00e9trico y detallado en el lugar donde \u2018Janito\u2019 fue encontrado, y compararlo con el informe evacuado por el perito contratado por Canal 13, con la finalidad de presentar los antecedentes al tribunal.<br \/>\nEl 10 de Octubre del a\u00f1o 2004, en horas de la madrugada, fue encontrado el cuerpo de Alejandro Vergara Lobos, a menos de 50 metros de su casa en la calle Jos\u00e9 Antonio Salinas, cuya muerte fue catalogada por la justicia como un \u201catropello\u201d.<br \/>\nSin embargo, para su familia, en especial su madre, sus amigos y porque no decirlo para gran parte de la comuna, es un hecho m\u00e1s sin aclarar y que la familia de Alejandro no ha dudado en catalogar como un homicidio.<br \/>\n<strong>Patricio Gallardo M.<\/strong><\/p>\n","protected":false},"excerpt":{"rendered":"<p>PUTAENDO.- Con la profunda convicci\u00f3n de que alg\u00fan d\u00eda se sabr\u00e1 la verdad y se har\u00e1 justicia por Alejandro Vergara, sus familiares recordar\u00e1n los 11 a\u00f1os de su muerte, cuando la fat\u00eddica&#8230;<\/p>\n","protected":false},"author":482,"featured_media":62766,"comment_status":"open","ping_status":"open","sticky":false,"template":"","format":"standard","meta":{"advanced_seo_description":"","jetpack_seo_html_title":"","jetpack_seo_noindex":false,"_jetpack_memberships_contains_paid_content":false,"footnotes":""},"categories":[15],"tags":[],"class_list":["post-62765","post","type-post","status-publish","format-standard","has-post-thumbnail","hentry","category-comunidad"],"jetpack_featured_media_url":"https:\/\/i0.wp.com\/eltrabajo.cl\/portal\/wp-content\/uploads\/2015\/10\/Familia-Alejandro-Vergara.jpg?fit=530%2C350&ssl=1","jetpack_sharing_enabled":true,"jetpack_likes_enabled":true,"jetpack-related-posts":[],"_links":{"self":[{"href":"https:\/\/eltrabajo.cl\/portal\/wp-json\/wp\/v2\/posts\/62765","targetHints":{"allow":["GET"]}}],"collection":[{"href":"https:\/\/eltrabajo.cl\/portal\/wp-json\/wp\/v2\/posts"}],"about":[{"href":"https:\/\/eltrabajo.cl\/portal\/wp-json\/wp\/v2\/types\/post"}],"author":[{"embeddable":true,"href":"https:\/\/eltrabajo.cl\/portal\/wp-json\/wp\/v2\/users\/482"}],"replies":[{"embeddable":true,"href":"https:\/\/eltrabajo.cl\/portal\/wp-json\/wp\/v2\/comments?post=62765"}],"version-history":[{"count":0,"href":"https:\/\/eltrabajo.cl\/portal\/wp-json\/wp\/v2\/posts\/62765\/revisions"}],"wp:featuredmedia":[{"embeddable":true,"href":"https:\/\/eltrabajo.cl\/portal\/wp-json\/wp\/v2\/media\/62766"}],"wp:attachment":[{"href":"https:\/\/eltrabajo.cl\/portal\/wp-json\/wp\/v2\/media?parent=62765"}],"wp:term":[{"taxonomy":"category","embeddable":true,"href":"https:\/\/eltrabajo.cl\/portal\/wp-json\/wp\/v2\/categories?post=62765"},{"taxonomy":"post_tag","embeddable":true,"href":"https:\/\/eltrabajo.cl\/portal\/wp-json\/wp\/v2\/tags?post=62765"}],"curies":[{"name":"wp","href":"https:\/\/api.w.org\/{rel}","templated":true}]}}