{"id":62768,"date":"2015-10-09T09:21:20","date_gmt":"2015-10-09T12:21:20","guid":{"rendered":"http:\/\/www.eltrabajo.cl\/portal\/?p=62768"},"modified":"2015-10-09T09:21:20","modified_gmt":"2015-10-09T12:21:20","slug":"certifican-a-mujeres-que-participaron-de-escuela-de-emprendimiento-del-sernam","status":"publish","type":"post","link":"https:\/\/eltrabajo.cl\/portal\/certifican-a-mujeres-que-participaron-de-escuela-de-emprendimiento-del-sernam\/","title":{"rendered":"Certifican a mujeres que participaron de escuela de emprendimiento del Sernam"},"content":{"rendered":"<figure id=\"attachment_62769\" aria-describedby=\"caption-attachment-62769\" style=\"width: 300px\" class=\"wp-caption alignleft\"><a href=\"https:\/\/i0.wp.com\/www.eltrabajo.cl\/portal\/wp-content\/uploads\/2015\/10\/Certificacion-mujeres.jpg\"><img data-recalc-dims=\"1\" loading=\"lazy\" decoding=\"async\" class=\"wp-image-62769 size-medium\" src=\"https:\/\/i0.wp.com\/www.eltrabajo.cl\/portal\/wp-content\/uploads\/2015\/10\/Certificacion-mujeres-300x198.jpg?resize=300%2C198\" alt=\"Tres mujeres fueron certificadas tras participar de un taller de emprendimiento organizado por el Sernam.\" width=\"300\" height=\"198\" srcset=\"https:\/\/i0.wp.com\/eltrabajo.cl\/portal\/wp-content\/uploads\/2015\/10\/Certificacion-mujeres.jpg?resize=300%2C198&amp;ssl=1 300w, https:\/\/i0.wp.com\/eltrabajo.cl\/portal\/wp-content\/uploads\/2015\/10\/Certificacion-mujeres.jpg?resize=200%2C132&amp;ssl=1 200w, https:\/\/i0.wp.com\/eltrabajo.cl\/portal\/wp-content\/uploads\/2015\/10\/Certificacion-mujeres.jpg?resize=228%2C150&amp;ssl=1 228w, https:\/\/i0.wp.com\/eltrabajo.cl\/portal\/wp-content\/uploads\/2015\/10\/Certificacion-mujeres.jpg?resize=400%2C263&amp;ssl=1 400w, https:\/\/i0.wp.com\/eltrabajo.cl\/portal\/wp-content\/uploads\/2015\/10\/Certificacion-mujeres.jpg?w=530&amp;ssl=1 530w\" sizes=\"auto, (max-width: 300px) 100vw, 300px\" \/><\/a><figcaption id=\"caption-attachment-62769\" class=\"wp-caption-text\">Tres mujeres fueron certificadas tras participar de un taller de emprendimiento organizado por el Sernam.<\/figcaption><\/figure>\n<ul>\n<li><strong>Durante la realizaci\u00f3n del curso, estas mujeres aprendieron distintas t\u00e9cnicas para mejorar sus procesos de emprendimiento.<\/strong><\/li>\n<\/ul>\n<p><strong>PANQUEHUE<\/strong>.- Tres mujeres de la comuna, fueron certificadas tras haber participado de una escuela de emprendimiento, realizado por el Sernam.<br \/>\nDe acuerdo lo informado por Nicol Osorio, profesional de apoyo del programa Sernam en la Municipalidad de Panquehue, en el contexto de impulsar y avanzar en la autonom\u00eda de las mujeres para mejorar su calidad de vida y su incorporaci\u00f3n como sujeta de derechos en los diferentes \u00e1mbitos de la sociedad, se dise\u00f1aron las escuelas regionales de emprendimiento, instancias que estuvieron dirigidas a mujeres que desarrollan un emprendimiento de nivel medio, con potencial de crecimiento.<br \/>\nA trav\u00e9s de las Escuelas de Emprendimiento se busc\u00f3 fomentar el reforzamiento de habilidades te\u00f3rico\/pr\u00e1cticas que aporten en el proceso formativo de las mujeres, como emprendedoras o trabajadoras por cuenta propia, considerando visualizar las brechas y obst\u00e1culos de g\u00e9nero que se manifiestan en los emprendimientos liderados por mujeres.<\/p>\n","protected":false},"excerpt":{"rendered":"<p>Durante la realizaci\u00f3n del curso, estas mujeres aprendieron distintas t\u00e9cnicas para mejorar sus procesos de emprendimiento. PANQUEHUE.- Tres mujeres de la comuna, fueron certificadas tras haber participado de una escuela de emprendimiento,&#8230;<\/p>\n","protected":false},"author":482,"featured_media":62769,"comment_status":"open","ping_status":"open","sticky":false,"template":"","format":"standard","meta":{"advanced_seo_description":"","jetpack_seo_html_title":"","jetpack_seo_noindex":false,"_jetpack_memberships_contains_paid_content":false,"footnotes":""},"categories":[15],"tags":[],"class_list":["post-62768","post","type-post","status-publish","format-standard","has-post-thumbnail","hentry","category-comunidad"],"jetpack_featured_media_url":"https:\/\/i0.wp.com\/eltrabajo.cl\/portal\/wp-content\/uploads\/2015\/10\/Certificacion-mujeres.jpg?fit=530%2C349&ssl=1","jetpack_sharing_enabled":true,"jetpack_likes_enabled":true,"jetpack-related-posts":[],"_links":{"self":[{"href":"https:\/\/eltrabajo.cl\/portal\/wp-json\/wp\/v2\/posts\/62768","targetHints":{"allow":["GET"]}}],"collection":[{"href":"https:\/\/eltrabajo.cl\/portal\/wp-json\/wp\/v2\/posts"}],"about":[{"href":"https:\/\/eltrabajo.cl\/portal\/wp-json\/wp\/v2\/types\/post"}],"author":[{"embeddable":true,"href":"https:\/\/eltrabajo.cl\/portal\/wp-json\/wp\/v2\/users\/482"}],"replies":[{"embeddable":true,"href":"https:\/\/eltrabajo.cl\/portal\/wp-json\/wp\/v2\/comments?post=62768"}],"version-history":[{"count":0,"href":"https:\/\/eltrabajo.cl\/portal\/wp-json\/wp\/v2\/posts\/62768\/revisions"}],"wp:featuredmedia":[{"embeddable":true,"href":"https:\/\/eltrabajo.cl\/portal\/wp-json\/wp\/v2\/media\/62769"}],"wp:attachment":[{"href":"https:\/\/eltrabajo.cl\/portal\/wp-json\/wp\/v2\/media?parent=62768"}],"wp:term":[{"taxonomy":"category","embeddable":true,"href":"https:\/\/eltrabajo.cl\/portal\/wp-json\/wp\/v2\/categories?post=62768"},{"taxonomy":"post_tag","embeddable":true,"href":"https:\/\/eltrabajo.cl\/portal\/wp-json\/wp\/v2\/tags?post=62768"}],"curies":[{"name":"wp","href":"https:\/\/api.w.org\/{rel}","templated":true}]}}