{"id":62774,"date":"2015-10-09T09:24:28","date_gmt":"2015-10-09T12:24:28","guid":{"rendered":"http:\/\/www.eltrabajo.cl\/portal\/?p=62774"},"modified":"2015-10-09T09:24:28","modified_gmt":"2015-10-09T12:24:28","slug":"nunez-destaco-eliminacion-del-pago-del-5-de-salud-para-jubilados","status":"publish","type":"post","link":"https:\/\/eltrabajo.cl\/portal\/nunez-destaco-eliminacion-del-pago-del-5-de-salud-para-jubilados\/","title":{"rendered":"N\u00fa\u00f1ez destac\u00f3 eliminaci\u00f3n del pago del 5% de Salud para jubilados"},"content":{"rendered":"<figure id=\"attachment_62775\" aria-describedby=\"caption-attachment-62775\" style=\"width: 300px\" class=\"wp-caption alignleft\"><a href=\"https:\/\/i0.wp.com\/www.eltrabajo.cl\/portal\/wp-content\/uploads\/2015\/10\/diputado-nunez.jpg\"><img data-recalc-dims=\"1\" loading=\"lazy\" decoding=\"async\" class=\"wp-image-62775 size-medium\" src=\"https:\/\/i0.wp.com\/www.eltrabajo.cl\/portal\/wp-content\/uploads\/2015\/10\/diputado-nunez-300x198.jpg?resize=300%2C198\" alt=\"Diputado Marco N\u00fanez: \u00abotra promesa de la Presidenta Bachelet  que se cumple\u00bb.\" width=\"300\" height=\"198\" srcset=\"https:\/\/i0.wp.com\/eltrabajo.cl\/portal\/wp-content\/uploads\/2015\/10\/diputado-nunez.jpg?resize=300%2C198&amp;ssl=1 300w, https:\/\/i0.wp.com\/eltrabajo.cl\/portal\/wp-content\/uploads\/2015\/10\/diputado-nunez.jpg?resize=200%2C132&amp;ssl=1 200w, https:\/\/i0.wp.com\/eltrabajo.cl\/portal\/wp-content\/uploads\/2015\/10\/diputado-nunez.jpg?resize=228%2C150&amp;ssl=1 228w, https:\/\/i0.wp.com\/eltrabajo.cl\/portal\/wp-content\/uploads\/2015\/10\/diputado-nunez.jpg?resize=400%2C263&amp;ssl=1 400w, https:\/\/i0.wp.com\/eltrabajo.cl\/portal\/wp-content\/uploads\/2015\/10\/diputado-nunez.jpg?w=530&amp;ssl=1 530w\" sizes=\"auto, (max-width: 300px) 100vw, 300px\" \/><\/a><figcaption id=\"caption-attachment-62775\" class=\"wp-caption-text\">Diputado Marco N\u00fanez: \u00abotra promesa de la Presidenta Bachelet que se cumple\u00bb.<\/figcaption><\/figure>\n<p>Su satisfacci\u00f3n por la aprobaci\u00f3n de eliminar el pago del 5% de salud expres\u00f3 el Presidente de la C\u00e1mara de Diputados, Marco Antonio N\u00fa\u00f1ez, quien destac\u00f3 que se cumple as\u00ed una de las promesas del programa de gobierno de la Presidenta Bachelet, sald\u00e1ndose una deuda hist\u00f3rica con personas que hab\u00edan trabajado toda una vida y que injustamente ten\u00edan que seguir cotizando para garantizar su r\u00e9gimen de salud.<br \/>\n\u201cSe acab\u00f3. Se termin\u00f3 esta injusticia de descontarle a los pensionados el 5% de cotizaci\u00f3n de salud. La Presidenta Bachelet ha cumplida otra de sus promesas contra\u00eddas en su programa de gobierno. Cerca de 340 mil pensionados del pa\u00eds, personas jubiladas de clase media, ser\u00e1n las beneficiadas.<br \/>\n\u201cEstamos saldando una deuda hist\u00f3rica con los jubilados, con las personas que dieron toda una vida de trabajo y que injustamente les han seguido descontando parte de su sueldo para tener garantizado su r\u00e9gimen o atenci\u00f3n de salud. Esto se termin\u00f3 y de manera gradual en un per\u00edodo de dos a\u00f1os todos los pensionados quedar\u00e1n eximidos de este descuento.<br \/>\n\u201cEl primer a\u00f1o bajar\u00e1n del 5 al 3% para que a partir del segundo a\u00f1o, es decir, el 2017, el descuento pase a 0%. Este beneficio, sumado al traspaso autom\u00e1tico de la pensi\u00f3n de invalidez a la pensi\u00f3n de vejez para m\u00e1s de 244 mil personas beneficiarias del Pilar Solidario y a la ampliaci\u00f3n de la Cuota Mortuoria para cerca de 336 mil pensionados, verdaderamente representa un inmenso beneficio para miles de chilenos y chilenas\u201d, finaliz\u00f3 el diputado Marco Antonio N\u00fa\u00f1ez.<\/p>\n","protected":false},"excerpt":{"rendered":"<p>Su satisfacci\u00f3n por la aprobaci\u00f3n de eliminar el pago del 5% de salud expres\u00f3 el Presidente de la C\u00e1mara de Diputados, Marco Antonio N\u00fa\u00f1ez, quien destac\u00f3 que se cumple as\u00ed una de&#8230;<\/p>\n","protected":false},"author":482,"featured_media":62775,"comment_status":"open","ping_status":"open","sticky":false,"template":"","format":"standard","meta":{"advanced_seo_description":"","jetpack_seo_html_title":"","jetpack_seo_noindex":false,"_jetpack_memberships_contains_paid_content":false,"footnotes":""},"categories":[1],"tags":[],"class_list":["post-62774","post","type-post","status-publish","format-standard","has-post-thumbnail","hentry","category-cronica"],"jetpack_featured_media_url":"https:\/\/i0.wp.com\/eltrabajo.cl\/portal\/wp-content\/uploads\/2015\/10\/diputado-nunez.jpg?fit=530%2C349&ssl=1","jetpack_sharing_enabled":true,"jetpack_likes_enabled":true,"jetpack-related-posts":[],"_links":{"self":[{"href":"https:\/\/eltrabajo.cl\/portal\/wp-json\/wp\/v2\/posts\/62774","targetHints":{"allow":["GET"]}}],"collection":[{"href":"https:\/\/eltrabajo.cl\/portal\/wp-json\/wp\/v2\/posts"}],"about":[{"href":"https:\/\/eltrabajo.cl\/portal\/wp-json\/wp\/v2\/types\/post"}],"author":[{"embeddable":true,"href":"https:\/\/eltrabajo.cl\/portal\/wp-json\/wp\/v2\/users\/482"}],"replies":[{"embeddable":true,"href":"https:\/\/eltrabajo.cl\/portal\/wp-json\/wp\/v2\/comments?post=62774"}],"version-history":[{"count":0,"href":"https:\/\/eltrabajo.cl\/portal\/wp-json\/wp\/v2\/posts\/62774\/revisions"}],"wp:featuredmedia":[{"embeddable":true,"href":"https:\/\/eltrabajo.cl\/portal\/wp-json\/wp\/v2\/media\/62775"}],"wp:attachment":[{"href":"https:\/\/eltrabajo.cl\/portal\/wp-json\/wp\/v2\/media?parent=62774"}],"wp:term":[{"taxonomy":"category","embeddable":true,"href":"https:\/\/eltrabajo.cl\/portal\/wp-json\/wp\/v2\/categories?post=62774"},{"taxonomy":"post_tag","embeddable":true,"href":"https:\/\/eltrabajo.cl\/portal\/wp-json\/wp\/v2\/tags?post=62774"}],"curies":[{"name":"wp","href":"https:\/\/api.w.org\/{rel}","templated":true}]}}