{"id":62777,"date":"2015-10-09T09:26:46","date_gmt":"2015-10-09T12:26:46","guid":{"rendered":"http:\/\/www.eltrabajo.cl\/portal\/?p=62777"},"modified":"2015-10-09T09:26:46","modified_gmt":"2015-10-09T12:26:46","slug":"servicio-de-salud-realiza-jornada-en-conmemoracion-del-dia-mundial-de-la-salud-mental","status":"publish","type":"post","link":"https:\/\/eltrabajo.cl\/portal\/servicio-de-salud-realiza-jornada-en-conmemoracion-del-dia-mundial-de-la-salud-mental\/","title":{"rendered":"Servicio de Salud realiza jornada en conmemoraci\u00f3n del D\u00eda Mundial de la Salud Mental"},"content":{"rendered":"<figure id=\"attachment_62778\" aria-describedby=\"caption-attachment-62778\" style=\"width: 300px\" class=\"wp-caption alignleft\"><a href=\"https:\/\/i0.wp.com\/www.eltrabajo.cl\/portal\/wp-content\/uploads\/2015\/10\/Dia-mundial-de-la-Salud-Mental-2.jpg\"><img data-recalc-dims=\"1\" loading=\"lazy\" decoding=\"async\" class=\"wp-image-62778 size-medium\" src=\"https:\/\/i0.wp.com\/www.eltrabajo.cl\/portal\/wp-content\/uploads\/2015\/10\/Dia-mundial-de-la-Salud-Mental-2-300x198.jpg?resize=300%2C198\" alt=\"La jornada tuvo una gran acogida y estuvo dirigida a integrantes de equipos de salud mental de todos los establecimientos pertenecientes al Servicio de Salud.\" width=\"300\" height=\"198\" srcset=\"https:\/\/i0.wp.com\/eltrabajo.cl\/portal\/wp-content\/uploads\/2015\/10\/Dia-mundial-de-la-Salud-Mental-2.jpg?resize=300%2C198&amp;ssl=1 300w, https:\/\/i0.wp.com\/eltrabajo.cl\/portal\/wp-content\/uploads\/2015\/10\/Dia-mundial-de-la-Salud-Mental-2.jpg?resize=200%2C132&amp;ssl=1 200w, https:\/\/i0.wp.com\/eltrabajo.cl\/portal\/wp-content\/uploads\/2015\/10\/Dia-mundial-de-la-Salud-Mental-2.jpg?resize=227%2C150&amp;ssl=1 227w, https:\/\/i0.wp.com\/eltrabajo.cl\/portal\/wp-content\/uploads\/2015\/10\/Dia-mundial-de-la-Salud-Mental-2.jpg?resize=400%2C264&amp;ssl=1 400w, https:\/\/i0.wp.com\/eltrabajo.cl\/portal\/wp-content\/uploads\/2015\/10\/Dia-mundial-de-la-Salud-Mental-2.jpg?w=530&amp;ssl=1 530w\" sizes=\"auto, (max-width: 300px) 100vw, 300px\" \/><\/a><figcaption id=\"caption-attachment-62778\" class=\"wp-caption-text\">La jornada tuvo una gran acogida y estuvo dirigida a integrantes de equipos de salud mental de todos los establecimientos pertenecientes al Servicio de Salud.<\/figcaption><\/figure>\n<ul>\n<li><strong>Con esta actividad se dio inicio a una semana de conmemoraci\u00f3n en toda la red del Servicio de Salud, en la que adem\u00e1s de participar profesionales de la red cont\u00f3 con profesionales del Ministerio de Salud y de la Comisi\u00f3n Regional de Protecci\u00f3n de Derechos de Personas con Discapacidad Mental quienes expusieron temas relacionados con la salud mental comunitaria.<\/strong><\/li>\n<\/ul>\n<p>El lema de este a\u00f1o corresponde a \u2018Dignidad en Salud Mental\u2019, por lo que la actividad tuvo especial \u00e9nfasis en promover y fortalecer el modelo de salud mental comunitaria junto con los valores y principios que la sustentan, concibi\u00e9ndola como un derecho que garantiza el acceso, oportunidad, calidad y la equidad en la atenci\u00f3n.<br \/>\nEsta actividad estuvo dirigida a los integrantes de los equipos que trabajan en salud mental de toda la red de establecimientos del Servicio de Salud Aconcagua, abordando las necesidades de formaci\u00f3n y perfeccionamiento respecto al modelo que en los \u00faltimos a\u00f1os se ha venido impulsando desde el Ministerio de Salud, mediante distintas estrategias de intervenci\u00f3n y que han mostrado resultados positivos en el \u00e1mbito local.<br \/>\nEn su intervenci\u00f3n inaugural, La Directora del Servicio de Salud Aconcagua, Dra. Vilma Olave, expres\u00f3 que \u201cla salud mental es fundamental para el bienestar de las personas, la familia y la comunidad, siendo su cuidado una responsabilidad de todos. Por eso durante esta semana hemos dispuesto distintas actividades de promoci\u00f3n y prevenci\u00f3n en torno a esta conmemoraci\u00f3n. Destac\u00e1ndose principalmente adem\u00e1s de esta jornada de capacitaci\u00f3n, actividades de integraci\u00f3n entre los usuarios y la comunidad, actividades sociales donde realizaremos un operativo m\u00e9dico en el sector de Piguch\u00e9n en la comuna de Putaendo y recreativas donde finalizaremos con una cicletada el pr\u00f3ximo s\u00e1bado en la comuna de Putaendo.<br \/>\nFinalmente, la Directora destac\u00f3 la cobertura de atenci\u00f3n de la red de salud mental comunitaria existente en el Servicio a cargo de equipos multidisciplinarios tanto en la atenci\u00f3n primaria como en los niveles de mayor complejidad donde se encuentran dispositivos para una atenci\u00f3n gratuita y con una alta calidad t\u00e9cnica.<\/p>\n","protected":false},"excerpt":{"rendered":"<p>Con esta actividad se dio inicio a una semana de conmemoraci\u00f3n en toda la red del Servicio de Salud, en la que adem\u00e1s de participar profesionales de la red cont\u00f3 con profesionales&#8230;<\/p>\n","protected":false},"author":482,"featured_media":62778,"comment_status":"open","ping_status":"open","sticky":false,"template":"","format":"standard","meta":{"advanced_seo_description":"","jetpack_seo_html_title":"","jetpack_seo_noindex":false,"_jetpack_memberships_contains_paid_content":false,"footnotes":""},"categories":[1],"tags":[],"class_list":["post-62777","post","type-post","status-publish","format-standard","has-post-thumbnail","hentry","category-cronica"],"jetpack_featured_media_url":"https:\/\/i0.wp.com\/eltrabajo.cl\/portal\/wp-content\/uploads\/2015\/10\/Dia-mundial-de-la-Salud-Mental-2.jpg?fit=530%2C350&ssl=1","jetpack_sharing_enabled":true,"jetpack_likes_enabled":true,"jetpack-related-posts":[],"_links":{"self":[{"href":"https:\/\/eltrabajo.cl\/portal\/wp-json\/wp\/v2\/posts\/62777","targetHints":{"allow":["GET"]}}],"collection":[{"href":"https:\/\/eltrabajo.cl\/portal\/wp-json\/wp\/v2\/posts"}],"about":[{"href":"https:\/\/eltrabajo.cl\/portal\/wp-json\/wp\/v2\/types\/post"}],"author":[{"embeddable":true,"href":"https:\/\/eltrabajo.cl\/portal\/wp-json\/wp\/v2\/users\/482"}],"replies":[{"embeddable":true,"href":"https:\/\/eltrabajo.cl\/portal\/wp-json\/wp\/v2\/comments?post=62777"}],"version-history":[{"count":0,"href":"https:\/\/eltrabajo.cl\/portal\/wp-json\/wp\/v2\/posts\/62777\/revisions"}],"wp:featuredmedia":[{"embeddable":true,"href":"https:\/\/eltrabajo.cl\/portal\/wp-json\/wp\/v2\/media\/62778"}],"wp:attachment":[{"href":"https:\/\/eltrabajo.cl\/portal\/wp-json\/wp\/v2\/media?parent=62777"}],"wp:term":[{"taxonomy":"category","embeddable":true,"href":"https:\/\/eltrabajo.cl\/portal\/wp-json\/wp\/v2\/categories?post=62777"},{"taxonomy":"post_tag","embeddable":true,"href":"https:\/\/eltrabajo.cl\/portal\/wp-json\/wp\/v2\/tags?post=62777"}],"curies":[{"name":"wp","href":"https:\/\/api.w.org\/{rel}","templated":true}]}}