{"id":62780,"date":"2015-10-09T09:29:41","date_gmt":"2015-10-09T12:29:41","guid":{"rendered":"http:\/\/www.eltrabajo.cl\/portal\/?p=62780"},"modified":"2015-10-09T09:29:41","modified_gmt":"2015-10-09T12:29:41","slug":"vecinos-de-sector-parrasia-bajo-reciben-nueva-postacion-y-36-luminarias-publicas","status":"publish","type":"post","link":"https:\/\/eltrabajo.cl\/portal\/vecinos-de-sector-parrasia-bajo-reciben-nueva-postacion-y-36-luminarias-publicas\/","title":{"rendered":"Vecinos de sector Parras\u00eda Bajo reciben nueva postaci\u00f3n y 36 luminarias p\u00fablicas"},"content":{"rendered":"<figure id=\"attachment_62781\" aria-describedby=\"caption-attachment-62781\" style=\"width: 300px\" class=\"wp-caption alignleft\"><a href=\"https:\/\/i0.wp.com\/www.eltrabajo.cl\/portal\/wp-content\/uploads\/2015\/10\/luminarias-Parrasia-bajo.jpg\"><img data-recalc-dims=\"1\" loading=\"lazy\" decoding=\"async\" class=\"wp-image-62781 size-medium\" src=\"https:\/\/i0.wp.com\/www.eltrabajo.cl\/portal\/wp-content\/uploads\/2015\/10\/luminarias-Parrasia-bajo-300x197.jpg?resize=300%2C197\" alt=\"El proyecto consider\u00f3 la instalaci\u00f3n de luminarias led de \u00faltima generaci\u00f3n y postaci\u00f3n.\" width=\"300\" height=\"197\" srcset=\"https:\/\/i0.wp.com\/eltrabajo.cl\/portal\/wp-content\/uploads\/2015\/10\/luminarias-Parrasia-bajo.jpg?resize=300%2C197&amp;ssl=1 300w, https:\/\/i0.wp.com\/eltrabajo.cl\/portal\/wp-content\/uploads\/2015\/10\/luminarias-Parrasia-bajo.jpg?resize=200%2C131&amp;ssl=1 200w, https:\/\/i0.wp.com\/eltrabajo.cl\/portal\/wp-content\/uploads\/2015\/10\/luminarias-Parrasia-bajo.jpg?resize=228%2C150&amp;ssl=1 228w, https:\/\/i0.wp.com\/eltrabajo.cl\/portal\/wp-content\/uploads\/2015\/10\/luminarias-Parrasia-bajo.jpg?resize=400%2C263&amp;ssl=1 400w, https:\/\/i0.wp.com\/eltrabajo.cl\/portal\/wp-content\/uploads\/2015\/10\/luminarias-Parrasia-bajo.jpg?w=530&amp;ssl=1 530w\" sizes=\"auto, (max-width: 300px) 100vw, 300px\" \/><\/a><figcaption id=\"caption-attachment-62781\" class=\"wp-caption-text\">El proyecto consider\u00f3 la instalaci\u00f3n de luminarias led de \u00faltima generaci\u00f3n y postaci\u00f3n.<\/figcaption><\/figure>\n<ul>\n<li><strong>Alcalde Freire visit\u00f3 el sector para reunirse con los vecinos quienes se mostraron felices con este avance, que pidieron por a\u00f1os a las autoridades.<\/strong><\/li>\n<\/ul>\n<p>Treinta y seis luminarias, junto a la postaci\u00f3n fueron instaladas en el sector poniente de la comuna de San Felipe mejorando la calidad de vida de cientos de vecinos que viven en el sector.<br \/>\nEl proyecto, que signific\u00f3 una inversi\u00f3n de alrededor de 30 millones de pesos a trav\u00e9s del Fondo Nacional de Desarrollo Regional, FNDR, fue ejecutado hace unas semanas, luego de que los vecinos solicitaran por muchos a\u00f1os su ejecuci\u00f3n al convivir con calles oscuras.<\/p>\n<figure id=\"attachment_62782\" aria-describedby=\"caption-attachment-62782\" style=\"width: 300px\" class=\"wp-caption alignright\"><a href=\"https:\/\/i0.wp.com\/www.eltrabajo.cl\/portal\/wp-content\/uploads\/2015\/10\/reunion-vecinos-Parrasia-bajo.jpg\"><img data-recalc-dims=\"1\" loading=\"lazy\" decoding=\"async\" class=\"wp-image-62782 size-medium\" src=\"https:\/\/i0.wp.com\/www.eltrabajo.cl\/portal\/wp-content\/uploads\/2015\/10\/reunion-vecinos-Parrasia-bajo-300x198.jpg?resize=300%2C198\" alt=\"Los vecinos del sector se mostraron muy agradecidos por las gestiones hechas por el municipio para poner luminaria p\u00fablica en un sector que no lo ten\u00eda.\" width=\"300\" height=\"198\" srcset=\"https:\/\/i0.wp.com\/eltrabajo.cl\/portal\/wp-content\/uploads\/2015\/10\/reunion-vecinos-Parrasia-bajo.jpg?resize=300%2C198&amp;ssl=1 300w, https:\/\/i0.wp.com\/eltrabajo.cl\/portal\/wp-content\/uploads\/2015\/10\/reunion-vecinos-Parrasia-bajo.jpg?resize=200%2C132&amp;ssl=1 200w, https:\/\/i0.wp.com\/eltrabajo.cl\/portal\/wp-content\/uploads\/2015\/10\/reunion-vecinos-Parrasia-bajo.jpg?resize=228%2C150&amp;ssl=1 228w, https:\/\/i0.wp.com\/eltrabajo.cl\/portal\/wp-content\/uploads\/2015\/10\/reunion-vecinos-Parrasia-bajo.jpg?resize=400%2C263&amp;ssl=1 400w, https:\/\/i0.wp.com\/eltrabajo.cl\/portal\/wp-content\/uploads\/2015\/10\/reunion-vecinos-Parrasia-bajo.jpg?w=530&amp;ssl=1 530w\" sizes=\"auto, (max-width: 300px) 100vw, 300px\" \/><\/a><figcaption id=\"caption-attachment-62782\" class=\"wp-caption-text\">Los vecinos del sector se mostraron muy agradecidos por las gestiones hechas por el municipio para poner luminaria p\u00fablica en un sector que no lo ten\u00eda.<\/figcaption><\/figure>\n<p>El alcalde Patricio Freire se traslad\u00f3 hasta el sector para reunirse con los vecinos, quienes se mostraron felices con la ejecuci\u00f3n del proyecto, que viene a mejorar su calidad de vida, al no tener que transitar por calles oscuras, entregando adem\u00e1s mayor seguridad a los residentes.<br \/>\n\u201cComo municipio realizamos la gesti\u00f3n para instalar la postaci\u00f3n y las luminarias de este sector que nunca tuvo luz, en un lugar donde existen canchas y transitan muchos deportistas y hoy d\u00eda este sue\u00f1o de los vecinos es una realidad. Estas son muestras claras que estamos construyendo una ciudad de futuro junto a los vecinos\u201d, dijo el jefe comunal.<br \/>\nLa luminaria era una necesidad para los vecinos del sector, tal como explica Luis Monje, delegado de la junta de vecinos de Parras\u00eda bajo, y que se hac\u00eda urgente su existencia especialmente en los meses de invierno. \u201cA las seis de la tarde era una oscuridad tremenda, donde tienen que transitar personas a pie, ni\u00f1os al colegio y los j\u00f3venes que vienen a hacer deporte fueron asaltados en el trayecto. Tener esta luminaria es un tremendo beneficio, anhelado por muchos a\u00f1os, de hecho el sector no ten\u00eda una inversi\u00f3n p\u00fablica desde hace 20 a\u00f1os, por lo que es muy significativo este proyecto y estamos seguros que se continuar\u00e1n realizando proyectos\u201d.<br \/>\nEn el lugar se instalaron luminarias led de \u00faltima generaci\u00f3n y postaci\u00f3n como parte de un proyecto que se ejecut\u00f3 en distintos sectores de la comuna y que signific\u00f3 una inversi\u00f3n total de m\u00e1s de 700 millones de pesos.<\/p>\n","protected":false},"excerpt":{"rendered":"<p>Alcalde Freire visit\u00f3 el sector para reunirse con los vecinos quienes se mostraron felices con este avance, que pidieron por a\u00f1os a las autoridades. Treinta y seis luminarias, junto a la postaci\u00f3n&#8230;<\/p>\n","protected":false},"author":482,"featured_media":62781,"comment_status":"open","ping_status":"open","sticky":false,"template":"","format":"standard","meta":{"advanced_seo_description":"","jetpack_seo_html_title":"","jetpack_seo_noindex":false,"_jetpack_memberships_contains_paid_content":false,"footnotes":""},"categories":[15],"tags":[],"class_list":["post-62780","post","type-post","status-publish","format-standard","has-post-thumbnail","hentry","category-comunidad"],"jetpack_featured_media_url":"https:\/\/i0.wp.com\/eltrabajo.cl\/portal\/wp-content\/uploads\/2015\/10\/luminarias-Parrasia-bajo.jpg?fit=530%2C348&ssl=1","jetpack_sharing_enabled":true,"jetpack_likes_enabled":true,"jetpack-related-posts":[],"_links":{"self":[{"href":"https:\/\/eltrabajo.cl\/portal\/wp-json\/wp\/v2\/posts\/62780","targetHints":{"allow":["GET"]}}],"collection":[{"href":"https:\/\/eltrabajo.cl\/portal\/wp-json\/wp\/v2\/posts"}],"about":[{"href":"https:\/\/eltrabajo.cl\/portal\/wp-json\/wp\/v2\/types\/post"}],"author":[{"embeddable":true,"href":"https:\/\/eltrabajo.cl\/portal\/wp-json\/wp\/v2\/users\/482"}],"replies":[{"embeddable":true,"href":"https:\/\/eltrabajo.cl\/portal\/wp-json\/wp\/v2\/comments?post=62780"}],"version-history":[{"count":0,"href":"https:\/\/eltrabajo.cl\/portal\/wp-json\/wp\/v2\/posts\/62780\/revisions"}],"wp:featuredmedia":[{"embeddable":true,"href":"https:\/\/eltrabajo.cl\/portal\/wp-json\/wp\/v2\/media\/62781"}],"wp:attachment":[{"href":"https:\/\/eltrabajo.cl\/portal\/wp-json\/wp\/v2\/media?parent=62780"}],"wp:term":[{"taxonomy":"category","embeddable":true,"href":"https:\/\/eltrabajo.cl\/portal\/wp-json\/wp\/v2\/categories?post=62780"},{"taxonomy":"post_tag","embeddable":true,"href":"https:\/\/eltrabajo.cl\/portal\/wp-json\/wp\/v2\/tags?post=62780"}],"curies":[{"name":"wp","href":"https:\/\/api.w.org\/{rel}","templated":true}]}}