{"id":62784,"date":"2015-10-09T09:31:09","date_gmt":"2015-10-09T12:31:09","guid":{"rendered":"http:\/\/www.eltrabajo.cl\/portal\/?p=62784"},"modified":"2015-10-09T09:31:09","modified_gmt":"2015-10-09T12:31:09","slug":"connotados-cientificos-realizaran-conferencia-sobre-cambio-climatico-este-sabado-en-san-felipe","status":"publish","type":"post","link":"https:\/\/eltrabajo.cl\/portal\/connotados-cientificos-realizaran-conferencia-sobre-cambio-climatico-este-sabado-en-san-felipe\/","title":{"rendered":"Connotados cient\u00edficos realizar\u00e1n conferencia sobre cambio clim\u00e1tico este s\u00e1bado en San Felipe"},"content":{"rendered":"<figure id=\"attachment_62785\" aria-describedby=\"caption-attachment-62785\" style=\"width: 300px\" class=\"wp-caption alignleft\"><a href=\"https:\/\/i0.wp.com\/www.eltrabajo.cl\/portal\/wp-content\/uploads\/2015\/10\/Doctor-Jorge-Guzman.jpg\"><img data-recalc-dims=\"1\" loading=\"lazy\" decoding=\"async\" class=\"wp-image-62785 size-medium\" src=\"https:\/\/i0.wp.com\/www.eltrabajo.cl\/portal\/wp-content\/uploads\/2015\/10\/Doctor-Jorge-Guzman-300x197.jpg?resize=300%2C197\" alt=\"Dr. Jorge Guzm\u00e1n, director general de la empresa suiza GSS, coordinador para Am\u00e9rica del Sur y Pac\u00edfico Sudoeste de ACRE y profesor de la Universidad de Cambridge.\" width=\"300\" height=\"197\" srcset=\"https:\/\/i0.wp.com\/eltrabajo.cl\/portal\/wp-content\/uploads\/2015\/10\/Doctor-Jorge-Guzman.jpg?resize=300%2C197&amp;ssl=1 300w, https:\/\/i0.wp.com\/eltrabajo.cl\/portal\/wp-content\/uploads\/2015\/10\/Doctor-Jorge-Guzman.jpg?resize=200%2C131&amp;ssl=1 200w, https:\/\/i0.wp.com\/eltrabajo.cl\/portal\/wp-content\/uploads\/2015\/10\/Doctor-Jorge-Guzman.jpg?resize=228%2C150&amp;ssl=1 228w, https:\/\/i0.wp.com\/eltrabajo.cl\/portal\/wp-content\/uploads\/2015\/10\/Doctor-Jorge-Guzman.jpg?resize=400%2C263&amp;ssl=1 400w, https:\/\/i0.wp.com\/eltrabajo.cl\/portal\/wp-content\/uploads\/2015\/10\/Doctor-Jorge-Guzman.jpg?w=530&amp;ssl=1 530w\" sizes=\"auto, (max-width: 300px) 100vw, 300px\" \/><\/a><figcaption id=\"caption-attachment-62785\" class=\"wp-caption-text\">Dr. Jorge Guzm\u00e1n, director general de la empresa suiza GSS, coordinador para Am\u00e9rica del Sur y Pac\u00edfico Sudoeste de ACRE y profesor de la Universidad de Cambridge.<\/figcaption><\/figure>\n<ul>\n<li><strong>Actividad organizada por la municipalidad, es impulsada por el sanfelipe\u00f1o Jorge Guzm\u00e1n, coordinador para Am\u00e9rica del Sur y Pac\u00edfico Sur de la International Initiative Atmospheric Circulation Reconstruction over the Earth, ACRE, alianza cient\u00edfica de centros de investigaci\u00f3n aplicada de Europa y Asia.<\/strong><\/li>\n<\/ul>\n<p>Con motivo de la realizaci\u00f3n en Santiago, entre el 12 y el 14 de octubre, de la Conferencia del Hemisferio Sur de la Organizaci\u00f3n Meteorol\u00f3gica Mundial, cuatro cient\u00edficos pertenecientes a la International Initiative Atmospheric Circulation Reconstruction over the Earth, ACRE, dictar\u00e1n una conferencia en San Felipe este s\u00e1bado, a las 11 horas en el Teatro Municipal, en torno al cambio clim\u00e1tico.<br \/>\nLa actividad corresponde a una iniciativa del Doctor Jorge Guzm\u00e1n, sanfelipe\u00f1o que se desempe\u00f1a como director general de la empresa suiza GSS, coordinador para Am\u00e9rica del Sur y Pac\u00edfico Sudoeste de ACRE y profesor de la Universidad de Cambridge. El acad\u00e9mico plante\u00f3 la idea al alcalde Patricio Freire, en cuanto a realizar este encuentro en San Felipe, logrando una favorable respuesta del jefe comunal, a partir de la trascendencia que tiene el tema.<br \/>\nSeg\u00fan explic\u00f3 Guzm\u00e1n, la conferencia que se dictar\u00e1 este s\u00e1bado en el municipal sanfelipe\u00f1o, contar\u00e1 con la participaci\u00f3n como expositores de los profesores Dr. Rob Allan, General Manager de la International ACRE, Initiative, Hadley Centre for Climate Prediction and Research, Reino Unido; Dr. Philip Brohan, Jefe del Depto. Modelamiento Matem\u00e1tico, Hadley Centre, Reino Unido; Dr. Gil Compo, Director de la Secci\u00f3n Modelamiento Matem\u00e1tico del National Centre for Atmospheric Research NCAR\/NOAA y de la Universidad de Colorado, Estados Unidos y de Jorge Guzm\u00e1n.<br \/>\nEn la cita de este s\u00e1bado, los asistentes podr\u00e1n informarse sobre el estado del \u2018rean\u00e1lisis\u2019, una recuperaci\u00f3n de observaciones instrumentales geocient\u00edficas meteorol\u00f3gicas efectuado por estos investigadores de renombre internacional, que ha permitido reconstruir el comportamiento del clima a nivel mundial.<br \/>\n\u201cConsiderando esta deficiencia, nosotros hemos estimado que Chile es un pa\u00eds extremadamente rico en datos, por lo que queremos compartir algunos de los resultados de nuestro trabajo\u201d, se\u00f1al\u00f3.<br \/>\nRespecto de la actividad de este s\u00e1bado, manifest\u00f3 que \u201cinformaremos tambi\u00e9n de las capacidades que tiene estas herramienta cient\u00edfico tecnol\u00f3gica, para entender y mitigar los impactos del cambio ambiental, incluido el cambio clim\u00e1tico, que tiene impactos en nuestro valle\u201d.<br \/>\nSe\u00f1al\u00f3 que un tema interesante para la comunidad local, dice relaci\u00f3n con los cambios clim\u00e1ticos extremos, citando el caso de la helada de 2013 que gener\u00f3 un enorme da\u00f1o en la agricultura, as\u00ed como del manejo sustentable del agua a nivel de la cuenca del Aconcagua, respecto de la que asever\u00f3, las empresas mineras debiesen estar interesadas.<br \/>\nDe la misma manera manifest\u00f3 que en la oportunidad se dar\u00e1 a conocer detalles del trabajo que se ha realizado a partir de este instrumento denominado \u2018Rean\u00e1lisis\u2019, que permite generar un pron\u00f3stico de largo plazo y alta resoluci\u00f3n espacial de precipitaciones (en algunos casos 1 km cuadrado y 36 niveles verticales) para el desarrollo de pol\u00edticas p\u00fablicas y regulaciones, y la gesti\u00f3n inteligente de los recursos h\u00eddricos.<\/p>\n","protected":false},"excerpt":{"rendered":"<p>Actividad organizada por la municipalidad, es impulsada por el sanfelipe\u00f1o Jorge Guzm\u00e1n, coordinador para Am\u00e9rica del Sur y Pac\u00edfico Sur de la International Initiative Atmospheric Circulation Reconstruction over the Earth, ACRE, alianza&#8230;<\/p>\n","protected":false},"author":482,"featured_media":62785,"comment_status":"open","ping_status":"open","sticky":false,"template":"","format":"standard","meta":{"advanced_seo_description":"","jetpack_seo_html_title":"","jetpack_seo_noindex":false,"_jetpack_memberships_contains_paid_content":false,"footnotes":""},"categories":[1],"tags":[],"class_list":["post-62784","post","type-post","status-publish","format-standard","has-post-thumbnail","hentry","category-cronica"],"jetpack_featured_media_url":"https:\/\/i0.wp.com\/eltrabajo.cl\/portal\/wp-content\/uploads\/2015\/10\/Doctor-Jorge-Guzman.jpg?fit=530%2C348&ssl=1","jetpack_sharing_enabled":true,"jetpack_likes_enabled":true,"jetpack-related-posts":[],"_links":{"self":[{"href":"https:\/\/eltrabajo.cl\/portal\/wp-json\/wp\/v2\/posts\/62784","targetHints":{"allow":["GET"]}}],"collection":[{"href":"https:\/\/eltrabajo.cl\/portal\/wp-json\/wp\/v2\/posts"}],"about":[{"href":"https:\/\/eltrabajo.cl\/portal\/wp-json\/wp\/v2\/types\/post"}],"author":[{"embeddable":true,"href":"https:\/\/eltrabajo.cl\/portal\/wp-json\/wp\/v2\/users\/482"}],"replies":[{"embeddable":true,"href":"https:\/\/eltrabajo.cl\/portal\/wp-json\/wp\/v2\/comments?post=62784"}],"version-history":[{"count":0,"href":"https:\/\/eltrabajo.cl\/portal\/wp-json\/wp\/v2\/posts\/62784\/revisions"}],"wp:featuredmedia":[{"embeddable":true,"href":"https:\/\/eltrabajo.cl\/portal\/wp-json\/wp\/v2\/media\/62785"}],"wp:attachment":[{"href":"https:\/\/eltrabajo.cl\/portal\/wp-json\/wp\/v2\/media?parent=62784"}],"wp:term":[{"taxonomy":"category","embeddable":true,"href":"https:\/\/eltrabajo.cl\/portal\/wp-json\/wp\/v2\/categories?post=62784"},{"taxonomy":"post_tag","embeddable":true,"href":"https:\/\/eltrabajo.cl\/portal\/wp-json\/wp\/v2\/tags?post=62784"}],"curies":[{"name":"wp","href":"https:\/\/api.w.org\/{rel}","templated":true}]}}