{"id":62787,"date":"2015-10-09T09:44:45","date_gmt":"2015-10-09T12:44:45","guid":{"rendered":"http:\/\/www.eltrabajo.cl\/portal\/?p=62787"},"modified":"2015-10-09T09:44:45","modified_gmt":"2015-10-09T12:44:45","slug":"municipio-despilfarra-casi-90-millones-en-alcantarillado-inservible","status":"publish","type":"post","link":"https:\/\/eltrabajo.cl\/portal\/municipio-despilfarra-casi-90-millones-en-alcantarillado-inservible\/","title":{"rendered":"Municipio despilfarra casi $90 millones en alcantarillado inservible"},"content":{"rendered":"<figure id=\"attachment_62788\" aria-describedby=\"caption-attachment-62788\" style=\"width: 300px\" class=\"wp-caption alignleft\"><a href=\"https:\/\/i0.wp.com\/www.eltrabajo.cl\/portal\/wp-content\/uploads\/2015\/10\/Ema-Rios.jpg\"><img data-recalc-dims=\"1\" loading=\"lazy\" decoding=\"async\" class=\"wp-image-62788 size-medium\" src=\"https:\/\/i0.wp.com\/www.eltrabajo.cl\/portal\/wp-content\/uploads\/2015\/10\/Ema-Rios-300x198.jpg?resize=300%2C198\" alt=\"CARTAS SIN RESPUESTA.- Ema R\u00edos, tesorera de la junta vecinal de Pantanal de Llay Llay, muestra a nuestro medio las decenas de cartas enviadas por su directiva tanto a Esval como al Municipio.\" width=\"300\" height=\"198\" srcset=\"https:\/\/i0.wp.com\/eltrabajo.cl\/portal\/wp-content\/uploads\/2015\/10\/Ema-Rios.jpg?resize=300%2C198&amp;ssl=1 300w, https:\/\/i0.wp.com\/eltrabajo.cl\/portal\/wp-content\/uploads\/2015\/10\/Ema-Rios.jpg?resize=200%2C132&amp;ssl=1 200w, https:\/\/i0.wp.com\/eltrabajo.cl\/portal\/wp-content\/uploads\/2015\/10\/Ema-Rios.jpg?resize=227%2C150&amp;ssl=1 227w, https:\/\/i0.wp.com\/eltrabajo.cl\/portal\/wp-content\/uploads\/2015\/10\/Ema-Rios.jpg?resize=400%2C264&amp;ssl=1 400w, https:\/\/i0.wp.com\/eltrabajo.cl\/portal\/wp-content\/uploads\/2015\/10\/Ema-Rios.jpg?w=530&amp;ssl=1 530w\" sizes=\"auto, (max-width: 300px) 100vw, 300px\" \/><\/a><figcaption id=\"caption-attachment-62788\" class=\"wp-caption-text\">CARTAS SIN RESPUESTA.- Ema R\u00edos, tesorera de la junta vecinal de Pantanal de Llay Llay, muestra a nuestro medio las decenas de cartas enviadas por su directiva tanto a Esval como al Municipio.<\/figcaption><\/figure>\n<ul>\n<li><strong>Vecinos y dirigentes denuncian en exclusiva a Diario El Trabajo, los problemas que desde hace a\u00f1os esperan a ser resueltos por las autoridades comunales en esa comuna de la provincia sanfelipe\u00f1a.<\/strong><\/li>\n<\/ul>\n<p><strong>LLAY LLAY.-<\/strong> Las 32 familias que viven en Callej\u00f3n San Jes\u00fas, en donde los directivos de la Junta de Vecinos de Pantanal de Llay Llay aseguran a Diario El Trabajo estar hartos de pedir una soluci\u00f3n al problema de aguas servidas que les afecta desde hace muchos a\u00f1os, buscaron el apoyo de nuestro medio para expresar su justificado malestar.<br \/>\nSe trata no solamente de un tema puntual, sino de varias irregularidades comunales que afectan a los llaylla\u00ednos en temas puntuales, situaciones que fueron denunciadas este jueves por el presidente de la Uni\u00f3n Comunal de Junta de Vecinos de esa comuna, don Oscar Hidalgo.<br \/>\nNuestro medio realiz\u00f3 un recorrido por Llay Llay, con miras a confirmar si efectivamente el Municipio habr\u00eda descuidado sus deberes y tambi\u00e9n para saber si los reclamos de estos vecinos tienen o no fundamento.<\/p>\n<p><strong>ALCANTARILLADO \u00a0FUE ABANDONADO<\/strong><br \/>\nYa en Callej\u00f3n San Jes\u00fas, fue la tesorera de la junta vecinal de Pantanal, do\u00f1a Ema R\u00edos, quien explic\u00f3 que \u00abaqu\u00ed el problema es muy serio. Hace algunos a\u00f1os nosotros, los vecinos, us\u00e1bamos pozos s\u00e9pticos en cada casa, en 2008 el Municipio apareci\u00f3 con un proyecto para alcantarillar 600 metros en la v\u00eda principal de nuestro sector, luego la empresa que hizo las obras dio por terminado el proyecto, aqu\u00ed hablamos de casi $90 millones tirados a la basura, porque a la fecha nunca instalaron las c\u00e1maras de desag\u00fce, simplemente se fueron y no funciona ese alcantarillado\u00bb, dijo R\u00edos a Diario El Trabajo.<br \/>\nSeg\u00fan esta dirigente, el alcantarillado qued\u00f3 en desnivel, por lo que el agua nunca podr\u00e1 correr al interior de las alcantarillas, adem\u00e1s de ese problema puntual, se enfrentan al tema de las aguas servidas de sus casa, \u00abtenemos que depositar nuestros desechos en un peque\u00f1o canal de riego que pasa por nuestros patios, esto se logra s\u00f3lo cuando hay agua en ese canal, y cuando no, la fetidez es insoportable, Esval no nos permite romper alcantarillas, el Municipio tampoco nos da una soluci\u00f3n y hasta nos quieren multar por la contaminaci\u00f3n\u00bb, agreg\u00f3 la vecina.<br \/>\nNuestro medio pudo verificar en terreno que las bombas de propulsi\u00f3n para mover los desechos, mismas que est\u00e1n oxidadas y llenas de barro, los vecinos aseguran que nunca fueron usadas.<\/p>\n<p><strong>M\u00c1S PROBLEMAS<\/strong><br \/>\nOtra de las quejas interpuestas a nuestro medio, por otra vecina y de otro sector de la comuna, es el de una platina en mal estado y mal instalada, en donde regularmente ocurren ca\u00eddas de peatones e inundaciones cuando llueve.<br \/>\nAdem\u00e1s de esta platina, Diario El Trabajo confirm\u00f3 la existencia de al menos una c\u00e1mara de desag\u00fce en plena acera, que est\u00e1 sin tapa, lo que tambi\u00e9n viene generando problemas a los transe\u00fantes llaylla\u00ednos en calle 21 de Mayo.<\/p>\n<p><strong>\u00abNOS SIGUEN TRAMITANDO\u00bb<\/strong><br \/>\nSiendo que estos temas fueron denunciados inicialmente por el presidente de la Unco Llay Llay, don Oscar Hidalgo, quisimos conocer de cerca su postura ante estas problem\u00e1ticas vecinales. Este dirigente maneja unas 26 juntas vecinales de Llay Llay.<br \/>\n<strong>&#8211; \u00bfPor qu\u00e9 no logra la Unco hallar soluciones a estos vecinos?<\/strong><br \/>\n<strong>&#8211;<\/strong> Yo lo que puedo decir, es que estamos recibiendo varias quejas de las juntas vecinales, regularmente algunas de estas juntas se han retirado porque aseguran que yo como dirigente, no le doy soluci\u00f3n a sus problemas, siendo en realidad que yo me he presentado ante distintos actores del Municipio, incluyendo al alcalde Mario Marillanca, y aunque he pedido y presionado para que solucionen por ejemplo lo del alcantarillado, de nada ha servido, pues ellos simplemente me tramitan.<br \/>\n<strong>&#8211; \u00bfPor qu\u00e9 est\u00e1n haciendo p\u00fablicas estas denuncias?<\/strong><br \/>\n<strong>&#8211;<\/strong> Bueno, estamos denunciando esto en Diario El Trabajo no solamente para presionar y lograr soluciones, es ya nuestro \u00faltimo recurso y si no hay respuesta, al menos para que les d\u00e9 verg\u00fcenza a quienes les tenga que dar.<\/p>\n<p><strong>EL PIMPONEO\u00a0<\/strong><strong>INSTITUCIONAL<\/strong><br \/>\nPero \u00bfqu\u00e9 respondi\u00f3 el alcalde Mario Marillanca sobre estas denuncias?, lo que el edil explica a nuestro medio es que literalmente la empresa Esval es la que est\u00e1 \u2018tramitando\u2019 al Municipio, pues aunque fueron los especialistas de Esval quienes participaron con el Municipio en la etapa de dise\u00f1o, \u00e9stos al final dejaron el problema que ahora afecta a 32 familias llaylla\u00ednas<br \/>\n<strong>&#8211; \u00bfQu\u00e9 puede responder usted a estos vecinos y a la opini\u00f3n p\u00fablica sobre el abandono y nula funcionalidad de ese alcantarillado?<\/strong><br \/>\n<strong>&#8211;<\/strong> Estos vecinos nunca pidieron este alcantarillado, nosotros el Municipio, quisimos ayudarles con este asunto, este proyectos lo iniciamos con Esval en dise\u00f1o y el dinero de la Subdere Santiago, lo hicimos luego con contratistas de Esval, lo que pas\u00f3 despu\u00e9s es que la Esval no nos quiso recibir el proyecto, pues aseguran que este alcantarillado no cumple con los est\u00e1ndares de calidad.<br \/>\n<strong>&#8211; \u00bfQu\u00e9 responde Esval para solucionar este millonario despilfarro?<\/strong><br \/>\n<strong>&#8211;<\/strong> Esval nos ha tramitado, ha sido s\u00f3lo burocracia y nada de soluciones, porque lo que estamos pidiendo es que nos digan cu\u00e1les son las mejoras que debemos hacer al proyecto y le dedicamos tiempo y un poco de plata, ellos, en Esval, no se han dignado a interesarse en este problema.<br \/>\n<strong>&#8211; \u00bfEntonces a qui\u00e9n le toca la mano en esta partida?<\/strong><br \/>\n<strong>&#8211;<\/strong> Esval tiene que asumir este tema, decirnos lo que hay que hacer para hacer este alcantarillado funcional. Nosotros hemos buscado soluciones en Valpara\u00edso, ha venido gente a hacer estudios, pero nada se ha logrado.<br \/>\n<strong>&#8211; \u00bfY sobre la platina y la c\u00e1mara de agua sin tapa en calle 21 de Mayo?<\/strong><br \/>\n<strong>&#8211;<\/strong> Sobre esa alcantarilla y esa platina de calle 21 de Mayo, lo que puedo responder es que ese sistema de aguas lluvias es insuficiente, el sistema colapsa, regularmente mandamos personal a limpiarla, en cuanto a esa tapa, no le puedo dar respuesta en este momento, creo que tendremos que hacer una nueva, s\u00e9 que ya se est\u00e1n haciendo tapas nuevas met\u00e1licas.<br \/>\n<strong>&#8211; \u00bfUsted ha tramitado al presidente de la Unco o a otros dirigentes vecinales?<\/strong><br \/>\n<strong>&#8211;<\/strong> Me extra\u00f1a un poco que don Oscar Hidalgo diga que yo lo estoy tramitando, \u00e9l tiene las puertas de mi oficina abiertas para \u00e9l y para cualquier otro dirigente de nuestra comuna. En este \u00faltimo tiempo no me ha consultado nada don Oscar sobre trabajos o quejas en las poblaciones.<\/p>\n<p><strong>ESVAL RESPONDE<\/strong><br \/>\nAlejandro P\u00e9rez, subgerente zonal de Esval San Felipe-Los Andes, explic\u00f3 por su parte a nuestro medio y en relaci\u00f3n al tema del alcantarillado en abandono, que \u00aben este caso puntual el Mandante de ese proyecto es el Municipio de Llay Llay, instituci\u00f3n que efectivamente us\u00f3 a un contratista de Esval, pero eso es una relaci\u00f3n entre el Municipio y ese contratista, ese conector o proyecto a\u00fan no lo ha recibido Esval, pues no tiene las condiciones t\u00e9cnicas que exige la normativa vigente\u00bb, dijo P\u00e9rez a Diario El Trabajo.<br \/>\nEl funcionario tambi\u00e9n explic\u00f3 a nuestro medio que la \u00fanica manera de que Esval reciba ese proyecto, es que el Municipio llaylla\u00edno haga las mejoras pertinentes al proyecto, lo que suena ir\u00f3nico si damos como ciertas las declaraciones de Marillanca, quien asegura que es Esval la parte que no atiende las solicitudes del Municipio en el sentido de emitir en definitiva los pasos a seguir para reparar este millonario problema.<br \/>\n\u00abLo que tiene que hacer el Municipio es regular ese alcantarillado con la normativa vigente, deben instalar platas elevadoras de acuerdo a la normativa que amerita en esas obras sanitarias\u00bb, sentenci\u00f3 P\u00e9rez.<br \/>\nMientras que los vecinos de Callej\u00f3n San Jes\u00fas de Llay Llay siguen soportando los f\u00e9tidos olores de la irresponsabilidad de las autoridades y los peatones de calle 21 de Mayo arriesgando su caminar por los peligros en el camino, el Municipio y Esval siguen tranquilamente con su partida de ping-pong institucional, tir\u00e1ndose la bolita el uno al otro, sin dar respuestas claras y hacer su pega en este tema puntual. \u00bfUsted qu\u00e9 opina?<br \/>\n<strong>Roberto Gonz\u00e1lez Short<\/strong><br \/>\n<strong>rgonzalez@eltrabajo.cl<\/strong><br \/>\n<strong>ENVIADO ESPECIAL<\/strong><\/p>\n<div class=\"tiled-gallery type-rectangular tiled-gallery-unresized\" data-original-width=\"640\" data-carousel-extra='null' itemscope itemtype=\"http:\/\/schema.org\/ImageGallery\" > <div class=\"gallery-row\" style=\"width: 640px; height: 283px;\" data-original-width=\"640\" data-original-height=\"283\" > <div class=\"gallery-group images-1\" style=\"width: 428px; height: 283px;\" data-original-width=\"428\" data-original-height=\"283\" > <div class=\"tiled-gallery-item tiled-gallery-item-large\" itemprop=\"associatedMedia\" itemscope itemtype=\"http:\/\/schema.org\/ImageObject\"> <a href=\"https:\/\/eltrabajo.cl\/portal\/municipio-despilfarra-casi-90-millones-en-alcantarillado-inservible\/bomba1-7\/\" border=\"0\" itemprop=\"url\"> <meta itemprop=\"width\" content=\"424\"> <meta itemprop=\"height\" content=\"279\"> <img decoding=\"async\" class=\"\" data-attachment-id=\"62790\" data-orig-file=\"https:\/\/eltrabajo.cl\/portal\/wp-content\/uploads\/2015\/10\/Bomba1.jpg\" data-orig-size=\"530,348\" data-comments-opened=\"1\" data-image-meta=\"{&quot;aperture&quot;:&quot;0&quot;,&quot;credit&quot;:&quot;&quot;,&quot;camera&quot;:&quot;&quot;,&quot;caption&quot;:&quot;&quot;,&quot;created_timestamp&quot;:&quot;0&quot;,&quot;copyright&quot;:&quot;&quot;,&quot;focal_length&quot;:&quot;0&quot;,&quot;iso&quot;:&quot;0&quot;,&quot;shutter_speed&quot;:&quot;0&quot;,&quot;title&quot;:&quot;&quot;,&quot;orientation&quot;:&quot;0&quot;}\" data-image-title=\"Bomba1\" data-image-description=\"&lt;p&gt;MILLONES BOTADOS.- Aunque esta costosa bomba fue instalada nueva en esta c\u00e1mara, el Municipio la dej\u00f3 abandonada y la humedad y el tiempo la oxidaron casi por completo.&lt;\/p&gt; \" data-medium-file=\"https:\/\/i0.wp.com\/eltrabajo.cl\/portal\/wp-content\/uploads\/2015\/10\/Bomba1.jpg?fit=300%2C197&#038;ssl=1\" data-large-file=\"https:\/\/i0.wp.com\/eltrabajo.cl\/portal\/wp-content\/uploads\/2015\/10\/Bomba1.jpg?fit=530%2C348&#038;ssl=1\" src=\"https:\/\/i0.wp.com\/eltrabajo.cl\/portal\/wp-content\/uploads\/2015\/10\/Bomba1.jpg?w=424&#038;h=279&#038;ssl=1\" srcset=\"https:\/\/i0.wp.com\/eltrabajo.cl\/portal\/wp-content\/uploads\/2015\/10\/Bomba1.jpg?w=530&amp;ssl=1 530w, https:\/\/i0.wp.com\/eltrabajo.cl\/portal\/wp-content\/uploads\/2015\/10\/Bomba1.jpg?resize=200%2C131&amp;ssl=1 200w, https:\/\/i0.wp.com\/eltrabajo.cl\/portal\/wp-content\/uploads\/2015\/10\/Bomba1.jpg?resize=300%2C197&amp;ssl=1 300w, https:\/\/i0.wp.com\/eltrabajo.cl\/portal\/wp-content\/uploads\/2015\/10\/Bomba1.jpg?resize=228%2C150&amp;ssl=1 228w, https:\/\/i0.wp.com\/eltrabajo.cl\/portal\/wp-content\/uploads\/2015\/10\/Bomba1.jpg?resize=400%2C263&amp;ssl=1 400w\" width=\"424\" height=\"279\" loading=\"lazy\" data-original-width=\"424\" data-original-height=\"279\" itemprop=\"http:\/\/schema.org\/image\" title=\"Bomba1\" alt=\"MILLONES BOTADOS.- Aunque esta costosa bomba fue instalada nueva en esta c\u00e1mara, el Municipio la dej\u00f3 abandonada y la humedad y el tiempo la oxidaron casi por completo.\" style=\"width: 424px; height: 279px;\" \/> <\/a> <div class=\"tiled-gallery-caption\" itemprop=\"caption description\"> MILLONES BOTADOS.- Aunque esta costosa bomba fue instalada nueva en esta c\u00e1mara, el Municipio la dej\u00f3 abandonada y la humedad y el tiempo la oxidaron casi por completo. <\/div> <\/div> <\/div> <!-- close group --> <div class=\"gallery-group images-2\" style=\"width: 212px; height: 283px;\" data-original-width=\"212\" data-original-height=\"283\" > <div class=\"tiled-gallery-item tiled-gallery-item-small\" itemprop=\"associatedMedia\" itemscope itemtype=\"http:\/\/schema.org\/ImageObject\"> <a href=\"https:\/\/eltrabajo.cl\/portal\/municipio-despilfarra-casi-90-millones-en-alcantarillado-inservible\/tramo1\/\" border=\"0\" itemprop=\"url\"> <meta itemprop=\"width\" content=\"208\"> <meta itemprop=\"height\" content=\"138\"> <img decoding=\"async\" class=\"\" data-attachment-id=\"62797\" data-orig-file=\"https:\/\/eltrabajo.cl\/portal\/wp-content\/uploads\/2015\/10\/Tramo1.jpg\" data-orig-size=\"530,350\" data-comments-opened=\"1\" data-image-meta=\"{&quot;aperture&quot;:&quot;0&quot;,&quot;credit&quot;:&quot;&quot;,&quot;camera&quot;:&quot;&quot;,&quot;caption&quot;:&quot;&quot;,&quot;created_timestamp&quot;:&quot;0&quot;,&quot;copyright&quot;:&quot;&quot;,&quot;focal_length&quot;:&quot;0&quot;,&quot;iso&quot;:&quot;0&quot;,&quot;shutter_speed&quot;:&quot;0&quot;,&quot;title&quot;:&quot;&quot;,&quot;orientation&quot;:&quot;0&quot;}\" data-image-title=\"Tramo1\" data-image-description=\"&lt;p&gt;SERIO PROBLEMA.- Este es el tramo de 600 metros, debajo de este barrial est\u00e1 el alcantarillado, nunca se entreg\u00f3 a Esval ni a los vecinos.&lt;\/p&gt; \" data-medium-file=\"https:\/\/i0.wp.com\/eltrabajo.cl\/portal\/wp-content\/uploads\/2015\/10\/Tramo1.jpg?fit=300%2C198&#038;ssl=1\" data-large-file=\"https:\/\/i0.wp.com\/eltrabajo.cl\/portal\/wp-content\/uploads\/2015\/10\/Tramo1.jpg?fit=530%2C350&#038;ssl=1\" src=\"https:\/\/i0.wp.com\/eltrabajo.cl\/portal\/wp-content\/uploads\/2015\/10\/Tramo1.jpg?w=208&#038;h=138&#038;ssl=1\" srcset=\"https:\/\/i0.wp.com\/eltrabajo.cl\/portal\/wp-content\/uploads\/2015\/10\/Tramo1.jpg?w=530&amp;ssl=1 530w, https:\/\/i0.wp.com\/eltrabajo.cl\/portal\/wp-content\/uploads\/2015\/10\/Tramo1.jpg?resize=200%2C132&amp;ssl=1 200w, https:\/\/i0.wp.com\/eltrabajo.cl\/portal\/wp-content\/uploads\/2015\/10\/Tramo1.jpg?resize=300%2C198&amp;ssl=1 300w, https:\/\/i0.wp.com\/eltrabajo.cl\/portal\/wp-content\/uploads\/2015\/10\/Tramo1.jpg?resize=227%2C150&amp;ssl=1 227w, https:\/\/i0.wp.com\/eltrabajo.cl\/portal\/wp-content\/uploads\/2015\/10\/Tramo1.jpg?resize=400%2C264&amp;ssl=1 400w\" width=\"208\" height=\"138\" loading=\"lazy\" data-original-width=\"208\" data-original-height=\"138\" itemprop=\"http:\/\/schema.org\/image\" title=\"Tramo1\" alt=\"SERIO PROBLEMA.- Este es el tramo de 600 metros, debajo de este barrial est\u00e1 el alcantarillado, nunca se entreg\u00f3 a Esval ni a los vecinos.\" style=\"width: 208px; height: 138px;\" \/> <\/a> <div class=\"tiled-gallery-caption\" itemprop=\"caption description\"> SERIO PROBLEMA.- Este es el tramo de 600 metros, debajo de este barrial est\u00e1 el alcantarillado, nunca se entreg\u00f3 a Esval ni a los vecinos. <\/div> <\/div> <div class=\"tiled-gallery-item tiled-gallery-item-small\" itemprop=\"associatedMedia\" itemscope itemtype=\"http:\/\/schema.org\/ImageObject\"> <a href=\"https:\/\/eltrabajo.cl\/portal\/municipio-despilfarra-casi-90-millones-en-alcantarillado-inservible\/caca1-3\/\" border=\"0\" itemprop=\"url\"> <meta itemprop=\"width\" content=\"208\"> <meta itemprop=\"height\" content=\"137\"> <img decoding=\"async\" class=\"\" data-attachment-id=\"62791\" data-orig-file=\"https:\/\/eltrabajo.cl\/portal\/wp-content\/uploads\/2015\/10\/Caca1.jpg\" data-orig-size=\"530,350\" data-comments-opened=\"1\" data-image-meta=\"{&quot;aperture&quot;:&quot;0&quot;,&quot;credit&quot;:&quot;&quot;,&quot;camera&quot;:&quot;&quot;,&quot;caption&quot;:&quot;&quot;,&quot;created_timestamp&quot;:&quot;0&quot;,&quot;copyright&quot;:&quot;&quot;,&quot;focal_length&quot;:&quot;0&quot;,&quot;iso&quot;:&quot;0&quot;,&quot;shutter_speed&quot;:&quot;0&quot;,&quot;title&quot;:&quot;&quot;,&quot;orientation&quot;:&quot;0&quot;}\" data-image-title=\"Caca1\" data-image-description=\"&lt;p&gt;ALGO AQU\u00cd, HUELE MAL.- Excremento por todas partes es lo que genera la no operatividad de un alcantarillado que cost\u00f3 m\u00e1s de $80 millones. El Municipio de Llay Llay sigue sin dar soluci\u00f3n a este serio problema.&lt;\/p&gt; \" data-medium-file=\"https:\/\/i0.wp.com\/eltrabajo.cl\/portal\/wp-content\/uploads\/2015\/10\/Caca1.jpg?fit=300%2C198&#038;ssl=1\" data-large-file=\"https:\/\/i0.wp.com\/eltrabajo.cl\/portal\/wp-content\/uploads\/2015\/10\/Caca1.jpg?fit=530%2C350&#038;ssl=1\" src=\"https:\/\/i0.wp.com\/eltrabajo.cl\/portal\/wp-content\/uploads\/2015\/10\/Caca1.jpg?w=208&#038;h=137&#038;ssl=1\" srcset=\"https:\/\/i0.wp.com\/eltrabajo.cl\/portal\/wp-content\/uploads\/2015\/10\/Caca1.jpg?w=530&amp;ssl=1 530w, https:\/\/i0.wp.com\/eltrabajo.cl\/portal\/wp-content\/uploads\/2015\/10\/Caca1.jpg?resize=200%2C132&amp;ssl=1 200w, https:\/\/i0.wp.com\/eltrabajo.cl\/portal\/wp-content\/uploads\/2015\/10\/Caca1.jpg?resize=300%2C198&amp;ssl=1 300w, https:\/\/i0.wp.com\/eltrabajo.cl\/portal\/wp-content\/uploads\/2015\/10\/Caca1.jpg?resize=227%2C150&amp;ssl=1 227w, https:\/\/i0.wp.com\/eltrabajo.cl\/portal\/wp-content\/uploads\/2015\/10\/Caca1.jpg?resize=400%2C264&amp;ssl=1 400w\" width=\"208\" height=\"137\" loading=\"lazy\" data-original-width=\"208\" data-original-height=\"137\" itemprop=\"http:\/\/schema.org\/image\" title=\"Caca1\" alt=\"ALGO AQU\u00cd, HUELE MAL.- Excremento por todas partes es lo que genera la no operatividad de un alcantarillado que cost\u00f3 m\u00e1s de $80 millones. El Municipio de Llay Llay sigue sin dar soluci\u00f3n a este serio problema.\" style=\"width: 208px; height: 137px;\" \/> <\/a> <div class=\"tiled-gallery-caption\" itemprop=\"caption description\"> ALGO AQU\u00cd, HUELE MAL.- Excremento por todas partes es lo que genera la no operatividad de un alcantarillado que cost\u00f3 m\u00e1s de $80 millones. El Municipio de Llay Llay sigue sin dar soluci\u00f3n a este serio problema. <\/div> <\/div> <\/div> <!-- close group --> <\/div> <!-- close row --> <div class=\"gallery-row\" style=\"width: 640px; height: 282px;\" data-original-width=\"640\" data-original-height=\"282\" > <div class=\"gallery-group images-2\" style=\"width: 212px; height: 282px;\" data-original-width=\"212\" data-original-height=\"282\" > <div class=\"tiled-gallery-item tiled-gallery-item-small\" itemprop=\"associatedMedia\" itemscope itemtype=\"http:\/\/schema.org\/ImageObject\"> <a href=\"https:\/\/eltrabajo.cl\/portal\/municipio-despilfarra-casi-90-millones-en-alcantarillado-inservible\/caca2-2\/\" border=\"0\" itemprop=\"url\"> <meta itemprop=\"width\" content=\"208\"> <meta itemprop=\"height\" content=\"137\"> <img decoding=\"async\" class=\"\" data-attachment-id=\"62792\" data-orig-file=\"https:\/\/eltrabajo.cl\/portal\/wp-content\/uploads\/2015\/10\/Caca2.jpg\" data-orig-size=\"530,348\" data-comments-opened=\"1\" data-image-meta=\"{&quot;aperture&quot;:&quot;0&quot;,&quot;credit&quot;:&quot;&quot;,&quot;camera&quot;:&quot;&quot;,&quot;caption&quot;:&quot;&quot;,&quot;created_timestamp&quot;:&quot;0&quot;,&quot;copyright&quot;:&quot;&quot;,&quot;focal_length&quot;:&quot;0&quot;,&quot;iso&quot;:&quot;0&quot;,&quot;shutter_speed&quot;:&quot;0&quot;,&quot;title&quot;:&quot;&quot;,&quot;orientation&quot;:&quot;0&quot;}\" data-image-title=\"Caca2\" data-image-description=\"&lt;p&gt;QUED\u00d3 LA EMBARR\u00c1\u2019.- En esta oportunidad, como lo registran nuestras c\u00e1maras, s\u00ed hab\u00eda agua en el canal, pero cuando no es as\u00ed, los olores son insoportables.&lt;\/p&gt; \" data-medium-file=\"https:\/\/i0.wp.com\/eltrabajo.cl\/portal\/wp-content\/uploads\/2015\/10\/Caca2.jpg?fit=300%2C197&#038;ssl=1\" data-large-file=\"https:\/\/i0.wp.com\/eltrabajo.cl\/portal\/wp-content\/uploads\/2015\/10\/Caca2.jpg?fit=530%2C348&#038;ssl=1\" src=\"https:\/\/i0.wp.com\/eltrabajo.cl\/portal\/wp-content\/uploads\/2015\/10\/Caca2.jpg?w=208&#038;h=137&#038;ssl=1\" srcset=\"https:\/\/i0.wp.com\/eltrabajo.cl\/portal\/wp-content\/uploads\/2015\/10\/Caca2.jpg?w=530&amp;ssl=1 530w, https:\/\/i0.wp.com\/eltrabajo.cl\/portal\/wp-content\/uploads\/2015\/10\/Caca2.jpg?resize=200%2C131&amp;ssl=1 200w, https:\/\/i0.wp.com\/eltrabajo.cl\/portal\/wp-content\/uploads\/2015\/10\/Caca2.jpg?resize=300%2C197&amp;ssl=1 300w, https:\/\/i0.wp.com\/eltrabajo.cl\/portal\/wp-content\/uploads\/2015\/10\/Caca2.jpg?resize=228%2C150&amp;ssl=1 228w, https:\/\/i0.wp.com\/eltrabajo.cl\/portal\/wp-content\/uploads\/2015\/10\/Caca2.jpg?resize=400%2C263&amp;ssl=1 400w\" width=\"208\" height=\"137\" loading=\"lazy\" data-original-width=\"208\" data-original-height=\"137\" itemprop=\"http:\/\/schema.org\/image\" title=\"Caca2\" alt=\"QUED\u00d3 LA EMBARR\u00c1\u2019.- En esta oportunidad, como lo registran nuestras c\u00e1maras, s\u00ed hab\u00eda agua en el canal, pero cuando no es as\u00ed, los olores son insoportables.\" style=\"width: 208px; height: 137px;\" \/> <\/a> <div class=\"tiled-gallery-caption\" itemprop=\"caption description\"> QUED\u00d3 LA EMBARR\u00c1\u2019.- En esta oportunidad, como lo registran nuestras c\u00e1maras, s\u00ed hab\u00eda agua en el canal, pero cuando no es as\u00ed, los olores son insoportables. <\/div> <\/div> <div class=\"tiled-gallery-item tiled-gallery-item-small\" itemprop=\"associatedMedia\" itemscope itemtype=\"http:\/\/schema.org\/ImageObject\"> <a href=\"https:\/\/eltrabajo.cl\/portal\/municipio-despilfarra-casi-90-millones-en-alcantarillado-inservible\/masetera33\/\" border=\"0\" itemprop=\"url\"> <meta itemprop=\"width\" content=\"208\"> <meta itemprop=\"height\" content=\"137\"> <img decoding=\"async\" class=\"\" data-attachment-id=\"62795\" data-orig-file=\"https:\/\/eltrabajo.cl\/portal\/wp-content\/uploads\/2015\/10\/Masetera33.jpg\" data-orig-size=\"530,350\" data-comments-opened=\"1\" data-image-meta=\"{&quot;aperture&quot;:&quot;0&quot;,&quot;credit&quot;:&quot;&quot;,&quot;camera&quot;:&quot;&quot;,&quot;caption&quot;:&quot;&quot;,&quot;created_timestamp&quot;:&quot;0&quot;,&quot;copyright&quot;:&quot;&quot;,&quot;focal_length&quot;:&quot;0&quot;,&quot;iso&quot;:&quot;0&quot;,&quot;shutter_speed&quot;:&quot;0&quot;,&quot;title&quot;:&quot;&quot;,&quot;orientation&quot;:&quot;0&quot;}\" data-image-title=\"Masetera33\" data-image-description=\"&lt;p&gt;EN ABANDONO.- En el patio de do\u00f1a Ema R\u00edos, para macetero qued\u00f3 sirviendo parte de las alcantarillas destinadas para en uso sanitario en esta poblaci\u00f3n de Llay Llay.&lt;\/p&gt; \" data-medium-file=\"https:\/\/i0.wp.com\/eltrabajo.cl\/portal\/wp-content\/uploads\/2015\/10\/Masetera33.jpg?fit=300%2C198&#038;ssl=1\" data-large-file=\"https:\/\/i0.wp.com\/eltrabajo.cl\/portal\/wp-content\/uploads\/2015\/10\/Masetera33.jpg?fit=530%2C350&#038;ssl=1\" src=\"https:\/\/i0.wp.com\/eltrabajo.cl\/portal\/wp-content\/uploads\/2015\/10\/Masetera33.jpg?w=208&#038;h=137&#038;ssl=1\" srcset=\"https:\/\/i0.wp.com\/eltrabajo.cl\/portal\/wp-content\/uploads\/2015\/10\/Masetera33.jpg?w=530&amp;ssl=1 530w, https:\/\/i0.wp.com\/eltrabajo.cl\/portal\/wp-content\/uploads\/2015\/10\/Masetera33.jpg?resize=200%2C132&amp;ssl=1 200w, https:\/\/i0.wp.com\/eltrabajo.cl\/portal\/wp-content\/uploads\/2015\/10\/Masetera33.jpg?resize=300%2C198&amp;ssl=1 300w, https:\/\/i0.wp.com\/eltrabajo.cl\/portal\/wp-content\/uploads\/2015\/10\/Masetera33.jpg?resize=227%2C150&amp;ssl=1 227w, https:\/\/i0.wp.com\/eltrabajo.cl\/portal\/wp-content\/uploads\/2015\/10\/Masetera33.jpg?resize=400%2C264&amp;ssl=1 400w\" width=\"208\" height=\"137\" loading=\"lazy\" data-original-width=\"208\" data-original-height=\"137\" itemprop=\"http:\/\/schema.org\/image\" title=\"Masetera33\" alt=\"EN ABANDONO.- En el patio de do\u00f1a Ema R\u00edos, para macetero qued\u00f3 sirviendo parte de las alcantarillas destinadas para en uso sanitario en esta poblaci\u00f3n de Llay Llay.\" style=\"width: 208px; height: 137px;\" \/> <\/a> <div class=\"tiled-gallery-caption\" itemprop=\"caption description\"> EN ABANDONO.- En el patio de do\u00f1a Ema R\u00edos, para macetero qued\u00f3 sirviendo parte de las alcantarillas destinadas para en uso sanitario en esta poblaci\u00f3n de Llay Llay. <\/div> <\/div> <\/div> <!-- close group --> <div class=\"gallery-group images-1\" style=\"width: 428px; height: 282px;\" data-original-width=\"428\" data-original-height=\"282\" > <div class=\"tiled-gallery-item tiled-gallery-item-large\" itemprop=\"associatedMedia\" itemscope itemtype=\"http:\/\/schema.org\/ImageObject\"> <a href=\"https:\/\/eltrabajo.cl\/portal\/municipio-despilfarra-casi-90-millones-en-alcantarillado-inservible\/lucila-varas\/\" border=\"0\" itemprop=\"url\"> <meta itemprop=\"width\" content=\"424\"> <meta itemprop=\"height\" content=\"278\"> <img decoding=\"async\" class=\"\" data-attachment-id=\"62793\" data-orig-file=\"https:\/\/eltrabajo.cl\/portal\/wp-content\/uploads\/2015\/10\/Lucila-Varas.jpg\" data-orig-size=\"530,348\" data-comments-opened=\"1\" data-image-meta=\"{&quot;aperture&quot;:&quot;0&quot;,&quot;credit&quot;:&quot;&quot;,&quot;camera&quot;:&quot;&quot;,&quot;caption&quot;:&quot;&quot;,&quot;created_timestamp&quot;:&quot;0&quot;,&quot;copyright&quot;:&quot;&quot;,&quot;focal_length&quot;:&quot;0&quot;,&quot;iso&quot;:&quot;0&quot;,&quot;shutter_speed&quot;:&quot;0&quot;,&quot;title&quot;:&quot;&quot;,&quot;orientation&quot;:&quot;0&quot;}\" data-image-title=\"Lucila Varas\" data-image-description=\"&lt;p&gt;PELIGRO INMINENTE.- Peligroso hoyo en esa v\u00eda.&lt;\/p&gt; \" data-medium-file=\"https:\/\/i0.wp.com\/eltrabajo.cl\/portal\/wp-content\/uploads\/2015\/10\/Lucila-Varas.jpg?fit=300%2C197&#038;ssl=1\" data-large-file=\"https:\/\/i0.wp.com\/eltrabajo.cl\/portal\/wp-content\/uploads\/2015\/10\/Lucila-Varas.jpg?fit=530%2C348&#038;ssl=1\" src=\"https:\/\/i0.wp.com\/eltrabajo.cl\/portal\/wp-content\/uploads\/2015\/10\/Lucila-Varas.jpg?w=424&#038;h=278&#038;ssl=1\" srcset=\"https:\/\/i0.wp.com\/eltrabajo.cl\/portal\/wp-content\/uploads\/2015\/10\/Lucila-Varas.jpg?w=530&amp;ssl=1 530w, https:\/\/i0.wp.com\/eltrabajo.cl\/portal\/wp-content\/uploads\/2015\/10\/Lucila-Varas.jpg?resize=200%2C131&amp;ssl=1 200w, https:\/\/i0.wp.com\/eltrabajo.cl\/portal\/wp-content\/uploads\/2015\/10\/Lucila-Varas.jpg?resize=300%2C197&amp;ssl=1 300w, https:\/\/i0.wp.com\/eltrabajo.cl\/portal\/wp-content\/uploads\/2015\/10\/Lucila-Varas.jpg?resize=228%2C150&amp;ssl=1 228w, https:\/\/i0.wp.com\/eltrabajo.cl\/portal\/wp-content\/uploads\/2015\/10\/Lucila-Varas.jpg?resize=400%2C263&amp;ssl=1 400w\" width=\"424\" height=\"278\" loading=\"lazy\" data-original-width=\"424\" data-original-height=\"278\" itemprop=\"http:\/\/schema.org\/image\" title=\"Lucila Varas\" alt=\"PELIGRO INMINENTE.- Peligroso hoyo en esa v\u00eda.\" style=\"width: 424px; height: 278px;\" \/> <\/a> <div class=\"tiled-gallery-caption\" itemprop=\"caption description\"> PELIGRO INMINENTE.- Peligroso hoyo en esa v\u00eda. <\/div> <\/div> <\/div> <!-- close group --> <\/div> <!-- close row --> <div class=\"gallery-row\" style=\"width: 640px; height: 212px;\" data-original-width=\"640\" data-original-height=\"212\" > <div class=\"gallery-group images-1\" style=\"width: 320px; height: 212px;\" data-original-width=\"320\" data-original-height=\"212\" > <div class=\"tiled-gallery-item tiled-gallery-item-large\" itemprop=\"associatedMedia\" itemscope itemtype=\"http:\/\/schema.org\/ImageObject\"> <a href=\"https:\/\/eltrabajo.cl\/portal\/municipio-despilfarra-casi-90-millones-en-alcantarillado-inservible\/marillanca33\/\" border=\"0\" itemprop=\"url\"> <meta itemprop=\"width\" content=\"316\"> <meta itemprop=\"height\" content=\"208\"> <img decoding=\"async\" class=\"\" data-attachment-id=\"62794\" data-orig-file=\"https:\/\/eltrabajo.cl\/portal\/wp-content\/uploads\/2015\/10\/Marillanca33.jpg\" data-orig-size=\"530,350\" data-comments-opened=\"1\" data-image-meta=\"{&quot;aperture&quot;:&quot;0&quot;,&quot;credit&quot;:&quot;&quot;,&quot;camera&quot;:&quot;&quot;,&quot;caption&quot;:&quot;&quot;,&quot;created_timestamp&quot;:&quot;0&quot;,&quot;copyright&quot;:&quot;&quot;,&quot;focal_length&quot;:&quot;0&quot;,&quot;iso&quot;:&quot;0&quot;,&quot;shutter_speed&quot;:&quot;0&quot;,&quot;title&quot;:&quot;&quot;,&quot;orientation&quot;:&quot;0&quot;}\" data-image-title=\"Marillanca33\" data-image-description=\"&lt;p&gt;Mario Marillanca, alcalde de Llay Llay desde hace once a\u00f1os.&lt;\/p&gt; \" data-medium-file=\"https:\/\/i0.wp.com\/eltrabajo.cl\/portal\/wp-content\/uploads\/2015\/10\/Marillanca33.jpg?fit=300%2C198&#038;ssl=1\" data-large-file=\"https:\/\/i0.wp.com\/eltrabajo.cl\/portal\/wp-content\/uploads\/2015\/10\/Marillanca33.jpg?fit=530%2C350&#038;ssl=1\" src=\"https:\/\/i0.wp.com\/eltrabajo.cl\/portal\/wp-content\/uploads\/2015\/10\/Marillanca33.jpg?w=316&#038;h=208&#038;ssl=1\" srcset=\"https:\/\/i0.wp.com\/eltrabajo.cl\/portal\/wp-content\/uploads\/2015\/10\/Marillanca33.jpg?w=530&amp;ssl=1 530w, https:\/\/i0.wp.com\/eltrabajo.cl\/portal\/wp-content\/uploads\/2015\/10\/Marillanca33.jpg?resize=200%2C132&amp;ssl=1 200w, https:\/\/i0.wp.com\/eltrabajo.cl\/portal\/wp-content\/uploads\/2015\/10\/Marillanca33.jpg?resize=300%2C198&amp;ssl=1 300w, https:\/\/i0.wp.com\/eltrabajo.cl\/portal\/wp-content\/uploads\/2015\/10\/Marillanca33.jpg?resize=227%2C150&amp;ssl=1 227w, https:\/\/i0.wp.com\/eltrabajo.cl\/portal\/wp-content\/uploads\/2015\/10\/Marillanca33.jpg?resize=400%2C264&amp;ssl=1 400w\" width=\"316\" height=\"208\" loading=\"lazy\" data-original-width=\"316\" data-original-height=\"208\" itemprop=\"http:\/\/schema.org\/image\" title=\"Marillanca33\" alt=\"Mario Marillanca, alcalde de Llay Llay desde hace once a\u00f1os.\" style=\"width: 316px; height: 208px;\" \/> <\/a> <div class=\"tiled-gallery-caption\" itemprop=\"caption description\"> Mario Marillanca, alcalde de Llay Llay desde hace once a\u00f1os. <\/div> <\/div> <\/div> <!-- close group --> <div class=\"gallery-group images-1\" style=\"width: 320px; height: 212px;\" data-original-width=\"320\" data-original-height=\"212\" > <div class=\"tiled-gallery-item tiled-gallery-item-large\" itemprop=\"associatedMedia\" itemscope itemtype=\"http:\/\/schema.org\/ImageObject\"> <a href=\"https:\/\/eltrabajo.cl\/portal\/municipio-despilfarra-casi-90-millones-en-alcantarillado-inservible\/alejandro-perez-3\/\" border=\"0\" itemprop=\"url\"> <meta itemprop=\"width\" content=\"316\"> <meta itemprop=\"height\" content=\"208\"> <img decoding=\"async\" class=\"\" data-attachment-id=\"62789\" data-orig-file=\"https:\/\/eltrabajo.cl\/portal\/wp-content\/uploads\/2015\/10\/Alejandro-Perez.jpg\" data-orig-size=\"530,349\" data-comments-opened=\"1\" data-image-meta=\"{&quot;aperture&quot;:&quot;0&quot;,&quot;credit&quot;:&quot;&quot;,&quot;camera&quot;:&quot;&quot;,&quot;caption&quot;:&quot;&quot;,&quot;created_timestamp&quot;:&quot;0&quot;,&quot;copyright&quot;:&quot;&quot;,&quot;focal_length&quot;:&quot;0&quot;,&quot;iso&quot;:&quot;0&quot;,&quot;shutter_speed&quot;:&quot;0&quot;,&quot;title&quot;:&quot;&quot;,&quot;orientation&quot;:&quot;0&quot;}\" data-image-title=\"Alejandro Perez\" data-image-description=\"&lt;p&gt;Alejandro P\u00e9rez, subgerente zonal de Esval, San Felipe-Los Andes.&lt;\/p&gt; \" data-medium-file=\"https:\/\/i0.wp.com\/eltrabajo.cl\/portal\/wp-content\/uploads\/2015\/10\/Alejandro-Perez.jpg?fit=300%2C198&#038;ssl=1\" data-large-file=\"https:\/\/i0.wp.com\/eltrabajo.cl\/portal\/wp-content\/uploads\/2015\/10\/Alejandro-Perez.jpg?fit=530%2C349&#038;ssl=1\" src=\"https:\/\/i0.wp.com\/eltrabajo.cl\/portal\/wp-content\/uploads\/2015\/10\/Alejandro-Perez.jpg?w=316&#038;h=208&#038;ssl=1\" srcset=\"https:\/\/i0.wp.com\/eltrabajo.cl\/portal\/wp-content\/uploads\/2015\/10\/Alejandro-Perez.jpg?w=530&amp;ssl=1 530w, https:\/\/i0.wp.com\/eltrabajo.cl\/portal\/wp-content\/uploads\/2015\/10\/Alejandro-Perez.jpg?resize=200%2C132&amp;ssl=1 200w, https:\/\/i0.wp.com\/eltrabajo.cl\/portal\/wp-content\/uploads\/2015\/10\/Alejandro-Perez.jpg?resize=300%2C198&amp;ssl=1 300w, https:\/\/i0.wp.com\/eltrabajo.cl\/portal\/wp-content\/uploads\/2015\/10\/Alejandro-Perez.jpg?resize=228%2C150&amp;ssl=1 228w, https:\/\/i0.wp.com\/eltrabajo.cl\/portal\/wp-content\/uploads\/2015\/10\/Alejandro-Perez.jpg?resize=400%2C263&amp;ssl=1 400w\" width=\"316\" height=\"208\" loading=\"lazy\" data-original-width=\"316\" data-original-height=\"208\" itemprop=\"http:\/\/schema.org\/image\" title=\"Alejandro Perez\" alt=\"Alejandro P\u00e9rez, subgerente zonal de Esval, San Felipe-Los Andes.\" style=\"width: 316px; height: 208px;\" \/> <\/a> <div class=\"tiled-gallery-caption\" itemprop=\"caption description\"> Alejandro P\u00e9rez, subgerente zonal de Esval, San Felipe-Los Andes. <\/div> <\/div> <\/div> <!-- close group --> <\/div> <!-- close row --> <div class=\"gallery-row\" style=\"width: 640px; height: 422px;\" data-original-width=\"640\" data-original-height=\"422\" > <div class=\"gallery-group images-1\" style=\"width: 640px; height: 422px;\" data-original-width=\"640\" data-original-height=\"422\" > <div class=\"tiled-gallery-item tiled-gallery-item-large\" itemprop=\"associatedMedia\" itemscope itemtype=\"http:\/\/schema.org\/ImageObject\"> <a href=\"https:\/\/eltrabajo.cl\/portal\/municipio-despilfarra-casi-90-millones-en-alcantarillado-inservible\/oscar-hidalgo\/\" border=\"0\" itemprop=\"url\"> <meta itemprop=\"width\" content=\"636\"> <meta itemprop=\"height\" content=\"418\"> <img decoding=\"async\" class=\"\" data-attachment-id=\"62796\" data-orig-file=\"https:\/\/eltrabajo.cl\/portal\/wp-content\/uploads\/2015\/10\/Oscar-Hidalgo.jpg\" data-orig-size=\"530,348\" data-comments-opened=\"1\" data-image-meta=\"{&quot;aperture&quot;:&quot;0&quot;,&quot;credit&quot;:&quot;&quot;,&quot;camera&quot;:&quot;&quot;,&quot;caption&quot;:&quot;&quot;,&quot;created_timestamp&quot;:&quot;0&quot;,&quot;copyright&quot;:&quot;&quot;,&quot;focal_length&quot;:&quot;0&quot;,&quot;iso&quot;:&quot;0&quot;,&quot;shutter_speed&quot;:&quot;0&quot;,&quot;title&quot;:&quot;&quot;,&quot;orientation&quot;:&quot;0&quot;}\" data-image-title=\"Oscar Hidalgo\" data-image-description=\"&lt;p&gt;Presidente de la Uni\u00f3n Comunal de Junta de Vecinos de esa comuna, Oscar Hidalgo.&lt;\/p&gt; \" data-medium-file=\"https:\/\/i0.wp.com\/eltrabajo.cl\/portal\/wp-content\/uploads\/2015\/10\/Oscar-Hidalgo.jpg?fit=300%2C197&#038;ssl=1\" data-large-file=\"https:\/\/i0.wp.com\/eltrabajo.cl\/portal\/wp-content\/uploads\/2015\/10\/Oscar-Hidalgo.jpg?fit=530%2C348&#038;ssl=1\" src=\"https:\/\/i0.wp.com\/eltrabajo.cl\/portal\/wp-content\/uploads\/2015\/10\/Oscar-Hidalgo.jpg?w=636&#038;h=418&#038;ssl=1\" srcset=\"https:\/\/i0.wp.com\/eltrabajo.cl\/portal\/wp-content\/uploads\/2015\/10\/Oscar-Hidalgo.jpg?w=530&amp;ssl=1 530w, https:\/\/i0.wp.com\/eltrabajo.cl\/portal\/wp-content\/uploads\/2015\/10\/Oscar-Hidalgo.jpg?resize=200%2C131&amp;ssl=1 200w, https:\/\/i0.wp.com\/eltrabajo.cl\/portal\/wp-content\/uploads\/2015\/10\/Oscar-Hidalgo.jpg?resize=300%2C197&amp;ssl=1 300w, https:\/\/i0.wp.com\/eltrabajo.cl\/portal\/wp-content\/uploads\/2015\/10\/Oscar-Hidalgo.jpg?resize=228%2C150&amp;ssl=1 228w, https:\/\/i0.wp.com\/eltrabajo.cl\/portal\/wp-content\/uploads\/2015\/10\/Oscar-Hidalgo.jpg?resize=400%2C263&amp;ssl=1 400w\" width=\"636\" height=\"418\" loading=\"lazy\" data-original-width=\"636\" data-original-height=\"418\" itemprop=\"http:\/\/schema.org\/image\" title=\"Oscar Hidalgo\" alt=\"Presidente de la Uni\u00f3n Comunal de Junta de Vecinos de esa comuna, Oscar Hidalgo.\" style=\"width: 636px; height: 418px;\" \/> <\/a> <div class=\"tiled-gallery-caption\" itemprop=\"caption description\"> Presidente de la Uni\u00f3n Comunal de Junta de Vecinos de esa comuna, Oscar Hidalgo. <\/div> <\/div> <\/div> <!-- close group --> <\/div> <!-- close row --> <\/div>\n","protected":false},"excerpt":{"rendered":"<p>Vecinos y dirigentes denuncian en exclusiva a Diario El Trabajo, los problemas que desde hace a\u00f1os esperan a ser resueltos por las autoridades comunales en esa comuna de la provincia sanfelipe\u00f1a. LLAY&#8230;<\/p>\n","protected":false},"author":482,"featured_media":62788,"comment_status":"open","ping_status":"open","sticky":false,"template":"","format":"standard","meta":{"advanced_seo_description":"","jetpack_seo_html_title":"","jetpack_seo_noindex":false,"_jetpack_memberships_contains_paid_content":false,"footnotes":""},"categories":[15],"tags":[],"class_list":["post-62787","post","type-post","status-publish","format-standard","has-post-thumbnail","hentry","category-comunidad"],"jetpack_featured_media_url":"https:\/\/i0.wp.com\/eltrabajo.cl\/portal\/wp-content\/uploads\/2015\/10\/Ema-Rios.jpg?fit=530%2C350&ssl=1","jetpack_sharing_enabled":true,"jetpack_likes_enabled":true,"jetpack-related-posts":[],"_links":{"self":[{"href":"https:\/\/eltrabajo.cl\/portal\/wp-json\/wp\/v2\/posts\/62787","targetHints":{"allow":["GET"]}}],"collection":[{"href":"https:\/\/eltrabajo.cl\/portal\/wp-json\/wp\/v2\/posts"}],"about":[{"href":"https:\/\/eltrabajo.cl\/portal\/wp-json\/wp\/v2\/types\/post"}],"author":[{"embeddable":true,"href":"https:\/\/eltrabajo.cl\/portal\/wp-json\/wp\/v2\/users\/482"}],"replies":[{"embeddable":true,"href":"https:\/\/eltrabajo.cl\/portal\/wp-json\/wp\/v2\/comments?post=62787"}],"version-history":[{"count":0,"href":"https:\/\/eltrabajo.cl\/portal\/wp-json\/wp\/v2\/posts\/62787\/revisions"}],"wp:featuredmedia":[{"embeddable":true,"href":"https:\/\/eltrabajo.cl\/portal\/wp-json\/wp\/v2\/media\/62788"}],"wp:attachment":[{"href":"https:\/\/eltrabajo.cl\/portal\/wp-json\/wp\/v2\/media?parent=62787"}],"wp:term":[{"taxonomy":"category","embeddable":true,"href":"https:\/\/eltrabajo.cl\/portal\/wp-json\/wp\/v2\/categories?post=62787"},{"taxonomy":"post_tag","embeddable":true,"href":"https:\/\/eltrabajo.cl\/portal\/wp-json\/wp\/v2\/tags?post=62787"}],"curies":[{"name":"wp","href":"https:\/\/api.w.org\/{rel}","templated":true}]}}