{"id":62800,"date":"2015-10-09T09:49:20","date_gmt":"2015-10-09T12:49:20","guid":{"rendered":"http:\/\/www.eltrabajo.cl\/portal\/?p=62800"},"modified":"2015-10-09T09:49:20","modified_gmt":"2015-10-09T12:49:20","slug":"piden-15-anos-de-carcel-al-rata-messi-por-homicidio-de-rugbista","status":"publish","type":"post","link":"https:\/\/eltrabajo.cl\/portal\/piden-15-anos-de-carcel-al-rata-messi-por-homicidio-de-rugbista\/","title":{"rendered":"Piden 15 a\u00f1os de c\u00e1rcel al \u2018Rata Messi\u2019 por homicidio de rugbista"},"content":{"rendered":"<figure id=\"attachment_62801\" aria-describedby=\"caption-attachment-62801\" style=\"width: 300px\" class=\"wp-caption alignleft\"><a href=\"https:\/\/i0.wp.com\/www.eltrabajo.cl\/portal\/wp-content\/uploads\/2015\/10\/Camilo-Martinez-Rata-Messi.jpg\"><img data-recalc-dims=\"1\" loading=\"lazy\" decoding=\"async\" class=\"wp-image-62801 size-medium\" src=\"https:\/\/i0.wp.com\/www.eltrabajo.cl\/portal\/wp-content\/uploads\/2015\/10\/Camilo-Martinez-Rata-Messi-300x198.jpg?resize=300%2C198\" alt=\"Camilo Mart\u00ednez Fern\u00e1ndez apodado el \u2018Rata Messi\u2019 arriesgar\u00eda una condena de 15 a\u00f1os de c\u00e1rcel por homicidio cometido en la comuna de Llay Llay.\" width=\"300\" height=\"198\" srcset=\"https:\/\/i0.wp.com\/eltrabajo.cl\/portal\/wp-content\/uploads\/2015\/10\/Camilo-Martinez-Rata-Messi.jpg?resize=300%2C198&amp;ssl=1 300w, https:\/\/i0.wp.com\/eltrabajo.cl\/portal\/wp-content\/uploads\/2015\/10\/Camilo-Martinez-Rata-Messi.jpg?resize=200%2C132&amp;ssl=1 200w, https:\/\/i0.wp.com\/eltrabajo.cl\/portal\/wp-content\/uploads\/2015\/10\/Camilo-Martinez-Rata-Messi.jpg?resize=228%2C150&amp;ssl=1 228w, https:\/\/i0.wp.com\/eltrabajo.cl\/portal\/wp-content\/uploads\/2015\/10\/Camilo-Martinez-Rata-Messi.jpg?resize=400%2C263&amp;ssl=1 400w, https:\/\/i0.wp.com\/eltrabajo.cl\/portal\/wp-content\/uploads\/2015\/10\/Camilo-Martinez-Rata-Messi.jpg?w=530&amp;ssl=1 530w\" sizes=\"auto, (max-width: 300px) 100vw, 300px\" \/><\/a><figcaption id=\"caption-attachment-62801\" class=\"wp-caption-text\">Camilo Mart\u00ednez Fern\u00e1ndez apodado el \u2018Rata Messi\u2019 arriesgar\u00eda una condena de 15 a\u00f1os de c\u00e1rcel por homicidio cometido en la comuna de Llay Llay.<\/figcaption><\/figure>\n<p>La Fiscal\u00eda de San Felipe requerir\u00e1 en los alegatos de apertura del juicio oral una pena de 15 a\u00f1os en contra de Camilo Mart\u00ednez Fern\u00e1ndez, alias \u2018El Rata Messi\u2019 por el homicidio del joven padre y rugbista Danilo Olivares Zamora asesinado en la comuna de Llay Llay.<\/p>\n<p>A partir de las 09:00 horas de hoy viernes, el Tribunal Oral en Lo Penal de San Felipe dar\u00e1 inicio al juicio que pretende esclarecer el asesinato de Danilo Olivares Zamora. La Fiscal\u00eda sindica como presunto autor a Camilo Mart\u00ednez Fern\u00e1ndez, quien habr\u00eda dado muerte al joven deportista de una pu\u00f1alada en la comuna de Llay Llay.<br \/>\nEl Ministerio P\u00fablico de San Felipe, representado por el Fiscal Jefe Eduardo Fajardo de La Cuba, requerir\u00e1 en los alegatos de apertura del juicio una pena que alcance los 15 a\u00f1os de presidio por el homicidio de Olivares, elevando contundentes pruebas que acusan a Mart\u00ednez como el autor ejecutor del crimen.<\/p>\n<p><strong>EL ASESINATO<\/strong><br \/>\nComo se recordar\u00e1, este asesinato se produjo el pasado 26 de julio del a\u00f1o 2014, en la intersecci\u00f3n de avenida Balmaceda con Ignacio Carrera Pinto de la comuna de Llay Llay a eso de las 05:00 horas de la madrugada. En esos momentos, la v\u00edctima Danilo Olivares se encontraba en paradero de dicha arteria, a la espera de un taxi para dirigirse hasta su domicilio junto a un amigo, luego de haber estado en un local nocturno bebiendo alcohol.<br \/>\nEn el lugar fueron abordados por el acusado \u2018Rata Messi\u2019 (Mart\u00ednez Fern\u00e1ndez), quien se desplazaba junto a otro sujeto, quienes previamente bebieron alcohol a un costado de la ex-estaci\u00f3n de trenes.<br \/>\nLa hip\u00f3tesis policial sit\u00faa a estas cuatro personas en el lugar del crimen, donde habr\u00edan intercambiado algunas palabras que fueron dando pie a una ri\u00f1a que deriv\u00f3 en una fuerte golpiza de pies pu\u00f1os, desconoci\u00e9ndose los motivos de origen.<\/p>\n<p><strong>TESTIGOS CLAVES<\/strong><br \/>\nSeg\u00fan el relato de testigos claves, \u2018El Rata Messi\u2019 sac\u00f3 de entre sus vestimentas una cuchilla tipo mariposa, misma que clav\u00f3 sobre el t\u00f3rax con un movimiento hacia arriba, dirigido al cuerpo de Olivares, quien se desplom\u00f3 sobre el suelo perdiendo la vida a los pocos minutos.<br \/>\nEn tanto el amigo de la v\u00edctima asesinada, sufri\u00f3 algunos cortes en su cara debido a que su atacante us\u00f3 latas cortadas de cerveza, quedando adem\u00e1s inconsciente por unos minutos tras recibir violentos golpes de pu\u00f1o sobre su cabeza. Este importante testigo revel\u00f3 a la polic\u00eda que al recobrar la conciencia hall\u00f3 a su amigo Danilo agonizando en el suelo, con una herida en el pecho y cubierto de sangre.<br \/>\nEste crimen fue observado por un transe\u00fante quien se transform\u00f3 en un importante testigo para la Fiscal\u00eda, el que durante la ri\u00f1a intervino para intentar calmar los enfrentamientos que se comet\u00edan a esa hora, asegurando que el autor de la certera estocada en el pecho del deportista, fue el antisocial conocido como \u2018Rata Messi\u2019, quien tras cometer el homicidio escap\u00f3 hacia su domicilio.<br \/>\nCarabineros de la Subcomisar\u00eda de Llay Llay se traslad\u00f3 hasta el domicilio del acusado, quien tras ser capturado, a\u00fan manten\u00eda manchas de sangre en sus vestimentas e incluso en sus manos. En tanto, dentro de las diligencias investigativas, al interior de una vivienda, a 500 metros del lugar, se logr\u00f3 incautar el arma homicida, la que fue sometida a pericias para recoger muestras de ADN.<br \/>\nSeg\u00fan se pudo conocer el \u2018Rata Messi\u2019 confes\u00f3 el crimen, argumentando a la polic\u00eda que utiliz\u00f3 el arma blanca para defenderse de los golpes que recibi\u00f3 aparentemente de la v\u00edctima asesinada, a quien conoc\u00eda de vista porque trabajaron juntos en una obra de construcci\u00f3n, descartando rencillas anteriores.<\/p>\n<p><strong>AUTOPSIA<\/strong><br \/>\nLos informes preliminares de la autopsia practicada al cuerpo de Olivares, indican que presenta una herida punzo-cortante de 2 cent\u00edmetros de ancho, heridas de defensa en sus manos y erosiones en distintas partes de su cuerpo, producto de los golpes al caer al suelo.<br \/>\nEste homicidio caus\u00f3 una gran conmoci\u00f3n en toda la provincia de San Felipe, entre los familiares y amigos de Danilo Olivares, a quien cari\u00f1osamente llamaban \u2018El Huaso\u2019, padre de una peque\u00f1a ni\u00f1a y ex alumno del Colegio Pumanque de San Felipe.<br \/>\nEsta v\u00edctima fue un reconocido deportista, integrando el Club de Rugby \u2018Traikanes\u2019 donde se destac\u00f3 entre sus pares.<br \/>\nSe espera que dentro de los pr\u00f3ximos d\u00edas durante el juicio oral, suban al estrado a entregar sus testimonios los testigos de estos hechos, familiares y polic\u00edas a cargo de la investigaci\u00f3n del crimen.<br \/>\nCamilo Mart\u00ednez Fern\u00e1ndez, el \u2018Rata Messi\u2019 arriesgar\u00eda una pena de 15 a\u00f1os de c\u00e1rcel por este crimen, de acuerdo al requerimiento de la Fiscal\u00eda que exhibir\u00e1 pruebas que deber\u00e1n ser cotejadas por el Tribunal a la hora de dictar sentencia. Cabe se\u00f1alar que el actual imputado posee antecedentes policiales por delitos de desacato, amenazas y lesiones graves.<br \/>\n<strong>Pablo Salinas Sald\u00edas<\/strong><\/p>\n<div class=\"tiled-gallery type-rectangular tiled-gallery-unresized\" data-original-width=\"640\" data-carousel-extra='null' itemscope itemtype=\"http:\/\/schema.org\/ImageGallery\" > <div class=\"gallery-row\" style=\"width: 640px; height: 212px;\" data-original-width=\"640\" data-original-height=\"212\" > <div class=\"gallery-group images-1\" style=\"width: 320px; height: 212px;\" data-original-width=\"320\" data-original-height=\"212\" > <div class=\"tiled-gallery-item tiled-gallery-item-large\" itemprop=\"associatedMedia\" itemscope itemtype=\"http:\/\/schema.org\/ImageObject\"> <a href=\"https:\/\/eltrabajo.cl\/portal\/piden-15-anos-de-carcel-al-rata-messi-por-homicidio-de-rugbista\/danilo-olivares\/\" border=\"0\" itemprop=\"url\"> <meta itemprop=\"width\" content=\"316\"> <meta itemprop=\"height\" content=\"208\"> <img decoding=\"async\" class=\"\" data-attachment-id=\"62802\" data-orig-file=\"https:\/\/eltrabajo.cl\/portal\/wp-content\/uploads\/2015\/10\/Danilo-Olivares.jpg\" data-orig-size=\"530,349\" data-comments-opened=\"1\" data-image-meta=\"{&quot;aperture&quot;:&quot;0&quot;,&quot;credit&quot;:&quot;&quot;,&quot;camera&quot;:&quot;&quot;,&quot;caption&quot;:&quot;&quot;,&quot;created_timestamp&quot;:&quot;0&quot;,&quot;copyright&quot;:&quot;&quot;,&quot;focal_length&quot;:&quot;0&quot;,&quot;iso&quot;:&quot;0&quot;,&quot;shutter_speed&quot;:&quot;0&quot;,&quot;title&quot;:&quot;&quot;,&quot;orientation&quot;:&quot;0&quot;}\" data-image-title=\"Danilo Olivares\" data-image-description=\"&lt;p&gt;Danilo Olivares Zamora, joven padre y deportista de 36 a\u00f1os de edad, falleci\u00f3 v\u00edctima de una certera estocada en el t\u00f3rax.&lt;\/p&gt; \" data-medium-file=\"https:\/\/i0.wp.com\/eltrabajo.cl\/portal\/wp-content\/uploads\/2015\/10\/Danilo-Olivares.jpg?fit=300%2C198&#038;ssl=1\" data-large-file=\"https:\/\/i0.wp.com\/eltrabajo.cl\/portal\/wp-content\/uploads\/2015\/10\/Danilo-Olivares.jpg?fit=530%2C349&#038;ssl=1\" src=\"https:\/\/i0.wp.com\/eltrabajo.cl\/portal\/wp-content\/uploads\/2015\/10\/Danilo-Olivares.jpg?w=316&#038;h=208&#038;ssl=1\" srcset=\"https:\/\/i0.wp.com\/eltrabajo.cl\/portal\/wp-content\/uploads\/2015\/10\/Danilo-Olivares.jpg?w=530&amp;ssl=1 530w, https:\/\/i0.wp.com\/eltrabajo.cl\/portal\/wp-content\/uploads\/2015\/10\/Danilo-Olivares.jpg?resize=200%2C132&amp;ssl=1 200w, https:\/\/i0.wp.com\/eltrabajo.cl\/portal\/wp-content\/uploads\/2015\/10\/Danilo-Olivares.jpg?resize=300%2C198&amp;ssl=1 300w, https:\/\/i0.wp.com\/eltrabajo.cl\/portal\/wp-content\/uploads\/2015\/10\/Danilo-Olivares.jpg?resize=228%2C150&amp;ssl=1 228w, https:\/\/i0.wp.com\/eltrabajo.cl\/portal\/wp-content\/uploads\/2015\/10\/Danilo-Olivares.jpg?resize=400%2C263&amp;ssl=1 400w\" width=\"316\" height=\"208\" loading=\"lazy\" data-original-width=\"316\" data-original-height=\"208\" itemprop=\"http:\/\/schema.org\/image\" title=\"Danilo Olivares\" alt=\"Danilo Olivares Zamora, joven padre y deportista de 36 a\u00f1os de edad, falleci\u00f3 v\u00edctima de una certera estocada en el t\u00f3rax.\" style=\"width: 316px; height: 208px;\" \/> <\/a> <div class=\"tiled-gallery-caption\" itemprop=\"caption description\"> Danilo Olivares Zamora, joven padre y deportista de 36 a\u00f1os de edad, falleci\u00f3 v\u00edctima de una certera estocada en el t\u00f3rax. <\/div> <\/div> <\/div> <!-- close group --> <div class=\"gallery-group images-1\" style=\"width: 320px; height: 212px;\" data-original-width=\"320\" data-original-height=\"212\" > <div class=\"tiled-gallery-item tiled-gallery-item-large\" itemprop=\"associatedMedia\" itemscope itemtype=\"http:\/\/schema.org\/ImageObject\"> <a href=\"https:\/\/eltrabajo.cl\/portal\/piden-15-anos-de-carcel-al-rata-messi-por-homicidio-de-rugbista\/danilo-rugbista\/\" border=\"0\" itemprop=\"url\"> <meta itemprop=\"width\" content=\"316\"> <meta itemprop=\"height\" content=\"208\"> <img decoding=\"async\" class=\"\" data-attachment-id=\"62803\" data-orig-file=\"https:\/\/eltrabajo.cl\/portal\/wp-content\/uploads\/2015\/10\/Danilo-Rugbista.jpg\" data-orig-size=\"530,350\" data-comments-opened=\"1\" data-image-meta=\"{&quot;aperture&quot;:&quot;0&quot;,&quot;credit&quot;:&quot;&quot;,&quot;camera&quot;:&quot;&quot;,&quot;caption&quot;:&quot;&quot;,&quot;created_timestamp&quot;:&quot;0&quot;,&quot;copyright&quot;:&quot;&quot;,&quot;focal_length&quot;:&quot;0&quot;,&quot;iso&quot;:&quot;0&quot;,&quot;shutter_speed&quot;:&quot;0&quot;,&quot;title&quot;:&quot;&quot;,&quot;orientation&quot;:&quot;0&quot;}\" data-image-title=\"Danilo Rugbista\" data-image-description=\"&lt;p&gt;Danilo Olivares destac\u00f3 como deportista en el Club de Rugby \u2018Traikanes\u2019.&lt;\/p&gt; \" data-medium-file=\"https:\/\/i0.wp.com\/eltrabajo.cl\/portal\/wp-content\/uploads\/2015\/10\/Danilo-Rugbista.jpg?fit=300%2C198&#038;ssl=1\" data-large-file=\"https:\/\/i0.wp.com\/eltrabajo.cl\/portal\/wp-content\/uploads\/2015\/10\/Danilo-Rugbista.jpg?fit=530%2C350&#038;ssl=1\" src=\"https:\/\/i0.wp.com\/eltrabajo.cl\/portal\/wp-content\/uploads\/2015\/10\/Danilo-Rugbista.jpg?w=316&#038;h=208&#038;ssl=1\" srcset=\"https:\/\/i0.wp.com\/eltrabajo.cl\/portal\/wp-content\/uploads\/2015\/10\/Danilo-Rugbista.jpg?w=530&amp;ssl=1 530w, https:\/\/i0.wp.com\/eltrabajo.cl\/portal\/wp-content\/uploads\/2015\/10\/Danilo-Rugbista.jpg?resize=200%2C132&amp;ssl=1 200w, https:\/\/i0.wp.com\/eltrabajo.cl\/portal\/wp-content\/uploads\/2015\/10\/Danilo-Rugbista.jpg?resize=300%2C198&amp;ssl=1 300w, https:\/\/i0.wp.com\/eltrabajo.cl\/portal\/wp-content\/uploads\/2015\/10\/Danilo-Rugbista.jpg?resize=227%2C150&amp;ssl=1 227w, https:\/\/i0.wp.com\/eltrabajo.cl\/portal\/wp-content\/uploads\/2015\/10\/Danilo-Rugbista.jpg?resize=400%2C264&amp;ssl=1 400w\" width=\"316\" height=\"208\" loading=\"lazy\" data-original-width=\"316\" data-original-height=\"208\" itemprop=\"http:\/\/schema.org\/image\" title=\"Danilo Rugbista\" alt=\"Danilo Olivares destac\u00f3 como deportista en el Club de Rugby \u2018Traikanes\u2019.\" style=\"width: 316px; height: 208px;\" \/> <\/a> <div class=\"tiled-gallery-caption\" itemprop=\"caption description\"> Danilo Olivares destac\u00f3 como deportista en el Club de Rugby \u2018Traikanes\u2019. <\/div> <\/div> <\/div> <!-- close group --> <\/div> <!-- close row --> <\/div>\n","protected":false},"excerpt":{"rendered":"<p>La Fiscal\u00eda de San Felipe requerir\u00e1 en los alegatos de apertura del juicio oral una pena de 15 a\u00f1os en contra de Camilo Mart\u00ednez Fern\u00e1ndez, alias \u2018El Rata Messi\u2019 por el homicidio&#8230;<\/p>\n","protected":false},"author":482,"featured_media":62801,"comment_status":"open","ping_status":"open","sticky":false,"template":"","format":"standard","meta":{"advanced_seo_description":"","jetpack_seo_html_title":"","jetpack_seo_noindex":false,"_jetpack_memberships_contains_paid_content":false,"footnotes":""},"categories":[21],"tags":[],"class_list":["post-62800","post","type-post","status-publish","format-standard","has-post-thumbnail","hentry","category-policial"],"jetpack_featured_media_url":"https:\/\/i0.wp.com\/eltrabajo.cl\/portal\/wp-content\/uploads\/2015\/10\/Camilo-Martinez-Rata-Messi.jpg?fit=530%2C349&ssl=1","jetpack_sharing_enabled":true,"jetpack_likes_enabled":true,"jetpack-related-posts":[],"_links":{"self":[{"href":"https:\/\/eltrabajo.cl\/portal\/wp-json\/wp\/v2\/posts\/62800","targetHints":{"allow":["GET"]}}],"collection":[{"href":"https:\/\/eltrabajo.cl\/portal\/wp-json\/wp\/v2\/posts"}],"about":[{"href":"https:\/\/eltrabajo.cl\/portal\/wp-json\/wp\/v2\/types\/post"}],"author":[{"embeddable":true,"href":"https:\/\/eltrabajo.cl\/portal\/wp-json\/wp\/v2\/users\/482"}],"replies":[{"embeddable":true,"href":"https:\/\/eltrabajo.cl\/portal\/wp-json\/wp\/v2\/comments?post=62800"}],"version-history":[{"count":0,"href":"https:\/\/eltrabajo.cl\/portal\/wp-json\/wp\/v2\/posts\/62800\/revisions"}],"wp:featuredmedia":[{"embeddable":true,"href":"https:\/\/eltrabajo.cl\/portal\/wp-json\/wp\/v2\/media\/62801"}],"wp:attachment":[{"href":"https:\/\/eltrabajo.cl\/portal\/wp-json\/wp\/v2\/media?parent=62800"}],"wp:term":[{"taxonomy":"category","embeddable":true,"href":"https:\/\/eltrabajo.cl\/portal\/wp-json\/wp\/v2\/categories?post=62800"},{"taxonomy":"post_tag","embeddable":true,"href":"https:\/\/eltrabajo.cl\/portal\/wp-json\/wp\/v2\/tags?post=62800"}],"curies":[{"name":"wp","href":"https:\/\/api.w.org\/{rel}","templated":true}]}}