{"id":62808,"date":"2015-10-13T09:17:33","date_gmt":"2015-10-13T12:17:33","guid":{"rendered":"http:\/\/www.eltrabajo.cl\/portal\/?p=62808"},"modified":"2015-10-13T09:17:33","modified_gmt":"2015-10-13T12:17:33","slug":"estudiantes-de-aconcagua-juraron-como-patrulleros-escolares","status":"publish","type":"post","link":"https:\/\/eltrabajo.cl\/portal\/estudiantes-de-aconcagua-juraron-como-patrulleros-escolares\/","title":{"rendered":"Estudiantes de Aconcagua juraron como Patrulleros Escolares"},"content":{"rendered":"<figure id=\"attachment_62809\" aria-describedby=\"caption-attachment-62809\" style=\"width: 300px\" class=\"wp-caption alignleft\"><a href=\"https:\/\/i0.wp.com\/www.eltrabajo.cl\/portal\/wp-content\/uploads\/2015\/10\/patrullero-escolar-2015-comp-4-los-andes.jpg\"><img data-recalc-dims=\"1\" loading=\"lazy\" decoding=\"async\" class=\"wp-image-62809 size-medium\" src=\"https:\/\/i0.wp.com\/www.eltrabajo.cl\/portal\/wp-content\/uploads\/2015\/10\/patrullero-escolar-2015-comp-4-los-andes-300x197.jpg?resize=300%2C197\" alt=\"En Los Andes la ceremonia de juramento se realiz\u00f3 en el frontis de la Tercera Comisar\u00eda y cont\u00f3 con delegaciones de toda la provincia.\" width=\"300\" height=\"197\" srcset=\"https:\/\/i0.wp.com\/eltrabajo.cl\/portal\/wp-content\/uploads\/2015\/10\/patrullero-escolar-2015-comp-4-los-andes.jpg?resize=300%2C197&amp;ssl=1 300w, https:\/\/i0.wp.com\/eltrabajo.cl\/portal\/wp-content\/uploads\/2015\/10\/patrullero-escolar-2015-comp-4-los-andes.jpg?resize=200%2C131&amp;ssl=1 200w, https:\/\/i0.wp.com\/eltrabajo.cl\/portal\/wp-content\/uploads\/2015\/10\/patrullero-escolar-2015-comp-4-los-andes.jpg?resize=228%2C150&amp;ssl=1 228w, https:\/\/i0.wp.com\/eltrabajo.cl\/portal\/wp-content\/uploads\/2015\/10\/patrullero-escolar-2015-comp-4-los-andes.jpg?resize=400%2C263&amp;ssl=1 400w, https:\/\/i0.wp.com\/eltrabajo.cl\/portal\/wp-content\/uploads\/2015\/10\/patrullero-escolar-2015-comp-4-los-andes.jpg?w=530&amp;ssl=1 530w\" sizes=\"auto, (max-width: 300px) 100vw, 300px\" \/><\/a><figcaption id=\"caption-attachment-62809\" class=\"wp-caption-text\">En Los Andes la ceremonia de juramento se realiz\u00f3 en el frontis de la Tercera Comisar\u00eda y cont\u00f3 con delegaciones de toda la provincia.<\/figcaption><\/figure>\n<p>M\u00e1s de 500 estudiantes de 21 establecimientos educacionales de las provincias de San Felipe y Los Andes, realizaron su juramento como Patrulleros Escolares, durante dos emotivas ceremonias, que presidi\u00f3 Carabineros de la Prefectura Aconcagua, y que se desarrollaron -simult\u00e1neamente-, en los frontis de las comisar\u00edas de ambas ciudades.<br \/>\nLas tradicionales actividades, que forman parte de las labores de prevenci\u00f3n de la polic\u00eda uniformada, se llevaron a efecto con motivo de la celebraci\u00f3n del D\u00eda Nacional del Patrullero Escolar, logrando reunir a cientos de familias que llegaron a presenciar los impecables desfiles, que protagonizaron los estudiantes escoltados por sus Carabineros tutores.<\/p>\n<figure id=\"attachment_62810\" aria-describedby=\"caption-attachment-62810\" style=\"width: 300px\" class=\"wp-caption alignright\"><a href=\"https:\/\/i0.wp.com\/www.eltrabajo.cl\/portal\/wp-content\/uploads\/2015\/10\/patrullero-escolar-2015-comp-san-felipe.jpg\"><img data-recalc-dims=\"1\" loading=\"lazy\" decoding=\"async\" class=\"wp-image-62810 size-medium\" src=\"https:\/\/i0.wp.com\/www.eltrabajo.cl\/portal\/wp-content\/uploads\/2015\/10\/patrullero-escolar-2015-comp-san-felipe-300x198.jpg?resize=300%2C198\" alt=\"La ceremonia de juramento estuvo a cargo de Carabineros de la Prefectura de Aconcagua y se realiz\u00f3 en el marco de las celebraciones del D\u00eda Nacional del Patrullero Escolar.\" width=\"300\" height=\"198\" srcset=\"https:\/\/i0.wp.com\/eltrabajo.cl\/portal\/wp-content\/uploads\/2015\/10\/patrullero-escolar-2015-comp-san-felipe.jpg?resize=300%2C198&amp;ssl=1 300w, https:\/\/i0.wp.com\/eltrabajo.cl\/portal\/wp-content\/uploads\/2015\/10\/patrullero-escolar-2015-comp-san-felipe.jpg?resize=200%2C132&amp;ssl=1 200w, https:\/\/i0.wp.com\/eltrabajo.cl\/portal\/wp-content\/uploads\/2015\/10\/patrullero-escolar-2015-comp-san-felipe.jpg?resize=227%2C150&amp;ssl=1 227w, https:\/\/i0.wp.com\/eltrabajo.cl\/portal\/wp-content\/uploads\/2015\/10\/patrullero-escolar-2015-comp-san-felipe.jpg?resize=400%2C264&amp;ssl=1 400w, https:\/\/i0.wp.com\/eltrabajo.cl\/portal\/wp-content\/uploads\/2015\/10\/patrullero-escolar-2015-comp-san-felipe.jpg?w=530&amp;ssl=1 530w\" sizes=\"auto, (max-width: 300px) 100vw, 300px\" \/><\/a><figcaption id=\"caption-attachment-62810\" class=\"wp-caption-text\">La ceremonia de juramento estuvo a cargo de Carabineros de la Prefectura de Aconcagua y se realiz\u00f3 en el marco de las celebraciones del D\u00eda Nacional del Patrullero Escolar.<\/figcaption><\/figure>\n<p>En tanto, el prefecto de Carabineros Aconcagua, Coronel Marcelo Dur\u00e1n, destac\u00f3 la importancia que reviste el trabajo conjunto con los establecimientos educacionales, lo que -seg\u00fan explic\u00f3-, \u201ces parte del rol educativo que cumple Carabineros de Chile en la sociedad\u201d.<br \/>\nEl Oficial Superior, a\u00f1adi\u00f3 que \u201ccon la participaci\u00f3n en estas brigadas, los estudiantes se familiarizan desde peque\u00f1os con la importancia que tienen las normas y las se\u00f1ales del tr\u00e1nsito, lo que adem\u00e1s les ayudar\u00e1 en un futuro, a transformarse en peatones y conductores responsables\u201d.<br \/>\nAsimismo, Dur\u00e1n, destac\u00f3 el rol de liderazgo que ejercen estos voluntarios, asegurando que \u201cse vuelven un referente para sus compa\u00f1eros de clase, en aspectos relacionados con mantener una buena conducta vial. En definitiva, ellos son quienes transmitir\u00e1n a sus pares, ense\u00f1anzas \u2013como por ejemplo-, la importancia de cruzar las calles por lugares habilitados, respetar los sem\u00e1foros y el uso preferencial de las veredas\u201d.<\/p>\n","protected":false},"excerpt":{"rendered":"<p>M\u00e1s de 500 estudiantes de 21 establecimientos educacionales de las provincias de San Felipe y Los Andes, realizaron su juramento como Patrulleros Escolares, durante dos emotivas ceremonias, que presidi\u00f3 Carabineros de la&#8230;<\/p>\n","protected":false},"author":482,"featured_media":62809,"comment_status":"open","ping_status":"open","sticky":false,"template":"","format":"standard","meta":{"advanced_seo_description":"","jetpack_seo_html_title":"","jetpack_seo_noindex":false,"_jetpack_memberships_contains_paid_content":false,"footnotes":""},"categories":[15],"tags":[],"class_list":["post-62808","post","type-post","status-publish","format-standard","has-post-thumbnail","hentry","category-comunidad"],"jetpack_featured_media_url":"https:\/\/i0.wp.com\/eltrabajo.cl\/portal\/wp-content\/uploads\/2015\/10\/patrullero-escolar-2015-comp-4-los-andes.jpg?fit=530%2C348&ssl=1","jetpack_sharing_enabled":true,"jetpack_likes_enabled":true,"jetpack-related-posts":[],"_links":{"self":[{"href":"https:\/\/eltrabajo.cl\/portal\/wp-json\/wp\/v2\/posts\/62808","targetHints":{"allow":["GET"]}}],"collection":[{"href":"https:\/\/eltrabajo.cl\/portal\/wp-json\/wp\/v2\/posts"}],"about":[{"href":"https:\/\/eltrabajo.cl\/portal\/wp-json\/wp\/v2\/types\/post"}],"author":[{"embeddable":true,"href":"https:\/\/eltrabajo.cl\/portal\/wp-json\/wp\/v2\/users\/482"}],"replies":[{"embeddable":true,"href":"https:\/\/eltrabajo.cl\/portal\/wp-json\/wp\/v2\/comments?post=62808"}],"version-history":[{"count":0,"href":"https:\/\/eltrabajo.cl\/portal\/wp-json\/wp\/v2\/posts\/62808\/revisions"}],"wp:featuredmedia":[{"embeddable":true,"href":"https:\/\/eltrabajo.cl\/portal\/wp-json\/wp\/v2\/media\/62809"}],"wp:attachment":[{"href":"https:\/\/eltrabajo.cl\/portal\/wp-json\/wp\/v2\/media?parent=62808"}],"wp:term":[{"taxonomy":"category","embeddable":true,"href":"https:\/\/eltrabajo.cl\/portal\/wp-json\/wp\/v2\/categories?post=62808"},{"taxonomy":"post_tag","embeddable":true,"href":"https:\/\/eltrabajo.cl\/portal\/wp-json\/wp\/v2\/tags?post=62808"}],"curies":[{"name":"wp","href":"https:\/\/api.w.org\/{rel}","templated":true}]}}