{"id":62813,"date":"2015-10-13T09:19:06","date_gmt":"2015-10-13T12:19:06","guid":{"rendered":"http:\/\/www.eltrabajo.cl\/portal\/?p=62813"},"modified":"2015-10-13T09:19:06","modified_gmt":"2015-10-13T12:19:06","slug":"centro-cultural-de-los-andes-exhibira-cortometraje-animado-sobre-huida-de-patriotas-a-mendoza","status":"publish","type":"post","link":"https:\/\/eltrabajo.cl\/portal\/centro-cultural-de-los-andes-exhibira-cortometraje-animado-sobre-huida-de-patriotas-a-mendoza\/","title":{"rendered":"Centro Cultural de Los Andes exhibir\u00e1 cortometraje animado sobre huida de patriotas a Mendoza"},"content":{"rendered":"<figure id=\"attachment_62814\" aria-describedby=\"caption-attachment-62814\" style=\"width: 300px\" class=\"wp-caption alignleft\"><a href=\"https:\/\/i0.wp.com\/www.eltrabajo.cl\/portal\/wp-content\/uploads\/2015\/10\/exodo.jpg\"><img data-recalc-dims=\"1\" loading=\"lazy\" decoding=\"async\" class=\"wp-image-62814 size-medium\" src=\"https:\/\/i0.wp.com\/www.eltrabajo.cl\/portal\/wp-content\/uploads\/2015\/10\/exodo-300x198.jpg?resize=300%2C198\" alt=\"El cortometraje \u00c9xodo 1814 se estrenar\u00e1 este jueves a las 20:00 horas en el Sal\u00f3n Auditorio del Centro Cultural de Los Andes, Maip\u00fa 475, y es de entrada gratuita.\" width=\"300\" height=\"198\" srcset=\"https:\/\/i0.wp.com\/eltrabajo.cl\/portal\/wp-content\/uploads\/2015\/10\/exodo.jpg?resize=300%2C198&amp;ssl=1 300w, https:\/\/i0.wp.com\/eltrabajo.cl\/portal\/wp-content\/uploads\/2015\/10\/exodo.jpg?resize=200%2C132&amp;ssl=1 200w, https:\/\/i0.wp.com\/eltrabajo.cl\/portal\/wp-content\/uploads\/2015\/10\/exodo.jpg?resize=228%2C150&amp;ssl=1 228w, https:\/\/i0.wp.com\/eltrabajo.cl\/portal\/wp-content\/uploads\/2015\/10\/exodo.jpg?resize=400%2C263&amp;ssl=1 400w, https:\/\/i0.wp.com\/eltrabajo.cl\/portal\/wp-content\/uploads\/2015\/10\/exodo.jpg?w=530&amp;ssl=1 530w\" sizes=\"auto, (max-width: 300px) 100vw, 300px\" \/><\/a><figcaption id=\"caption-attachment-62814\" class=\"wp-caption-text\">El cortometraje \u00c9xodo 1814 se estrenar\u00e1 este jueves a las 20:00 horas en el Sal\u00f3n Auditorio del Centro Cultural de Los Andes, Maip\u00fa 475, y es de entrada gratuita.<\/figcaption><\/figure>\n<ul>\n<li><strong>Este es otro de los proyectos audiovisuales de animaci\u00f3n de Ricardo Ayala que se estrena este jueves 15 y la entrada es gratuita.<\/strong><\/li>\n<\/ul>\n<p><strong>LOS ANDES.<\/strong>&#8211; El Proyecto \u00c9xodo 1814, es un cortometraje animado realizado por el Animador y Audiovisualista Ricardo Ayala, que es financiado por el Consejo Nacional de la Cultura y las Artes por medio del Fondo de Fomento Audiovisual, que trata sobre el fin de la Patria Vieja y el \u00c9xodo de los Patriotas y lo que queda del Ej\u00e9rcito hacia Mendoza, por la ciudad de Los Andes, tocando una de las leyendas del Cruce, el Salto del Soldado.<br \/>\nEl Director de la producci\u00f3n, el andino Ricardo Ayala Ogaz, la define como una propuesta audiovisual que busca conmover y apasionar \u00abya que esta obra muestra de manera particular un trozo de la historia local, revitalizando por medio del arte de la animaci\u00f3n 2D, parte de nuestro gran patrimonio hist\u00f3rico\u00bb. El Director nos relata que este corto se enmarca en los sucesos de la Patria Vieja: \u00aben este caso el cortometraje narra los hechos acontecidos en el periodo de 1814 luego del desastre de Rancagua (1 y 2 de octubre) en la Joven Villa de Santa Rosa de Los Andes tomado como hilo conductor un joven matrimonio de campesinos, conectando de esta forma hechos, ficci\u00f3n y leyenda\u00bb.<br \/>\nEl trabajo desarrollado por Ricardo Ayala, fue una ardua producci\u00f3n de casi 2 a\u00f1os de trabajo, donde se probaron dibujos, dise\u00f1os, sonido y animaciones, dando una propuesta de gran valor audiovisual.<br \/>\nEl cortometraje tendr\u00e1 su estreno el jueves 15 de octubre a las 20:00 horas en el Sal\u00f3n Auditorio del Centro Cultural de Los Andes, Maip\u00fa 475, y es de entrada gratuita, donde se espera que el p\u00fablico andino pueda disfrutar de esta nueva obra de Ayala, que se une a otras como la leyenda de la Laguna del Inca.<\/p>\n","protected":false},"excerpt":{"rendered":"<p>Este es otro de los proyectos audiovisuales de animaci\u00f3n de Ricardo Ayala que se estrena este jueves 15 y la entrada es gratuita. LOS ANDES.&#8211; El Proyecto \u00c9xodo 1814, es un cortometraje&#8230;<\/p>\n","protected":false},"author":482,"featured_media":62814,"comment_status":"open","ping_status":"open","sticky":false,"template":"","format":"standard","meta":{"advanced_seo_description":"","jetpack_seo_html_title":"","jetpack_seo_noindex":false,"_jetpack_memberships_contains_paid_content":false,"footnotes":""},"categories":[15],"tags":[],"class_list":["post-62813","post","type-post","status-publish","format-standard","has-post-thumbnail","hentry","category-comunidad"],"jetpack_featured_media_url":"https:\/\/i0.wp.com\/eltrabajo.cl\/portal\/wp-content\/uploads\/2015\/10\/exodo.jpg?fit=530%2C349&ssl=1","jetpack_sharing_enabled":true,"jetpack_likes_enabled":true,"jetpack-related-posts":[],"_links":{"self":[{"href":"https:\/\/eltrabajo.cl\/portal\/wp-json\/wp\/v2\/posts\/62813","targetHints":{"allow":["GET"]}}],"collection":[{"href":"https:\/\/eltrabajo.cl\/portal\/wp-json\/wp\/v2\/posts"}],"about":[{"href":"https:\/\/eltrabajo.cl\/portal\/wp-json\/wp\/v2\/types\/post"}],"author":[{"embeddable":true,"href":"https:\/\/eltrabajo.cl\/portal\/wp-json\/wp\/v2\/users\/482"}],"replies":[{"embeddable":true,"href":"https:\/\/eltrabajo.cl\/portal\/wp-json\/wp\/v2\/comments?post=62813"}],"version-history":[{"count":0,"href":"https:\/\/eltrabajo.cl\/portal\/wp-json\/wp\/v2\/posts\/62813\/revisions"}],"wp:featuredmedia":[{"embeddable":true,"href":"https:\/\/eltrabajo.cl\/portal\/wp-json\/wp\/v2\/media\/62814"}],"wp:attachment":[{"href":"https:\/\/eltrabajo.cl\/portal\/wp-json\/wp\/v2\/media?parent=62813"}],"wp:term":[{"taxonomy":"category","embeddable":true,"href":"https:\/\/eltrabajo.cl\/portal\/wp-json\/wp\/v2\/categories?post=62813"},{"taxonomy":"post_tag","embeddable":true,"href":"https:\/\/eltrabajo.cl\/portal\/wp-json\/wp\/v2\/tags?post=62813"}],"curies":[{"name":"wp","href":"https:\/\/api.w.org\/{rel}","templated":true}]}}