{"id":62825,"date":"2015-10-13T09:30:44","date_gmt":"2015-10-13T12:30:44","guid":{"rendered":"http:\/\/www.eltrabajo.cl\/portal\/?p=62825"},"modified":"2015-10-13T09:30:44","modified_gmt":"2015-10-13T12:30:44","slug":"padres-de-emilia-bruna-piden-antena-de-telefonia-movil-en-carretera-e-41","status":"publish","type":"post","link":"https:\/\/eltrabajo.cl\/portal\/padres-de-emilia-bruna-piden-antena-de-telefonia-movil-en-carretera-e-41\/","title":{"rendered":"Padres de Emilia Bruna piden antena de telefon\u00eda m\u00f3vil en carretera E-41"},"content":{"rendered":"<figure id=\"attachment_62826\" aria-describedby=\"caption-attachment-62826\" style=\"width: 300px\" class=\"wp-caption alignleft\"><a href=\"https:\/\/i0.wp.com\/www.eltrabajo.cl\/portal\/wp-content\/uploads\/2015\/10\/PETICION-CARRETERA-2.jpg\"><img data-recalc-dims=\"1\" loading=\"lazy\" decoding=\"async\" class=\"wp-image-62826 size-medium\" src=\"https:\/\/i0.wp.com\/www.eltrabajo.cl\/portal\/wp-content\/uploads\/2015\/10\/PETICION-CARRETERA-2-300x198.jpg?resize=300%2C198\" alt=\"Los padres de la menor fallecida en un accidente de tr\u00e1nsito ocurrido en la ruta E41 anunciaron que efectuar\u00e1n una petici\u00f3n a la Subsecretar\u00eda de Telecomunicaciones para dotar de una antena de telefon\u00eda m\u00f3vil a esa ruta.\" width=\"300\" height=\"198\" srcset=\"https:\/\/i0.wp.com\/eltrabajo.cl\/portal\/wp-content\/uploads\/2015\/10\/PETICION-CARRETERA-2.jpg?resize=300%2C198&amp;ssl=1 300w, https:\/\/i0.wp.com\/eltrabajo.cl\/portal\/wp-content\/uploads\/2015\/10\/PETICION-CARRETERA-2.jpg?resize=200%2C132&amp;ssl=1 200w, https:\/\/i0.wp.com\/eltrabajo.cl\/portal\/wp-content\/uploads\/2015\/10\/PETICION-CARRETERA-2.jpg?resize=228%2C150&amp;ssl=1 228w, https:\/\/i0.wp.com\/eltrabajo.cl\/portal\/wp-content\/uploads\/2015\/10\/PETICION-CARRETERA-2.jpg?resize=400%2C263&amp;ssl=1 400w, https:\/\/i0.wp.com\/eltrabajo.cl\/portal\/wp-content\/uploads\/2015\/10\/PETICION-CARRETERA-2.jpg?w=530&amp;ssl=1 530w\" sizes=\"auto, (max-width: 300px) 100vw, 300px\" \/><\/a><figcaption id=\"caption-attachment-62826\" class=\"wp-caption-text\">Los padres de la menor fallecida en un accidente de tr\u00e1nsito ocurrido en la ruta E41 anunciaron que efectuar\u00e1n una petici\u00f3n a la Subsecretar\u00eda de Telecomunicaciones para dotar de una antena de telefon\u00eda m\u00f3vil a esa ruta.<\/figcaption><\/figure>\n<p><strong>PUTAENDO.-<\/strong> Los padres de la peque\u00f1a Emilia Bruna Pe\u00f1a, quien falleci\u00f3 en el accidente de tr\u00e1nsito ocurrido el pasado viernes 2 de octubre en la carretera que une Putaendo con Cabildo, regresaron al lugar de la tragedia, acompa\u00f1ados de autoridades de ambas comunas y anunciaron la petici\u00f3n que efectuar\u00e1n a la Subsecretar\u00eda de Telecomunicaciones para dotar de una antena de telefon\u00eda m\u00f3vil a la ruta E-41.<br \/>\nEl Concejal de Cabildo, V\u00edctor Donoso, en sentidas palabras sostuvo que lo ocurrido con la muerte de la peque\u00f1a Emilia es un hecho que no puede transformarse en una cifra m\u00e1s, agregando que el alto tr\u00e1nsito vehicular en la carretera Putaendo \u2013 Cabildo no puede tener m\u00e1s de 30 kil\u00f3metros entre La Vega y El T\u00e1rtaro sin comunicaci\u00f3n telef\u00f3nica, motivo por el cual pidi\u00f3 p\u00fablicamente al Subsecretario de Comunicaciones acoger este requerimiento para que esa entidad gestione ante las empresas de telefon\u00eda m\u00f3vil la colocaci\u00f3n de una o dos antenas en esa ruta y otras repetidoras de Carabineros y Samu.<br \/>\nPor su parte, el Concejal de Putaendo, Carlos Gallardo, plante\u00f3 que nuestra comuna hizo propio el dolor de la familia de la peque\u00f1a Emilia Bruna, e inst\u00f3 a las autoridades correspondientes a realizar todos los esfuerzos para lograr que las empresas de telefon\u00eda m\u00f3vil tengan una mirada social por sobre la econ\u00f3mica, ya que contar con se\u00f1al telef\u00f3nica en el tramo de 30 kil\u00f3metros entre El T\u00e1rtaro y La Vega se traduce en garant\u00edas de seguridad para los cientos de automovilistas que diariamente se trasladan entre Putaendo y Cabildo.<br \/>\nEstas palabras fueron apoyadas por el Teniente de Carabineros de Putaendo, \u00c1ngelo Acevedo y por el 2\u00ba Comandante del Cuerpo de Bomberos de Cabildo, Carlos Labb\u00e9, quienes tambi\u00e9n estuvieron presentes la tarde de este jueves en el lugar donde ocurri\u00f3 el fat\u00eddico accidente.<br \/>\nNorma Pe\u00f1a Altamirano, madre de Emilia, quien entre sus brazos portaba un cuadro con la foto de su hija, contuvo las l\u00e1grimas al indicar que la muerte de su hija ha sido una enorme tragedia, pero espera que esto no le ocurra a otra familia, por lo que solicit\u00f3 a las autoridades de la Subsecretar\u00eda de Telecomunicaciones no recibir esta petici\u00f3n y guardarla, sino que ponerse a trabajar en forma inmediata para concretarla \u201cporque mi padre que viajaba con nosotros, herido corri\u00f3 hacia los cerros a tratar de llamar y pedir una ambulancia mientras yo gritaba que pidieran ayuda (\u2026) ver a mi hija que necesitaba auxilio y que en ninguna parte hab\u00eda se\u00f1al telef\u00f3nica es algo que nunca m\u00e1s debe ocurrir en esta carretera\u201d.<br \/>\nPe\u00f1a, junto a su esposo asegur\u00f3 que no descansar\u00e1n hasta que las autoridades escuchen este llamado y lo hagan realidad, pues tiene la convicci\u00f3n que su hija as\u00ed lo est\u00e1 pidiendo y ayudar a muchas personas que transitan entre Cabildo y Putaendo para que est\u00e9n seguras.<br \/>\nLa madre de Emilia afirm\u00f3 tambi\u00e9n que cree profundamente que su querida hija les acompa\u00f1ar\u00e1 desde el cielo en esta tarea que han emprendido como familia.<br \/>\nSimb\u00f3licamente los padres de Emilia junto a los concejales presentes firmaron en el mismo lugar del volcamiento el documento que en horas de la noche de este jueves fue enviado al Subsecretario de Telecomunicaciones, llevando el mensaje de la familia y los antecedentes de esta importante petici\u00f3n.<\/p>\n<p><strong>\u201cSI LA AMBULANCIA HUBIESE LLEGADO A TIEMPO TAL VEZ MI HIJA SE HABR\u00cdA SALVADO\u201d<\/strong><br \/>\nEn la ocasi\u00f3n, la madre de la peque\u00f1a Emilia, profundamente conmovida, record\u00f3 los momentos cuando sufri\u00f3 el revent\u00f3n de un neum\u00e1tico de su autom\u00f3vil, el cual termin\u00f3 volcado, relatando que lo \u00fanico que pensaba era en su hija y que le gritaba a su padre que la sacara desde el veh\u00edculo.<br \/>\nNorma Pe\u00f1a expres\u00f3 que en cosa de minutos lleg\u00f3 gente a su lado, algunos tratando de ayudar, otros conteni\u00e9ndola y sabe que m\u00e1s de alg\u00fan conductor se fue r\u00e1pidamente a pedir auxilio, agregando que no le cabe duda alguna que si hubiese llegado r\u00e1pidamente una ambulancia, tal vez su hija hoy estar\u00eda con vida, calificando como algo dif\u00edcil de entender el hecho que arribara primero una ambulancia de Cabildo antes que un m\u00f3vil de Putaendo, distanciado a tan s\u00f3lo 14 kil\u00f3metros del lugar del accidente.<br \/>\nLa madre de Emilia, en emocionadas palabras manifest\u00f3 su gratitud hacia quienes le acompa\u00f1aron durante el accidente, de manera especial a Bomberos y Carabineros de Putaendo, a quienes nunca olvidar\u00e1 por sus esfuerzos, cari\u00f1o y amor que demostraron hacia su hija.<br \/>\n<strong>Patricio Gallardo M.<\/strong><\/p>\n<div class=\"tiled-gallery type-rectangular tiled-gallery-unresized\" data-original-width=\"640\" data-carousel-extra='null' itemscope itemtype=\"http:\/\/schema.org\/ImageGallery\" > <div class=\"gallery-row\" style=\"width: 640px; height: 212px;\" data-original-width=\"640\" data-original-height=\"212\" > <div class=\"gallery-group images-1\" style=\"width: 320px; height: 212px;\" data-original-width=\"320\" data-original-height=\"212\" > <div class=\"tiled-gallery-item tiled-gallery-item-large\" itemprop=\"associatedMedia\" itemscope itemtype=\"http:\/\/schema.org\/ImageObject\"> <a href=\"https:\/\/eltrabajo.cl\/portal\/padres-de-emilia-bruna-piden-antena-de-telefonia-movil-en-carretera-e-41\/peticion-carretera-6\/\" border=\"0\" itemprop=\"url\"> <meta itemprop=\"width\" content=\"316\"> <meta itemprop=\"height\" content=\"208\"> <img decoding=\"async\" class=\"\" data-attachment-id=\"62827\" data-orig-file=\"https:\/\/eltrabajo.cl\/portal\/wp-content\/uploads\/2015\/10\/PETICION-CARRETERA-6.jpg\" data-orig-size=\"530,349\" data-comments-opened=\"1\" data-image-meta=\"{&quot;aperture&quot;:&quot;0&quot;,&quot;credit&quot;:&quot;&quot;,&quot;camera&quot;:&quot;&quot;,&quot;caption&quot;:&quot;&quot;,&quot;created_timestamp&quot;:&quot;0&quot;,&quot;copyright&quot;:&quot;&quot;,&quot;focal_length&quot;:&quot;0&quot;,&quot;iso&quot;:&quot;0&quot;,&quot;shutter_speed&quot;:&quot;0&quot;,&quot;title&quot;:&quot;&quot;,&quot;orientation&quot;:&quot;0&quot;}\" data-image-title=\"PETICION CARRETERA (6)\" data-image-description=\"&lt;p&gt;Acompa\u00f1ados de autoridades de ambas comunas, los padres de la peque\u00f1a Emilia Bruna Pe\u00f1a regresaron al lugar de la tragedia, pidiendo p&amp;#8217;ublicamente la instalaci\u00f3n de una antena de telefon\u00eda m\u00f3vil en la ruta E-41.&lt;\/p&gt; \" data-medium-file=\"https:\/\/i0.wp.com\/eltrabajo.cl\/portal\/wp-content\/uploads\/2015\/10\/PETICION-CARRETERA-6.jpg?fit=300%2C198&#038;ssl=1\" data-large-file=\"https:\/\/i0.wp.com\/eltrabajo.cl\/portal\/wp-content\/uploads\/2015\/10\/PETICION-CARRETERA-6.jpg?fit=530%2C349&#038;ssl=1\" src=\"https:\/\/i0.wp.com\/eltrabajo.cl\/portal\/wp-content\/uploads\/2015\/10\/PETICION-CARRETERA-6.jpg?w=316&#038;h=208&#038;ssl=1\" srcset=\"https:\/\/i0.wp.com\/eltrabajo.cl\/portal\/wp-content\/uploads\/2015\/10\/PETICION-CARRETERA-6.jpg?w=530&amp;ssl=1 530w, https:\/\/i0.wp.com\/eltrabajo.cl\/portal\/wp-content\/uploads\/2015\/10\/PETICION-CARRETERA-6.jpg?resize=200%2C132&amp;ssl=1 200w, https:\/\/i0.wp.com\/eltrabajo.cl\/portal\/wp-content\/uploads\/2015\/10\/PETICION-CARRETERA-6.jpg?resize=300%2C198&amp;ssl=1 300w, https:\/\/i0.wp.com\/eltrabajo.cl\/portal\/wp-content\/uploads\/2015\/10\/PETICION-CARRETERA-6.jpg?resize=228%2C150&amp;ssl=1 228w, https:\/\/i0.wp.com\/eltrabajo.cl\/portal\/wp-content\/uploads\/2015\/10\/PETICION-CARRETERA-6.jpg?resize=400%2C263&amp;ssl=1 400w\" width=\"316\" height=\"208\" loading=\"lazy\" data-original-width=\"316\" data-original-height=\"208\" itemprop=\"http:\/\/schema.org\/image\" title=\"PETICION CARRETERA (6)\" alt=\"Acompa\u00f1ados de autoridades de ambas comunas, los padres de la peque\u00f1a Emilia Bruna Pe\u00f1a regresaron al lugar de la tragedia, pidiendo p&#039;ublicamente la instalaci\u00f3n de una antena de telefon\u00eda m\u00f3vil en la ruta E-41.\" style=\"width: 316px; height: 208px;\" \/> <\/a> <div class=\"tiled-gallery-caption\" itemprop=\"caption description\"> Acompa\u00f1ados de autoridades de ambas comunas, los padres de la peque\u00f1a Emilia Bruna Pe\u00f1a regresaron al lugar de la tragedia, pidiendo p&#8217;ublicamente la instalaci\u00f3n de una antena de telefon\u00eda m\u00f3vil en la ruta E-41. <\/div> <\/div> <\/div> <!-- close group --> <div class=\"gallery-group images-1\" style=\"width: 320px; height: 212px;\" data-original-width=\"320\" data-original-height=\"212\" > <div class=\"tiled-gallery-item tiled-gallery-item-large\" itemprop=\"associatedMedia\" itemscope itemtype=\"http:\/\/schema.org\/ImageObject\"> <a href=\"https:\/\/eltrabajo.cl\/portal\/padres-de-emilia-bruna-piden-antena-de-telefonia-movil-en-carretera-e-41\/peticion-carretera-norma-pena-altamirano\/\" border=\"0\" itemprop=\"url\"> <meta itemprop=\"width\" content=\"316\"> <meta itemprop=\"height\" content=\"208\"> <img decoding=\"async\" class=\"\" data-attachment-id=\"62828\" data-orig-file=\"https:\/\/eltrabajo.cl\/portal\/wp-content\/uploads\/2015\/10\/PETICION-CARRETERA-norma-pena-altamirano.jpg\" data-orig-size=\"530,349\" data-comments-opened=\"1\" data-image-meta=\"{&quot;aperture&quot;:&quot;0&quot;,&quot;credit&quot;:&quot;&quot;,&quot;camera&quot;:&quot;&quot;,&quot;caption&quot;:&quot;&quot;,&quot;created_timestamp&quot;:&quot;0&quot;,&quot;copyright&quot;:&quot;[wopmind]&quot;,&quot;focal_length&quot;:&quot;0&quot;,&quot;iso&quot;:&quot;0&quot;,&quot;shutter_speed&quot;:&quot;0&quot;,&quot;title&quot;:&quot;&quot;,&quot;orientation&quot;:&quot;0&quot;}\" data-image-title=\"PETICION CARRETERA norma pena altamirano\" data-image-description=\"&lt;p&gt;Norma Pe\u00f1a Altamirano, madre de Emilia, espera que la muerte de su hija no le ocurra a otra familia.&lt;\/p&gt; \" data-medium-file=\"https:\/\/i0.wp.com\/eltrabajo.cl\/portal\/wp-content\/uploads\/2015\/10\/PETICION-CARRETERA-norma-pena-altamirano.jpg?fit=300%2C198&#038;ssl=1\" data-large-file=\"https:\/\/i0.wp.com\/eltrabajo.cl\/portal\/wp-content\/uploads\/2015\/10\/PETICION-CARRETERA-norma-pena-altamirano.jpg?fit=530%2C349&#038;ssl=1\" src=\"https:\/\/i0.wp.com\/eltrabajo.cl\/portal\/wp-content\/uploads\/2015\/10\/PETICION-CARRETERA-norma-pena-altamirano.jpg?w=316&#038;h=208&#038;ssl=1\" srcset=\"https:\/\/i0.wp.com\/eltrabajo.cl\/portal\/wp-content\/uploads\/2015\/10\/PETICION-CARRETERA-norma-pena-altamirano.jpg?w=530&amp;ssl=1 530w, https:\/\/i0.wp.com\/eltrabajo.cl\/portal\/wp-content\/uploads\/2015\/10\/PETICION-CARRETERA-norma-pena-altamirano.jpg?resize=200%2C132&amp;ssl=1 200w, https:\/\/i0.wp.com\/eltrabajo.cl\/portal\/wp-content\/uploads\/2015\/10\/PETICION-CARRETERA-norma-pena-altamirano.jpg?resize=300%2C198&amp;ssl=1 300w, https:\/\/i0.wp.com\/eltrabajo.cl\/portal\/wp-content\/uploads\/2015\/10\/PETICION-CARRETERA-norma-pena-altamirano.jpg?resize=228%2C150&amp;ssl=1 228w, https:\/\/i0.wp.com\/eltrabajo.cl\/portal\/wp-content\/uploads\/2015\/10\/PETICION-CARRETERA-norma-pena-altamirano.jpg?resize=400%2C263&amp;ssl=1 400w\" width=\"316\" height=\"208\" loading=\"lazy\" data-original-width=\"316\" data-original-height=\"208\" itemprop=\"http:\/\/schema.org\/image\" title=\"PETICION CARRETERA norma pena altamirano\" alt=\"Norma Pe\u00f1a Altamirano, madre de Emilia, espera que la muerte de su hija no le ocurra a otra familia.\" style=\"width: 316px; height: 208px;\" \/> <\/a> <div class=\"tiled-gallery-caption\" itemprop=\"caption description\"> Norma Pe\u00f1a Altamirano, madre de Emilia, espera que la muerte de su hija no le ocurra a otra familia. <\/div> <\/div> <\/div> <!-- close group --> <\/div> <!-- close row --> <\/div>\n","protected":false},"excerpt":{"rendered":"<p>PUTAENDO.- Los padres de la peque\u00f1a Emilia Bruna Pe\u00f1a, quien falleci\u00f3 en el accidente de tr\u00e1nsito ocurrido el pasado viernes 2 de octubre en la carretera que une Putaendo con Cabildo, regresaron&#8230;<\/p>\n","protected":false},"author":482,"featured_media":62826,"comment_status":"open","ping_status":"open","sticky":false,"template":"","format":"standard","meta":{"advanced_seo_description":"","jetpack_seo_html_title":"","jetpack_seo_noindex":false,"_jetpack_memberships_contains_paid_content":false,"footnotes":""},"categories":[15],"tags":[],"class_list":["post-62825","post","type-post","status-publish","format-standard","has-post-thumbnail","hentry","category-comunidad"],"jetpack_featured_media_url":"https:\/\/i0.wp.com\/eltrabajo.cl\/portal\/wp-content\/uploads\/2015\/10\/PETICION-CARRETERA-2.jpg?fit=530%2C349&ssl=1","jetpack_sharing_enabled":true,"jetpack_likes_enabled":true,"jetpack-related-posts":[],"_links":{"self":[{"href":"https:\/\/eltrabajo.cl\/portal\/wp-json\/wp\/v2\/posts\/62825","targetHints":{"allow":["GET"]}}],"collection":[{"href":"https:\/\/eltrabajo.cl\/portal\/wp-json\/wp\/v2\/posts"}],"about":[{"href":"https:\/\/eltrabajo.cl\/portal\/wp-json\/wp\/v2\/types\/post"}],"author":[{"embeddable":true,"href":"https:\/\/eltrabajo.cl\/portal\/wp-json\/wp\/v2\/users\/482"}],"replies":[{"embeddable":true,"href":"https:\/\/eltrabajo.cl\/portal\/wp-json\/wp\/v2\/comments?post=62825"}],"version-history":[{"count":0,"href":"https:\/\/eltrabajo.cl\/portal\/wp-json\/wp\/v2\/posts\/62825\/revisions"}],"wp:featuredmedia":[{"embeddable":true,"href":"https:\/\/eltrabajo.cl\/portal\/wp-json\/wp\/v2\/media\/62826"}],"wp:attachment":[{"href":"https:\/\/eltrabajo.cl\/portal\/wp-json\/wp\/v2\/media?parent=62825"}],"wp:term":[{"taxonomy":"category","embeddable":true,"href":"https:\/\/eltrabajo.cl\/portal\/wp-json\/wp\/v2\/categories?post=62825"},{"taxonomy":"post_tag","embeddable":true,"href":"https:\/\/eltrabajo.cl\/portal\/wp-json\/wp\/v2\/tags?post=62825"}],"curies":[{"name":"wp","href":"https:\/\/api.w.org\/{rel}","templated":true}]}}