{"id":62832,"date":"2015-10-13T09:34:00","date_gmt":"2015-10-13T12:34:00","guid":{"rendered":"http:\/\/www.eltrabajo.cl\/portal\/?p=62832"},"modified":"2015-10-13T09:34:00","modified_gmt":"2015-10-13T12:34:00","slug":"realizan-feria-experimental-en-establecimientos-educativos-de-rinconada","status":"publish","type":"post","link":"https:\/\/eltrabajo.cl\/portal\/realizan-feria-experimental-en-establecimientos-educativos-de-rinconada\/","title":{"rendered":"Realizan feria experimental en establecimientos educativos de Rinconada"},"content":{"rendered":"<figure id=\"attachment_62833\" aria-describedby=\"caption-attachment-62833\" style=\"width: 300px\" class=\"wp-caption alignleft\"><a href=\"https:\/\/i0.wp.com\/www.eltrabajo.cl\/portal\/wp-content\/uploads\/2015\/10\/ALUMNOS-KINDER-PERFECTO-DE-LA-FUENTE.jpg\"><img data-recalc-dims=\"1\" loading=\"lazy\" decoding=\"async\" class=\"wp-image-62833 size-medium\" src=\"https:\/\/i0.wp.com\/www.eltrabajo.cl\/portal\/wp-content\/uploads\/2015\/10\/ALUMNOS-KINDER-PERFECTO-DE-LA-FUENTE-300x198.jpg?resize=300%2C198\" alt=\"Muy contentos se mostraron los alumnos de k\u00ednder del Colegio Prefecto de la Fuente quienes participaron de esta feria experimental.\" width=\"300\" height=\"198\" srcset=\"https:\/\/i0.wp.com\/eltrabajo.cl\/portal\/wp-content\/uploads\/2015\/10\/ALUMNOS-KINDER-PERFECTO-DE-LA-FUENTE.jpg?resize=300%2C198&amp;ssl=1 300w, https:\/\/i0.wp.com\/eltrabajo.cl\/portal\/wp-content\/uploads\/2015\/10\/ALUMNOS-KINDER-PERFECTO-DE-LA-FUENTE.jpg?resize=200%2C132&amp;ssl=1 200w, https:\/\/i0.wp.com\/eltrabajo.cl\/portal\/wp-content\/uploads\/2015\/10\/ALUMNOS-KINDER-PERFECTO-DE-LA-FUENTE.jpg?resize=228%2C150&amp;ssl=1 228w, https:\/\/i0.wp.com\/eltrabajo.cl\/portal\/wp-content\/uploads\/2015\/10\/ALUMNOS-KINDER-PERFECTO-DE-LA-FUENTE.jpg?resize=400%2C263&amp;ssl=1 400w, https:\/\/i0.wp.com\/eltrabajo.cl\/portal\/wp-content\/uploads\/2015\/10\/ALUMNOS-KINDER-PERFECTO-DE-LA-FUENTE.jpg?w=530&amp;ssl=1 530w\" sizes=\"auto, (max-width: 300px) 100vw, 300px\" \/><\/a><figcaption id=\"caption-attachment-62833\" class=\"wp-caption-text\">Muy contentos se mostraron los alumnos de k\u00ednder del Colegio Prefecto de la Fuente quienes participaron de esta feria experimental.<\/figcaption><\/figure>\n<p><strong>RINCONADA.<\/strong>&#8211; Desde grandes maquetas, hasta experimentos realizados con vasos, agua y diversos l\u00edquidos son los que ofrecieron los alumnos del colegio Perfecto de la Fuente y el Liceo Parroquial Teresita de Los Andes a la comunidad educativa, en el marco de la Feria Experimental realizada en dichos establecimientos.<br \/>\nComenzamos el recorrido por el colegio Perfecto de la Fuente, en donde sorprendi\u00f3 la gran cantidad de alumnos ordenados en stands que exhib\u00edan con orgullo sus proyectos. En este establecimiento participaron alumnos de pre b\u00e1sica hasta octavo a\u00f1o.<br \/>\nMaquetas con luces led, interruptores y ventiladores mostraban los m\u00e1s peque\u00f1os, una de las alumnas confeccion\u00f3 un volc\u00e1n, donde al tocarlo pod\u00edamos sentir el calor y al interior de \u00e9ste ver un juego de luces que ella prepar\u00f3 junto a sus padres. Otros ni\u00f1os hicieron linternas con objetos reciclables en forma de autos y lindas pir\u00e1mides como l\u00e1mparas para dormitorios. Otros alumnos m\u00e1s peque\u00f1itos confeccionaron cajas con diferentes recipientes para aprender a sumar y tambi\u00e9n con colorido por dentro, que s\u00f3lo era posible ver mirando por un peque\u00f1o agujero.<br \/>\nJuan Enr\u00edquez Toledo, coordinador comunal Conicyt, contaba que esta feria la realizan hace 11 a\u00f1os, en donde se trabaja fuertemente con los ni\u00f1os y los profesores, apoyados por el departamento de educaci\u00f3n, pero especialmente por la municipalidad de Rinconada. \u201cEste a\u00f1o nos correspondi\u00f3 la tem\u00e1tica de la luz, entonces la mayor\u00eda de los trabajos est\u00e1n enfocados a eso y hay unos trabajos excelentes, ya que hay alumnos con una creatividad sorprendente. Hay trabajos en que han dedicado varios meses, participaron muchos apoderados tambi\u00e9n\u201d.<br \/>\nHubo un grupo que sorprendi\u00f3 instal\u00e1ndose en los camarines del establecimiento, como era un lugar m\u00e1s oscuro se pod\u00eda apreciar de mucha mejor forma su experimento, como por ejemplo los hologramas y las burbujas fluorescentes.<br \/>\nEn este establecimiento los j\u00f3venes fueron premiados con poleras y gorros estampados con la conmemoraci\u00f3n de la semana nacional de la ciencia y la tecnolog\u00eda.<br \/>\nEn el Liceo Parroquial Teresita de Los Andes participaron los alumnos de pre k\u00ednder a cuarto a\u00f1o medio, pero se enfocaron mucho m\u00e1s a la ciencia. Los alumnos sorprend\u00edan con su explicaci\u00f3n, personalidad y dispuestos a responder las preguntas del p\u00fablico.<br \/>\nAc\u00e1 hab\u00edan experimentos que mostraban los cambios del agua en estado s\u00f3lido, l\u00edquido y gaseoso dependiendo las temperaturas, vasos con agua y un huevo en su interior, donde el huevo que flotaba s\u00f3lo lograba hacerlo en el vaso que conten\u00eda sal, cajas forradas donde deb\u00edamos introducir la mano y sentir las texturas sin verlas, la simulaci\u00f3n de un volc\u00e1n en erupci\u00f3n al echarle ciertos ingredientes, entre muchos otros.<br \/>\nUna jornada llena de color y creatividad, donde los alumnos mostraron de qu\u00e9 son capaces y del inter\u00e9s que muestran por la ciencia y tecnolog\u00eda, logrando sorprenderse unos a otros con los experimentos y pidiendo que la actividad se vuelva a repetir.<\/p>\n","protected":false},"excerpt":{"rendered":"<p>RINCONADA.&#8211; Desde grandes maquetas, hasta experimentos realizados con vasos, agua y diversos l\u00edquidos son los que ofrecieron los alumnos del colegio Perfecto de la Fuente y el Liceo Parroquial Teresita de Los&#8230;<\/p>\n","protected":false},"author":482,"featured_media":62833,"comment_status":"open","ping_status":"open","sticky":false,"template":"","format":"standard","meta":{"advanced_seo_description":"","jetpack_seo_html_title":"","jetpack_seo_noindex":false,"_jetpack_memberships_contains_paid_content":false,"footnotes":""},"categories":[1],"tags":[],"class_list":["post-62832","post","type-post","status-publish","format-standard","has-post-thumbnail","hentry","category-cronica"],"jetpack_featured_media_url":"https:\/\/i0.wp.com\/eltrabajo.cl\/portal\/wp-content\/uploads\/2015\/10\/ALUMNOS-KINDER-PERFECTO-DE-LA-FUENTE.jpg?fit=530%2C349&ssl=1","jetpack_sharing_enabled":true,"jetpack_likes_enabled":true,"jetpack-related-posts":[],"_links":{"self":[{"href":"https:\/\/eltrabajo.cl\/portal\/wp-json\/wp\/v2\/posts\/62832","targetHints":{"allow":["GET"]}}],"collection":[{"href":"https:\/\/eltrabajo.cl\/portal\/wp-json\/wp\/v2\/posts"}],"about":[{"href":"https:\/\/eltrabajo.cl\/portal\/wp-json\/wp\/v2\/types\/post"}],"author":[{"embeddable":true,"href":"https:\/\/eltrabajo.cl\/portal\/wp-json\/wp\/v2\/users\/482"}],"replies":[{"embeddable":true,"href":"https:\/\/eltrabajo.cl\/portal\/wp-json\/wp\/v2\/comments?post=62832"}],"version-history":[{"count":0,"href":"https:\/\/eltrabajo.cl\/portal\/wp-json\/wp\/v2\/posts\/62832\/revisions"}],"wp:featuredmedia":[{"embeddable":true,"href":"https:\/\/eltrabajo.cl\/portal\/wp-json\/wp\/v2\/media\/62833"}],"wp:attachment":[{"href":"https:\/\/eltrabajo.cl\/portal\/wp-json\/wp\/v2\/media?parent=62832"}],"wp:term":[{"taxonomy":"category","embeddable":true,"href":"https:\/\/eltrabajo.cl\/portal\/wp-json\/wp\/v2\/categories?post=62832"},{"taxonomy":"post_tag","embeddable":true,"href":"https:\/\/eltrabajo.cl\/portal\/wp-json\/wp\/v2\/tags?post=62832"}],"curies":[{"name":"wp","href":"https:\/\/api.w.org\/{rel}","templated":true}]}}