{"id":62835,"date":"2015-10-13T09:43:40","date_gmt":"2015-10-13T12:43:40","guid":{"rendered":"http:\/\/www.eltrabajo.cl\/portal\/?p=62835"},"modified":"2015-10-13T09:44:08","modified_gmt":"2015-10-13T12:44:08","slug":"durante-velorio-retiran-cuerpo-de-adulta-mayor-para-realizar-autopsia","status":"publish","type":"post","link":"https:\/\/eltrabajo.cl\/portal\/durante-velorio-retiran-cuerpo-de-adulta-mayor-para-realizar-autopsia\/","title":{"rendered":"Durante velorio retiran cuerpo de adulta mayor para realizar autopsia"},"content":{"rendered":"<figure id=\"attachment_62836\" aria-describedby=\"caption-attachment-62836\" style=\"width: 300px\" class=\"wp-caption alignleft\"><a href=\"https:\/\/i0.wp.com\/www.eltrabajo.cl\/portal\/wp-content\/uploads\/2015\/10\/RETIRO-DE-CADAVER-DESDE-VELORIO-2.jpg\"><img data-recalc-dims=\"1\" loading=\"lazy\" decoding=\"async\" class=\"wp-image-62836 size-medium\" src=\"https:\/\/i0.wp.com\/www.eltrabajo.cl\/portal\/wp-content\/uploads\/2015\/10\/RETIRO-DE-CADAVER-DESDE-VELORIO-2-300x198.jpg?resize=300%2C198\" alt=\"Personal de la Brigada de Homicidios de la PDI lleg\u00f3 hasta el velorio y procedi\u00f3 a examinar el cad\u00e1ver, siendo retirado por el Servicio M\u00e9dico Legal para la correspondiente autopsia.\" width=\"300\" height=\"198\" srcset=\"https:\/\/i0.wp.com\/eltrabajo.cl\/portal\/wp-content\/uploads\/2015\/10\/RETIRO-DE-CADAVER-DESDE-VELORIO-2.jpg?resize=300%2C198&amp;ssl=1 300w, https:\/\/i0.wp.com\/eltrabajo.cl\/portal\/wp-content\/uploads\/2015\/10\/RETIRO-DE-CADAVER-DESDE-VELORIO-2.jpg?resize=200%2C132&amp;ssl=1 200w, https:\/\/i0.wp.com\/eltrabajo.cl\/portal\/wp-content\/uploads\/2015\/10\/RETIRO-DE-CADAVER-DESDE-VELORIO-2.jpg?resize=228%2C150&amp;ssl=1 228w, https:\/\/i0.wp.com\/eltrabajo.cl\/portal\/wp-content\/uploads\/2015\/10\/RETIRO-DE-CADAVER-DESDE-VELORIO-2.jpg?resize=400%2C263&amp;ssl=1 400w, https:\/\/i0.wp.com\/eltrabajo.cl\/portal\/wp-content\/uploads\/2015\/10\/RETIRO-DE-CADAVER-DESDE-VELORIO-2.jpg?w=530&amp;ssl=1 530w\" sizes=\"auto, (max-width: 300px) 100vw, 300px\" \/><\/a><figcaption id=\"caption-attachment-62836\" class=\"wp-caption-text\">Personal de la Brigada de Homicidios de la PDI lleg\u00f3 hasta el velorio y procedi\u00f3 a examinar el cad\u00e1ver, siendo retirado por el Servicio M\u00e9dico Legal para la correspondiente autopsia.<\/figcaption><\/figure>\n<p><strong>PUTAENDO.<\/strong>&#8211; Por instrucci\u00f3n emanada de la Fiscal\u00eda, personal de la Polic\u00eda de Investigaciones, Carabineros y del Servicio M\u00e9dico Legal, procedieron a retirar el cuerpo de una adulta mayor de 90 a\u00f1os de edad, mientras estaba siendo velada en un domicilio del sector Lo Vicu\u00f1a.<br \/>\nAna Rosa Parra Gonz\u00e1lez falleci\u00f3 a eso de las 11:30 horas de este s\u00e1bado en el hogar de su hija Mar\u00eda Henr\u00edquez de la Poblaci\u00f3n La Hermandad, quien justamente se percat\u00f3 de su deceso luego de constatar que la adulta mayor no respiraba tras quedarse dormida. Mar\u00eda Henr\u00edquez asegur\u00f3 que primeramente pens\u00f3 que su madre reaccionar\u00eda, pero luego se dio cuenta que estaba muerta, por lo que llam\u00f3 al nivel 131 para solicitar una ambulancia y constatar el fallecimiento de la Sra. Ana Parra, lo que no fue posible, ya que seg\u00fan testimonio de la afectada, la operadora de Samu le indic\u00f3 que de acuerdo a los antecedentes que ten\u00eda y que al tratarse de una persona postrada y con varias enfermedades, no era necesario que el Samu acudiera a verificar la muerte y que concurriera a contratar el servicio f\u00fanebre.<br \/>\nLa mujer agreg\u00f3 que efectivamente acudieron a la funeraria y mostraron los antecedentes cl\u00ednicos de su madre y procedieron a llevarla hasta el domicilio de Lo Vicu\u00f1a para comenzar su velorio, pues desde la funeraria le aseguraron que ellos tramitar\u00edan el certificado de defunci\u00f3n en el Hospital San Antonio de Putaendo, sin embargo, pasadas las 15:45 horas la llamaron para informarle que la m\u00e9dico de turno de la instituci\u00f3n de salud no firmar\u00eda el certificado de defunci\u00f3n, pues no era una paciente conocida o que hubiese estado hospitalizada en el \u00faltimo tiempo.<br \/>\n\u201cEstamos desechos, porque comenzamos el velorio de nuestra madre y la doctora no quiso firmar el certificado de defunci\u00f3n a pesar que mi mam\u00e1 estaba desahuciada, ten\u00eda muchas enfermedades, m\u00e1s de 90 a\u00f1os y muri\u00f3 de viejita. No existe criterio, ahora llegan las polic\u00edas, abren el ata\u00fad y la sacan en una bolsa, esto es inhumano\u201d, fustig\u00f3 Mar\u00eda Henr\u00edquez.<br \/>\nEfectivamente luego de las 19:00 horas, personal de la Brigada de Homicidios de la Polic\u00eda de investigaciones de Los Andes lleg\u00f3 hasta el lugar donde se realizaba el velorio y procedi\u00f3 a abrir la urna y examinar el cad\u00e1ver, y luego fue retirado por funcionarios del Servicio M\u00e9dico Legal para la correspondiente autopsia, todo en presencia de familiares que se mostraron indignados y dolidos con esta situaci\u00f3n.<br \/>\nLos oficiales de la PDI no se pronunciaron p\u00fablicamente sobre este procedimiento, pero seg\u00fan indicaron familiares de la mujer fallecida, habr\u00edan descartado por completo la intervenci\u00f3n de terceros, confirmando el deceso por causas naturales.<br \/>\n<strong>Patricio Gallardo M.<\/strong><\/p>\n","protected":false},"excerpt":{"rendered":"<p>PUTAENDO.&#8211; Por instrucci\u00f3n emanada de la Fiscal\u00eda, personal de la Polic\u00eda de Investigaciones, Carabineros y del Servicio M\u00e9dico Legal, procedieron a retirar el cuerpo de una adulta mayor de 90 a\u00f1os de&#8230;<\/p>\n","protected":false},"author":482,"featured_media":62836,"comment_status":"open","ping_status":"open","sticky":false,"template":"","format":"standard","meta":{"advanced_seo_description":"","jetpack_seo_html_title":"","jetpack_seo_noindex":false,"_jetpack_memberships_contains_paid_content":false,"footnotes":""},"categories":[15],"tags":[],"class_list":["post-62835","post","type-post","status-publish","format-standard","has-post-thumbnail","hentry","category-comunidad"],"jetpack_featured_media_url":"https:\/\/i0.wp.com\/eltrabajo.cl\/portal\/wp-content\/uploads\/2015\/10\/RETIRO-DE-CADAVER-DESDE-VELORIO-2.jpg?fit=530%2C349&ssl=1","jetpack_sharing_enabled":true,"jetpack_likes_enabled":true,"jetpack-related-posts":[],"_links":{"self":[{"href":"https:\/\/eltrabajo.cl\/portal\/wp-json\/wp\/v2\/posts\/62835","targetHints":{"allow":["GET"]}}],"collection":[{"href":"https:\/\/eltrabajo.cl\/portal\/wp-json\/wp\/v2\/posts"}],"about":[{"href":"https:\/\/eltrabajo.cl\/portal\/wp-json\/wp\/v2\/types\/post"}],"author":[{"embeddable":true,"href":"https:\/\/eltrabajo.cl\/portal\/wp-json\/wp\/v2\/users\/482"}],"replies":[{"embeddable":true,"href":"https:\/\/eltrabajo.cl\/portal\/wp-json\/wp\/v2\/comments?post=62835"}],"version-history":[{"count":0,"href":"https:\/\/eltrabajo.cl\/portal\/wp-json\/wp\/v2\/posts\/62835\/revisions"}],"wp:featuredmedia":[{"embeddable":true,"href":"https:\/\/eltrabajo.cl\/portal\/wp-json\/wp\/v2\/media\/62836"}],"wp:attachment":[{"href":"https:\/\/eltrabajo.cl\/portal\/wp-json\/wp\/v2\/media?parent=62835"}],"wp:term":[{"taxonomy":"category","embeddable":true,"href":"https:\/\/eltrabajo.cl\/portal\/wp-json\/wp\/v2\/categories?post=62835"},{"taxonomy":"post_tag","embeddable":true,"href":"https:\/\/eltrabajo.cl\/portal\/wp-json\/wp\/v2\/tags?post=62835"}],"curies":[{"name":"wp","href":"https:\/\/api.w.org\/{rel}","templated":true}]}}