{"id":62838,"date":"2015-10-13T09:38:35","date_gmt":"2015-10-13T12:38:35","guid":{"rendered":"http:\/\/www.eltrabajo.cl\/portal\/?p=62838"},"modified":"2015-10-13T09:38:35","modified_gmt":"2015-10-13T12:38:35","slug":"certifican-a-jardin-la-mazorquita-con-excelencia-medioambiental","status":"publish","type":"post","link":"https:\/\/eltrabajo.cl\/portal\/certifican-a-jardin-la-mazorquita-con-excelencia-medioambiental\/","title":{"rendered":"Certifican a jard\u00edn \u2018La Mazorquita\u2019 con Excelencia Medioambiental"},"content":{"rendered":"<figure id=\"attachment_62839\" aria-describedby=\"caption-attachment-62839\" style=\"width: 300px\" class=\"wp-caption alignleft\"><a href=\"https:\/\/i0.wp.com\/www.eltrabajo.cl\/portal\/wp-content\/uploads\/2015\/10\/Certificacion-jardin-Las-Mazorquitas.jpg\"><img data-recalc-dims=\"1\" loading=\"lazy\" decoding=\"async\" class=\"wp-image-62839 size-medium\" src=\"https:\/\/i0.wp.com\/www.eltrabajo.cl\/portal\/wp-content\/uploads\/2015\/10\/Certificacion-jardin-Las-Mazorquitas-300x198.jpg?resize=300%2C198\" alt=\"Con presentaciones art\u00edsticas, p\u00e1rvulos y educadoras del jard\u00edn infantil \u2018Las Mazorquitas\u2019 celebraron la obtenci\u00f3n de la certificaci\u00f3n de Excelencia Medioambiental.\" width=\"300\" height=\"198\" srcset=\"https:\/\/i0.wp.com\/eltrabajo.cl\/portal\/wp-content\/uploads\/2015\/10\/Certificacion-jardin-Las-Mazorquitas.jpg?resize=300%2C198&amp;ssl=1 300w, https:\/\/i0.wp.com\/eltrabajo.cl\/portal\/wp-content\/uploads\/2015\/10\/Certificacion-jardin-Las-Mazorquitas.jpg?resize=200%2C132&amp;ssl=1 200w, https:\/\/i0.wp.com\/eltrabajo.cl\/portal\/wp-content\/uploads\/2015\/10\/Certificacion-jardin-Las-Mazorquitas.jpg?resize=228%2C150&amp;ssl=1 228w, https:\/\/i0.wp.com\/eltrabajo.cl\/portal\/wp-content\/uploads\/2015\/10\/Certificacion-jardin-Las-Mazorquitas.jpg?resize=400%2C263&amp;ssl=1 400w, https:\/\/i0.wp.com\/eltrabajo.cl\/portal\/wp-content\/uploads\/2015\/10\/Certificacion-jardin-Las-Mazorquitas.jpg?w=530&amp;ssl=1 530w\" sizes=\"auto, (max-width: 300px) 100vw, 300px\" \/><\/a><figcaption id=\"caption-attachment-62839\" class=\"wp-caption-text\">Con presentaciones art\u00edsticas, p\u00e1rvulos y educadoras del jard\u00edn infantil \u2018Las Mazorquitas\u2019 celebraron la obtenci\u00f3n de la certificaci\u00f3n de Excelencia Medioambiental.<\/figcaption><\/figure>\n<p><strong>LLAY LLAY.<\/strong>&#8211; El equipo humano del jard\u00edn infantil \u2018La Mazorquita\u2019 del sector rural Santa Rosa celebr\u00f3 con una emotiva ceremonia, su nuevo logro: la certificaci\u00f3n ambiental con nivel excelencia que les otorg\u00f3 el Ministerio de Medioambiente.<br \/>\nLa directora del jard\u00edn infantil \u2018La Mazorquita\u2019, Alejandra Leiva Garc\u00eda manifest\u00f3 la importancia de este proceso, en que ganaron la certificaci\u00f3n para el periodo 2015-2018.<br \/>\nEl jard\u00edn infantil \u2018La Mazorquita\u2019, no solo est\u00e1 instalado en un entorno natural, el tema central de la decoraci\u00f3n del jard\u00edn es el reciclaje y la reutilizaci\u00f3n de elementos, con miras a una educaci\u00f3n sustentable y de conciencia medioambiental; hasta cuentan con su propio invernadero.<br \/>\nPara lograr la certificaci\u00f3n de calidad, el jard\u00edn infantil cumpli\u00f3 con algunos requisitos: implementaci\u00f3n de espacios educativos, operativos de limpieza, concientizaci\u00f3n de apoderados y la aplicaci\u00f3n de estas medidas: desenchufar los artefactos sin uso, termos para guardar el agua caliente, cerrar las llaves del agua, reciclar, imprimir por ambas caras y solo cuando sea necesario y apagar el monitor del computador al terminar de trabajar.<br \/>\nLa encargada de Medioambiente del jard\u00edn, Rosita Herrera estableci\u00f3 \u201cque fue un desaf\u00edo cuando emprendimos este trabajo, pero hemos avanzado en crear conciencia ambiental\u201d, un trabajo realizado en equipo y con la ayuda de apoderados comprometidos.<br \/>\nEl ambiente en que se desarroll\u00f3 la ceremonia, tuvo un marco de gran calidez humana y compa\u00f1erismo. Las educadoras dedicaron palabras de agradecimiento a la directora Leiva por \u201csu gran calidad humana, por acogerlas y apoyarlas\u201d a la vez reiteraron su compromiso de seguir contando con el apoyo de todas.<br \/>\nEn la oportunidad, tambi\u00e9n fueron premiadas las familias ganadoras del concurso de pintura y las familias que m\u00e1s cooperaci\u00f3n entregan al establecimiento.<br \/>\nMarianela Quevedo<\/p>\n","protected":false},"excerpt":{"rendered":"<p>LLAY LLAY.&#8211; El equipo humano del jard\u00edn infantil \u2018La Mazorquita\u2019 del sector rural Santa Rosa celebr\u00f3 con una emotiva ceremonia, su nuevo logro: la certificaci\u00f3n ambiental con nivel excelencia que les otorg\u00f3&#8230;<\/p>\n","protected":false},"author":482,"featured_media":62839,"comment_status":"open","ping_status":"open","sticky":false,"template":"","format":"standard","meta":{"advanced_seo_description":"","jetpack_seo_html_title":"","jetpack_seo_noindex":false,"_jetpack_memberships_contains_paid_content":false,"footnotes":""},"categories":[1],"tags":[],"class_list":["post-62838","post","type-post","status-publish","format-standard","has-post-thumbnail","hentry","category-cronica"],"jetpack_featured_media_url":"https:\/\/i0.wp.com\/eltrabajo.cl\/portal\/wp-content\/uploads\/2015\/10\/Certificacion-jardin-Las-Mazorquitas.jpg?fit=530%2C349&ssl=1","jetpack_sharing_enabled":true,"jetpack_likes_enabled":true,"jetpack-related-posts":[],"_links":{"self":[{"href":"https:\/\/eltrabajo.cl\/portal\/wp-json\/wp\/v2\/posts\/62838","targetHints":{"allow":["GET"]}}],"collection":[{"href":"https:\/\/eltrabajo.cl\/portal\/wp-json\/wp\/v2\/posts"}],"about":[{"href":"https:\/\/eltrabajo.cl\/portal\/wp-json\/wp\/v2\/types\/post"}],"author":[{"embeddable":true,"href":"https:\/\/eltrabajo.cl\/portal\/wp-json\/wp\/v2\/users\/482"}],"replies":[{"embeddable":true,"href":"https:\/\/eltrabajo.cl\/portal\/wp-json\/wp\/v2\/comments?post=62838"}],"version-history":[{"count":0,"href":"https:\/\/eltrabajo.cl\/portal\/wp-json\/wp\/v2\/posts\/62838\/revisions"}],"wp:featuredmedia":[{"embeddable":true,"href":"https:\/\/eltrabajo.cl\/portal\/wp-json\/wp\/v2\/media\/62839"}],"wp:attachment":[{"href":"https:\/\/eltrabajo.cl\/portal\/wp-json\/wp\/v2\/media?parent=62838"}],"wp:term":[{"taxonomy":"category","embeddable":true,"href":"https:\/\/eltrabajo.cl\/portal\/wp-json\/wp\/v2\/categories?post=62838"},{"taxonomy":"post_tag","embeddable":true,"href":"https:\/\/eltrabajo.cl\/portal\/wp-json\/wp\/v2\/tags?post=62838"}],"curies":[{"name":"wp","href":"https:\/\/api.w.org\/{rel}","templated":true}]}}