{"id":62841,"date":"2015-10-13T09:40:26","date_gmt":"2015-10-13T12:40:26","guid":{"rendered":"http:\/\/www.eltrabajo.cl\/portal\/?p=62841"},"modified":"2015-10-13T09:40:26","modified_gmt":"2015-10-13T12:40:26","slug":"descartan-contaminacion-del-rio-tras-descarrilamiento-de-tren-metalero","status":"publish","type":"post","link":"https:\/\/eltrabajo.cl\/portal\/descartan-contaminacion-del-rio-tras-descarrilamiento-de-tren-metalero\/","title":{"rendered":"Descartan contaminaci\u00f3n del r\u00edo tras descarrilamiento de tren metalero"},"content":{"rendered":"<figure id=\"attachment_62842\" aria-describedby=\"caption-attachment-62842\" style=\"width: 300px\" class=\"wp-caption alignleft\"><a href=\"https:\/\/i0.wp.com\/www.eltrabajo.cl\/portal\/wp-content\/uploads\/2015\/10\/descarrilar-8.jpg\"><img data-recalc-dims=\"1\" loading=\"lazy\" decoding=\"async\" class=\"wp-image-62842 size-medium\" src=\"https:\/\/i0.wp.com\/www.eltrabajo.cl\/portal\/wp-content\/uploads\/2015\/10\/descarrilar-8-300x198.jpg?resize=300%2C198\" alt=\"El accidente se produjo la madrugada del s\u00e1bado, cuando el tren metalero que transporta desechos desde Codelco Andina descarrill\u00f3, volcando uno de sus carros en la ladera del cerro quedando muy cerca del lecho del r\u00edo Aconcagua.\" width=\"300\" height=\"198\" srcset=\"https:\/\/i0.wp.com\/eltrabajo.cl\/portal\/wp-content\/uploads\/2015\/10\/descarrilar-8.jpg?resize=300%2C198&amp;ssl=1 300w, https:\/\/i0.wp.com\/eltrabajo.cl\/portal\/wp-content\/uploads\/2015\/10\/descarrilar-8.jpg?resize=200%2C132&amp;ssl=1 200w, https:\/\/i0.wp.com\/eltrabajo.cl\/portal\/wp-content\/uploads\/2015\/10\/descarrilar-8.jpg?resize=228%2C150&amp;ssl=1 228w, https:\/\/i0.wp.com\/eltrabajo.cl\/portal\/wp-content\/uploads\/2015\/10\/descarrilar-8.jpg?resize=400%2C263&amp;ssl=1 400w, https:\/\/i0.wp.com\/eltrabajo.cl\/portal\/wp-content\/uploads\/2015\/10\/descarrilar-8.jpg?w=530&amp;ssl=1 530w\" sizes=\"auto, (max-width: 300px) 100vw, 300px\" \/><\/a><figcaption id=\"caption-attachment-62842\" class=\"wp-caption-text\">El accidente se produjo la madrugada del s\u00e1bado, cuando el tren metalero que transporta desechos desde Codelco Andina descarrill\u00f3, volcando uno de sus carros en la ladera del cerro quedando muy cerca del lecho del r\u00edo Aconcagua.<\/figcaption><\/figure>\n<ul>\n<li><strong>Un carro cay\u00f3 por la ladera del cerro y volc\u00f3, vaciando su contenido de concentrado de cobre cerca del r\u00edo en el sector de Los Quilos.<\/strong><\/li>\n<\/ul>\n<p><strong>LOS ANDES.-<\/strong> Una grave situaci\u00f3n se produjo la madrugada del s\u00e1bado luego que el tren metalero que traslada concentrado de cobre desde la Divisi\u00f3n Andina descarrillara y uno de sus carros volcara en la ladera del cerro quedando muy cerca del lecho del r\u00edo Aconcagua.<br \/>\nLa emergencia se produjo a las 23:45 en un sector de la v\u00eda ubicado entre la central Los Quilos y Los Azules, cuando por causas que son investigadas, tres carros del convoy que se dirig\u00eda hacia Los Andes cargados con concentrado de cobre descarrilaron y uno de ellos volc\u00f3 por la ladera del cerro quedando a muy pocos metros del cauce de las aguas del r\u00edo.<br \/>\nA trav\u00e9s de un comunicado de prensa enviado por Fepasa se inform\u00f3 que no hubo personas afectadas a consecuencia del hecho, ni contaminaci\u00f3n del r\u00edo con el material transportado.<br \/>\nSeg\u00fan le empresa, de inmediato se activaron los protocolos de emergencia de la compa\u00f1\u00eda, accediendo al lugar personal t\u00e9cnico y de operaciones, los que se encuentran efectuando todas las faenas para la pronta restituci\u00f3n del tr\u00e1fico de trenes.<\/p>\n<figure id=\"attachment_62843\" aria-describedby=\"caption-attachment-62843\" style=\"width: 300px\" class=\"wp-caption alignright\"><a href=\"https:\/\/i0.wp.com\/www.eltrabajo.cl\/portal\/wp-content\/uploads\/2015\/10\/descarrilar4.jpg\"><img data-recalc-dims=\"1\" loading=\"lazy\" decoding=\"async\" class=\"wp-image-62843 size-medium\" src=\"https:\/\/i0.wp.com\/www.eltrabajo.cl\/portal\/wp-content\/uploads\/2015\/10\/descarrilar4-300x198.jpg?resize=300%2C198\" alt=\"El director Regional de DGA descart\u00f3 una eventual contaminaci\u00f3n del r\u00edo Aconcagua tres el accidente.\" width=\"300\" height=\"198\" srcset=\"https:\/\/i0.wp.com\/eltrabajo.cl\/portal\/wp-content\/uploads\/2015\/10\/descarrilar4.jpg?resize=300%2C198&amp;ssl=1 300w, https:\/\/i0.wp.com\/eltrabajo.cl\/portal\/wp-content\/uploads\/2015\/10\/descarrilar4.jpg?resize=200%2C132&amp;ssl=1 200w, https:\/\/i0.wp.com\/eltrabajo.cl\/portal\/wp-content\/uploads\/2015\/10\/descarrilar4.jpg?resize=228%2C150&amp;ssl=1 228w, https:\/\/i0.wp.com\/eltrabajo.cl\/portal\/wp-content\/uploads\/2015\/10\/descarrilar4.jpg?resize=400%2C263&amp;ssl=1 400w, https:\/\/i0.wp.com\/eltrabajo.cl\/portal\/wp-content\/uploads\/2015\/10\/descarrilar4.jpg?w=530&amp;ssl=1 530w\" sizes=\"auto, (max-width: 300px) 100vw, 300px\" \/><\/a><figcaption id=\"caption-attachment-62843\" class=\"wp-caption-text\">El director Regional de DGA descart\u00f3 una eventual contaminaci\u00f3n del r\u00edo Aconcagua tres el accidente.<\/figcaption><\/figure>\n<p>Asimismo, indica el comunicado, \u201cpersonal especializado est\u00e1 realizando todas las investigaciones necesarias para aclarar lo sucedido\u201d.<\/p>\n<p><strong>VERSION DE AUTORIDADES<\/strong><br \/>\nLuego de constituirse en el lugar del accidente, el Director Regional de la DGA, Gonzalo Pe\u00f1a descart\u00f3 una eventual contaminaci\u00f3n del r\u00edo Aconcagua tras el accidente.<br \/>\nEl personero precis\u00f3 que fue un carro con cuatro ollas el que volc\u00f3, esparciendo cerca de tres metros c\u00fabicos de material que no alcanzaron a llegar a las aguas del r\u00edo.<br \/>\n\u201cSe hizo el monitoreo y tanto la gente de Codelco como Fepasa deben ajustarse al protocolo y hacer las labores de limpieza del lugar para evitar una eventual contaminaci\u00f3n de las aguas del r\u00edo Aconcagua\u201d, afirm\u00f3 Pe\u00f1a.<br \/>\nAgreg\u00f3 que deb\u00eda ser limpiado de forma inmediata ante el anuncio de precipitaciones para hoy martes, para evitar que con el escurrimiento el material pueda llegar al cauce.<br \/>\nLa autoridad inform\u00f3 que se orden\u00f3 cerrar las compuertas que abastecen los diversos canales de regad\u00edo de la primera secci\u00f3n y se instruy\u00f3 a los regantes para que estuvieran alerta ante cualquier situaci\u00f3n extra\u00f1a y no ocupar el agua para riego.<\/p>\n","protected":false},"excerpt":{"rendered":"<p>Un carro cay\u00f3 por la ladera del cerro y volc\u00f3, vaciando su contenido de concentrado de cobre cerca del r\u00edo en el sector de Los Quilos. LOS ANDES.- Una grave situaci\u00f3n se&#8230;<\/p>\n","protected":false},"author":482,"featured_media":62842,"comment_status":"open","ping_status":"open","sticky":false,"template":"","format":"standard","meta":{"advanced_seo_description":"","jetpack_seo_html_title":"","jetpack_seo_noindex":false,"_jetpack_memberships_contains_paid_content":false,"footnotes":""},"categories":[1],"tags":[],"class_list":["post-62841","post","type-post","status-publish","format-standard","has-post-thumbnail","hentry","category-cronica"],"jetpack_featured_media_url":"https:\/\/i0.wp.com\/eltrabajo.cl\/portal\/wp-content\/uploads\/2015\/10\/descarrilar-8.jpg?fit=530%2C349&ssl=1","jetpack_sharing_enabled":true,"jetpack_likes_enabled":true,"jetpack-related-posts":[],"_links":{"self":[{"href":"https:\/\/eltrabajo.cl\/portal\/wp-json\/wp\/v2\/posts\/62841","targetHints":{"allow":["GET"]}}],"collection":[{"href":"https:\/\/eltrabajo.cl\/portal\/wp-json\/wp\/v2\/posts"}],"about":[{"href":"https:\/\/eltrabajo.cl\/portal\/wp-json\/wp\/v2\/types\/post"}],"author":[{"embeddable":true,"href":"https:\/\/eltrabajo.cl\/portal\/wp-json\/wp\/v2\/users\/482"}],"replies":[{"embeddable":true,"href":"https:\/\/eltrabajo.cl\/portal\/wp-json\/wp\/v2\/comments?post=62841"}],"version-history":[{"count":0,"href":"https:\/\/eltrabajo.cl\/portal\/wp-json\/wp\/v2\/posts\/62841\/revisions"}],"wp:featuredmedia":[{"embeddable":true,"href":"https:\/\/eltrabajo.cl\/portal\/wp-json\/wp\/v2\/media\/62842"}],"wp:attachment":[{"href":"https:\/\/eltrabajo.cl\/portal\/wp-json\/wp\/v2\/media?parent=62841"}],"wp:term":[{"taxonomy":"category","embeddable":true,"href":"https:\/\/eltrabajo.cl\/portal\/wp-json\/wp\/v2\/categories?post=62841"},{"taxonomy":"post_tag","embeddable":true,"href":"https:\/\/eltrabajo.cl\/portal\/wp-json\/wp\/v2\/tags?post=62841"}],"curies":[{"name":"wp","href":"https:\/\/api.w.org\/{rel}","templated":true}]}}