{"id":62845,"date":"2015-10-13T09:42:10","date_gmt":"2015-10-13T12:42:10","guid":{"rendered":"http:\/\/www.eltrabajo.cl\/portal\/?p=62845"},"modified":"2015-10-13T09:42:10","modified_gmt":"2015-10-13T12:42:10","slug":"una-treintena-de-participantes-provenientes-de-todo-el-pais-se-realizo-tercer-campeonato-nacional-de-escalada-en-san-felipe","status":"publish","type":"post","link":"https:\/\/eltrabajo.cl\/portal\/una-treintena-de-participantes-provenientes-de-todo-el-pais-se-realizo-tercer-campeonato-nacional-de-escalada-en-san-felipe\/","title":{"rendered":"Una treintena de participantes provenientes de todo el pa\u00eds se realiz\u00f3 Tercer Campeonato Nacional de Escalada en San Felipe"},"content":{"rendered":"<figure id=\"attachment_62846\" aria-describedby=\"caption-attachment-62846\" style=\"width: 300px\" class=\"wp-caption alignleft\"><a href=\"https:\/\/i0.wp.com\/www.eltrabajo.cl\/portal\/wp-content\/uploads\/2015\/10\/Escalada1.jpg\"><img data-recalc-dims=\"1\" loading=\"lazy\" decoding=\"async\" class=\"wp-image-62846 size-medium\" src=\"https:\/\/i0.wp.com\/www.eltrabajo.cl\/portal\/wp-content\/uploads\/2015\/10\/Escalada1-300x198.jpg?resize=300%2C198\" alt=\"Treinta competidores provenientes de Aconcagua y de distintos puntos del pa\u00eds, participaron del 3er Campeonato Nacional de Escalada Dry Tooling Newen, en San Felipe.\" width=\"300\" height=\"198\" srcset=\"https:\/\/i0.wp.com\/eltrabajo.cl\/portal\/wp-content\/uploads\/2015\/10\/Escalada1.jpg?resize=300%2C198&amp;ssl=1 300w, https:\/\/i0.wp.com\/eltrabajo.cl\/portal\/wp-content\/uploads\/2015\/10\/Escalada1.jpg?resize=200%2C132&amp;ssl=1 200w, https:\/\/i0.wp.com\/eltrabajo.cl\/portal\/wp-content\/uploads\/2015\/10\/Escalada1.jpg?resize=228%2C150&amp;ssl=1 228w, https:\/\/i0.wp.com\/eltrabajo.cl\/portal\/wp-content\/uploads\/2015\/10\/Escalada1.jpg?resize=400%2C263&amp;ssl=1 400w, https:\/\/i0.wp.com\/eltrabajo.cl\/portal\/wp-content\/uploads\/2015\/10\/Escalada1.jpg?w=530&amp;ssl=1 530w\" sizes=\"auto, (max-width: 300px) 100vw, 300px\" \/><\/a><figcaption id=\"caption-attachment-62846\" class=\"wp-caption-text\">Treinta competidores provenientes de Aconcagua y de distintos puntos del pa\u00eds, participaron del 3er Campeonato Nacional de Escalada Dry Tooling Newen, en San Felipe.<\/figcaption><\/figure>\n<p>Con la participaci\u00f3n de 30 competidores provenientes de Aconcagua y de distintos puntos del pa\u00eds, se realiz\u00f3 el s\u00e1bado en San Felipe el Tercer Campeonato Nacional de Escalada Dry Tooling Newen, organizado por el Departamento de Deportes de la municipalidad a trav\u00e9s de la Escuela de Escalada Newen, que dirige Abraham Navia.<br \/>\nLa actividad, convoc\u00f3 adem\u00e1s a una gran cantidad de p\u00fablico que lleg\u00f3 hasta el Consejo Local de Deportes para disfrutar del espect\u00e1culo deportivo, admirar la destreza de los participantes y adem\u00e1s, aprovechar las instancias de exposici\u00f3n de artesan\u00eda y evento cultural que se realiz\u00f3 al t\u00e9rmino de la jornada competitiva.<br \/>\nDurante la ma\u00f1ana y hasta pasadas las 17:00 horas, se realiz\u00f3 el campeonato propiamente tal, donde los ganadores fueron los siguientes: en la categor\u00eda avanzado hombres, el primer lugar lo obtuvo Alexis Rojas, segundo Andr\u00e9s Zamora, y tercer lugar Sebasti\u00e1n Herrera (Escuela Newen); categor\u00eda novicios hombres, el primer lugar lo obtuvo C\u00e9sar Vizi, el segundo Crist\u00f3bal Bizarri y el tercer puesto Diego Figueroa; en mujeres el primer lugar Anita Rivera (Escuela Newen), segundo lugar Loreto Monsalve (Escuela Newen) y tercer lugar para Anais Puig.<br \/>\nRespecto de la actividad, el director de la Escuela de Escalada, Abraham Navia, manifest\u00f3 que \u201cestamos felices de haber finalizado esta gran etapa, con mucho \u00e9xito, logramos llenar los cupos, porque el a\u00f1o pasado tuvimos 18 participantes y este a\u00f1o tuvimos 30 participantes, as\u00ed estamos contentos de estar motivando la escalada en el Valle de Aconcagua y particularmente en San Felipe\u201d.<br \/>\nAgreg\u00f3 que \u201ctuvimos competidores de diferentes lugares de Chile y se quedaron algunos premios en casa, lo que quiere decir que estamos trabajando bien, que los chicos est\u00e1n motivados y que est\u00e1n d\u00e1ndolo todo, disfrutando la escalada\u201d.<br \/>\nLa Escuela Newen es abierta a la comunidad y seg\u00fan dijo su director, esta es una instancia que tambi\u00e9n apuesta por la inclusi\u00f3n, lo que significa que existen instancias para el fomento de la escalada que permiten la incorporaci\u00f3n de ni\u00f1os y ni\u00f1as con capacidades diferentes.<br \/>\nEn ese mismo sentido, el encargado del Departamento de Deportes de la municipalidad, Danilo Pe\u00f1a, destac\u00f3 que \u201ceste es un trabajo en conjunto con el Club Newen y estamos contentos porque fue un campeonato lindo, entretenido, donde nos acompa\u00f1\u00f3 el buen tiempo, con mensajes a favor de los estilos de vida saludable y del cuidado del medio ambiente\u201d.<\/p>\n","protected":false},"excerpt":{"rendered":"<p>Con la participaci\u00f3n de 30 competidores provenientes de Aconcagua y de distintos puntos del pa\u00eds, se realiz\u00f3 el s\u00e1bado en San Felipe el Tercer Campeonato Nacional de Escalada Dry Tooling Newen, organizado&#8230;<\/p>\n","protected":false},"author":482,"featured_media":62846,"comment_status":"open","ping_status":"open","sticky":false,"template":"","format":"standard","meta":{"advanced_seo_description":"","jetpack_seo_html_title":"","jetpack_seo_noindex":false,"_jetpack_memberships_contains_paid_content":false,"footnotes":""},"categories":[1],"tags":[],"class_list":["post-62845","post","type-post","status-publish","format-standard","has-post-thumbnail","hentry","category-cronica"],"jetpack_featured_media_url":"https:\/\/i0.wp.com\/eltrabajo.cl\/portal\/wp-content\/uploads\/2015\/10\/Escalada1.jpg?fit=530%2C349&ssl=1","jetpack_sharing_enabled":true,"jetpack_likes_enabled":true,"jetpack-related-posts":[],"_links":{"self":[{"href":"https:\/\/eltrabajo.cl\/portal\/wp-json\/wp\/v2\/posts\/62845","targetHints":{"allow":["GET"]}}],"collection":[{"href":"https:\/\/eltrabajo.cl\/portal\/wp-json\/wp\/v2\/posts"}],"about":[{"href":"https:\/\/eltrabajo.cl\/portal\/wp-json\/wp\/v2\/types\/post"}],"author":[{"embeddable":true,"href":"https:\/\/eltrabajo.cl\/portal\/wp-json\/wp\/v2\/users\/482"}],"replies":[{"embeddable":true,"href":"https:\/\/eltrabajo.cl\/portal\/wp-json\/wp\/v2\/comments?post=62845"}],"version-history":[{"count":0,"href":"https:\/\/eltrabajo.cl\/portal\/wp-json\/wp\/v2\/posts\/62845\/revisions"}],"wp:featuredmedia":[{"embeddable":true,"href":"https:\/\/eltrabajo.cl\/portal\/wp-json\/wp\/v2\/media\/62846"}],"wp:attachment":[{"href":"https:\/\/eltrabajo.cl\/portal\/wp-json\/wp\/v2\/media?parent=62845"}],"wp:term":[{"taxonomy":"category","embeddable":true,"href":"https:\/\/eltrabajo.cl\/portal\/wp-json\/wp\/v2\/categories?post=62845"},{"taxonomy":"post_tag","embeddable":true,"href":"https:\/\/eltrabajo.cl\/portal\/wp-json\/wp\/v2\/tags?post=62845"}],"curies":[{"name":"wp","href":"https:\/\/api.w.org\/{rel}","templated":true}]}}