{"id":62849,"date":"2015-10-13T09:46:39","date_gmt":"2015-10-13T12:46:39","guid":{"rendered":"http:\/\/www.eltrabajo.cl\/portal\/?p=62849"},"modified":"2015-10-13T09:46:39","modified_gmt":"2015-10-13T12:46:39","slug":"vecinos-y-carabineros-capturan-a-puma-en-sector-san-francisco-de-curimon","status":"publish","type":"post","link":"https:\/\/eltrabajo.cl\/portal\/vecinos-y-carabineros-capturan-a-puma-en-sector-san-francisco-de-curimon\/","title":{"rendered":"Vecinos y Carabineros capturan a puma en sector San Francisco de Curim\u00f3n"},"content":{"rendered":"<figure id=\"attachment_62850\" aria-describedby=\"caption-attachment-62850\" style=\"width: 300px\" class=\"wp-caption alignleft\"><a href=\"https:\/\/i0.wp.com\/www.eltrabajo.cl\/portal\/wp-content\/uploads\/2015\/10\/puma-curimon-1%40corbatapixel.jpg\"><img data-recalc-dims=\"1\" loading=\"lazy\" decoding=\"async\" class=\"wp-image-62850 size-medium\" src=\"https:\/\/i0.wp.com\/www.eltrabajo.cl\/portal\/wp-content\/uploads\/2015\/10\/puma-curimon-1%40corbatapixel-300x198.jpg?resize=300%2C198\" alt=\"La presencia del puma caus\u00f3 bastante impacto en el sector San Francisco de Curim\u00f3n, en las cercan\u00edas del restaurante La Ruca. (Foto @corbatapixel).\" width=\"300\" height=\"198\" srcset=\"https:\/\/i0.wp.com\/eltrabajo.cl\/portal\/wp-content\/uploads\/2015\/10\/puma-curimon-1%40corbatapixel.jpg?resize=300%2C198&amp;ssl=1 300w, https:\/\/i0.wp.com\/eltrabajo.cl\/portal\/wp-content\/uploads\/2015\/10\/puma-curimon-1%40corbatapixel.jpg?resize=200%2C132&amp;ssl=1 200w, https:\/\/i0.wp.com\/eltrabajo.cl\/portal\/wp-content\/uploads\/2015\/10\/puma-curimon-1%40corbatapixel.jpg?resize=228%2C150&amp;ssl=1 228w, https:\/\/i0.wp.com\/eltrabajo.cl\/portal\/wp-content\/uploads\/2015\/10\/puma-curimon-1%40corbatapixel.jpg?resize=400%2C263&amp;ssl=1 400w, https:\/\/i0.wp.com\/eltrabajo.cl\/portal\/wp-content\/uploads\/2015\/10\/puma-curimon-1%40corbatapixel.jpg?w=530&amp;ssl=1 530w\" sizes=\"auto, (max-width: 300px) 100vw, 300px\" \/><\/a><figcaption id=\"caption-attachment-62850\" class=\"wp-caption-text\">La presencia del puma caus\u00f3 bastante impacto en el sector San Francisco de Curim\u00f3n, en las cercan\u00edas del restaurante La Ruca. (Foto @corbatapixel).<\/figcaption><\/figure>\n<p>Un ins\u00f3lito y peligroso acontecimiento se registr\u00f3 anoche en el sector de San Francisco de Curim\u00f3n, donde un grupo de vecinos junto a personal de Carabineros lograron capturar un puma cuya procedencia a\u00fan se est\u00e1 investigando.<br \/>\nEl hecho se registr\u00f3 anoche a eso de las 20,40 horas, cuando vecinos vieron alarmados como un puma se desplazaba por el sector de San Francisco, en plena carretera, despertando el justificado temor de la poblaci\u00f3n que de inmediato se organiz\u00f3 para intentar capturarlo, mientras se daba aviso a Carabineros del ret\u00e9n de dicho sector.<\/p>\n<figure id=\"attachment_62851\" aria-describedby=\"caption-attachment-62851\" style=\"width: 300px\" class=\"wp-caption alignright\"><a href=\"https:\/\/i0.wp.com\/www.eltrabajo.cl\/portal\/wp-content\/uploads\/2015\/10\/puma-curimon-2%40corbatapixel.jpg\"><img data-recalc-dims=\"1\" loading=\"lazy\" decoding=\"async\" class=\"wp-image-62851 size-medium\" src=\"https:\/\/i0.wp.com\/www.eltrabajo.cl\/portal\/wp-content\/uploads\/2015\/10\/puma-curimon-2%40corbatapixel-300x198.jpg?resize=300%2C198\" alt=\"La presencia del puma caus\u00f3 bastante impacto en el sector San Francisco de Curim\u00f3n, en las cercan\u00edas del restaurante La Ruca. (Foto @corbatapixel).\" width=\"300\" height=\"198\" srcset=\"https:\/\/i0.wp.com\/eltrabajo.cl\/portal\/wp-content\/uploads\/2015\/10\/puma-curimon-2%40corbatapixel.jpg?resize=300%2C198&amp;ssl=1 300w, https:\/\/i0.wp.com\/eltrabajo.cl\/portal\/wp-content\/uploads\/2015\/10\/puma-curimon-2%40corbatapixel.jpg?resize=200%2C132&amp;ssl=1 200w, https:\/\/i0.wp.com\/eltrabajo.cl\/portal\/wp-content\/uploads\/2015\/10\/puma-curimon-2%40corbatapixel.jpg?resize=228%2C150&amp;ssl=1 228w, https:\/\/i0.wp.com\/eltrabajo.cl\/portal\/wp-content\/uploads\/2015\/10\/puma-curimon-2%40corbatapixel.jpg?resize=400%2C263&amp;ssl=1 400w, https:\/\/i0.wp.com\/eltrabajo.cl\/portal\/wp-content\/uploads\/2015\/10\/puma-curimon-2%40corbatapixel.jpg?w=530&amp;ssl=1 530w\" sizes=\"auto, (max-width: 300px) 100vw, 300px\" \/><\/a><figcaption id=\"caption-attachment-62851\" class=\"wp-caption-text\">La presencia del puma caus\u00f3 bastante impacto en el sector San Francisco de Curim\u00f3n, en las cercan\u00edas del restaurante La Ruca. (Foto @corbatapixel).<\/figcaption><\/figure>\n<p>Luego de un rato de bastante expectaci\u00f3n, finalmente se logr\u00f3 la captura del peligroso felino, cuya procedencia de inmediato llam\u00f3 la atenci\u00f3n, circulando fuertemente el rumor de que se tratar\u00eda de un animal que estar\u00eda en cautiverio en alguna casa cercana a la v\u00eda.<br \/>\nSeg\u00fan se pudo conocer anoche al cierre de la presente edici\u00f3n, el puma fue capturado y puesto en una jaula, siendo derivado al ret\u00e9n de Curim\u00f3n donde se manten\u00eda a la espera de la llegada de un veterinario del SAG, esper\u00e1ndose poder determinar la procedencia del felino.<br \/>\nEl hecho caus\u00f3 principalmente susto en la poblaci\u00f3n, ya que no se registraron da\u00f1os o personas heridas, lo que reforzar\u00eda la tesis de que se trata de un animal en cautiverio antes que uno salvaje.<\/p>\n","protected":false},"excerpt":{"rendered":"<p>Un ins\u00f3lito y peligroso acontecimiento se registr\u00f3 anoche en el sector de San Francisco de Curim\u00f3n, donde un grupo de vecinos junto a personal de Carabineros lograron capturar un puma cuya procedencia&#8230;<\/p>\n","protected":false},"author":482,"featured_media":62850,"comment_status":"open","ping_status":"open","sticky":false,"template":"","format":"standard","meta":{"advanced_seo_description":"","jetpack_seo_html_title":"","jetpack_seo_noindex":false,"_jetpack_memberships_contains_paid_content":false,"footnotes":""},"categories":[21],"tags":[],"class_list":["post-62849","post","type-post","status-publish","format-standard","has-post-thumbnail","hentry","category-policial"],"jetpack_featured_media_url":"https:\/\/i0.wp.com\/eltrabajo.cl\/portal\/wp-content\/uploads\/2015\/10\/puma-curimon-1%40corbatapixel.jpg?fit=530%2C349&ssl=1","jetpack_sharing_enabled":true,"jetpack_likes_enabled":true,"jetpack-related-posts":[],"_links":{"self":[{"href":"https:\/\/eltrabajo.cl\/portal\/wp-json\/wp\/v2\/posts\/62849","targetHints":{"allow":["GET"]}}],"collection":[{"href":"https:\/\/eltrabajo.cl\/portal\/wp-json\/wp\/v2\/posts"}],"about":[{"href":"https:\/\/eltrabajo.cl\/portal\/wp-json\/wp\/v2\/types\/post"}],"author":[{"embeddable":true,"href":"https:\/\/eltrabajo.cl\/portal\/wp-json\/wp\/v2\/users\/482"}],"replies":[{"embeddable":true,"href":"https:\/\/eltrabajo.cl\/portal\/wp-json\/wp\/v2\/comments?post=62849"}],"version-history":[{"count":0,"href":"https:\/\/eltrabajo.cl\/portal\/wp-json\/wp\/v2\/posts\/62849\/revisions"}],"wp:featuredmedia":[{"embeddable":true,"href":"https:\/\/eltrabajo.cl\/portal\/wp-json\/wp\/v2\/media\/62850"}],"wp:attachment":[{"href":"https:\/\/eltrabajo.cl\/portal\/wp-json\/wp\/v2\/media?parent=62849"}],"wp:term":[{"taxonomy":"category","embeddable":true,"href":"https:\/\/eltrabajo.cl\/portal\/wp-json\/wp\/v2\/categories?post=62849"},{"taxonomy":"post_tag","embeddable":true,"href":"https:\/\/eltrabajo.cl\/portal\/wp-json\/wp\/v2\/tags?post=62849"}],"curies":[{"name":"wp","href":"https:\/\/api.w.org\/{rel}","templated":true}]}}