{"id":62856,"date":"2015-10-14T09:22:37","date_gmt":"2015-10-14T12:22:37","guid":{"rendered":"http:\/\/www.eltrabajo.cl\/portal\/?p=62856"},"modified":"2015-10-14T09:22:37","modified_gmt":"2015-10-14T12:22:37","slug":"con-excursiones-por-jahuel-realizan-taller-en-escuela-david-del-curto-de-santa-filomena","status":"publish","type":"post","link":"https:\/\/eltrabajo.cl\/portal\/con-excursiones-por-jahuel-realizan-taller-en-escuela-david-del-curto-de-santa-filomena\/","title":{"rendered":"Con excursiones por Jahuel realizan taller en Escuela David del Curto de Santa Filomena"},"content":{"rendered":"<figure id=\"attachment_62857\" aria-describedby=\"caption-attachment-62857\" style=\"width: 300px\" class=\"wp-caption alignleft\"><a href=\"https:\/\/i0.wp.com\/www.eltrabajo.cl\/portal\/wp-content\/uploads\/2015\/10\/Taller-Roberto-Mercado-1.jpg\"><img data-recalc-dims=\"1\" loading=\"lazy\" decoding=\"async\" class=\"wp-image-62857 size-medium\" src=\"https:\/\/i0.wp.com\/www.eltrabajo.cl\/portal\/wp-content\/uploads\/2015\/10\/Taller-Roberto-Mercado-1-300x198.jpg?resize=300%2C198\" alt=\"\u00c1vidos de conocimiento, estudiantes de la Escuela David del Curto de Santa Filomena participan de excursiones con el investigador Roberto Mercado.\" width=\"300\" height=\"198\" srcset=\"https:\/\/i0.wp.com\/eltrabajo.cl\/portal\/wp-content\/uploads\/2015\/10\/Taller-Roberto-Mercado-1.jpg?resize=300%2C198&amp;ssl=1 300w, https:\/\/i0.wp.com\/eltrabajo.cl\/portal\/wp-content\/uploads\/2015\/10\/Taller-Roberto-Mercado-1.jpg?resize=200%2C132&amp;ssl=1 200w, https:\/\/i0.wp.com\/eltrabajo.cl\/portal\/wp-content\/uploads\/2015\/10\/Taller-Roberto-Mercado-1.jpg?resize=227%2C150&amp;ssl=1 227w, https:\/\/i0.wp.com\/eltrabajo.cl\/portal\/wp-content\/uploads\/2015\/10\/Taller-Roberto-Mercado-1.jpg?resize=400%2C264&amp;ssl=1 400w, https:\/\/i0.wp.com\/eltrabajo.cl\/portal\/wp-content\/uploads\/2015\/10\/Taller-Roberto-Mercado-1.jpg?w=530&amp;ssl=1 530w\" sizes=\"auto, (max-width: 300px) 100vw, 300px\" \/><\/a><figcaption id=\"caption-attachment-62857\" class=\"wp-caption-text\">\u00c1vidos de conocimiento, estudiantes de la Escuela David del Curto de Santa Filomena participan de excursiones con el investigador Roberto Mercado.<\/figcaption><\/figure>\n<p><strong>SANTA MAR\u00cdA.<\/strong>&#8211; La escuela David del Curto de Santa Filomena en Jahuel, pertenece al sistema municipal de educaci\u00f3n y se emplaza en un sector rodeado de paisajes bellos y patrimonio natural y cultural. Para efectos de potenciar esta ventaja comparativa y que los alumnos puedan aprender y valorar a\u00fan m\u00e1s su entorno, la directora Yessica Meza decidi\u00f3 llevar a cabo un taller impartido por el investigador y conocido comunicador Roberto Mercado Aced, cuyo nombre es \u2018Madre Tierra y Padre Sol\u2019. El objetivo del taller es darle un enfoque nuevo a experiencias emp\u00edricas de valorizaci\u00f3n y aprendizaje del entorno, sacando ventaja a la condici\u00f3n de escuela rural. Seg\u00fan Roberto Mercado, el sentir que los alumnos aprendan conceptos como las teor\u00edas de la evoluci\u00f3n, la creaci\u00f3n del universo y conozcan sitios arqueol\u00f3gicos locales es algo que hace del taller un \u00e9xito.<br \/>\n\u00abImpartir este taller aqu\u00ed en Santa Filomena, para mi es s\u00faper grato, porque me encanta ver a estos ni\u00f1os rurales y algunos de la ciudad, que est\u00e9n manejando conceptos como las teor\u00edas de la evoluci\u00f3n, hablando del Australopitecos, del Homo Erectus, del Homo Sapiens, el que hablen del Big Bang, que est\u00e9n hablando de las galaxias primordiales, que sepan conceptos que est\u00e1n en punta en la ciencia de hoy en d\u00eda. Y se les pueda transmitir a ellos de forma alegre, din\u00e1mica, conversando, paseando y que los est\u00e9n manejando, porque yo me he dado cuenta que lo han aprendido y eso es sumamente importante. Tanto los ni\u00f1os de 3\u00ba y 4\u00ba como los ya j\u00f3venes de 5\u00ba y 6\u00ba han aprendido estos conceptos y los manejan y los tienen como tema de conversaci\u00f3n y esto hace para m\u00ed que el taller haya tenido y un tremendo \u00e9xito\u00bb, expres\u00f3 el investigador.<br \/>\nCabe destacar que el taller se lleva a cabo con clases te\u00f3ricas en las aulas, y tambi\u00e9n se hace saliendo a caminar en entornos naturales donde se les somete a preguntas sobre los temas ense\u00f1ados, con penitencias de ejercicios f\u00edsicos para las respuestas err\u00f3neas.<br \/>\nNancy Gallardo Ahumada, profesora jefe de 3\u00ba y 4\u00ba b\u00e1sico, dijo estar muy contenta con el taller impartido y que se ajusta al enfoque pedag\u00f3gico que pretende la escuela: \u00abNosotros queremos fortalecer nuestro sello que es el tema de la ruralidad y es importante que los ni\u00f1os aprendan conociendo su entorno principalmente. Porque son muchos los ni\u00f1os que viven aqu\u00ed en Santa Filomena o Jahuel sin embargo no conocen el patrimonio cultural que ellos tienen en el mismo sector donde ellos viven\u00bb.<br \/>\nEl taller que finaliza el 30 de Octubre tiene a ni\u00f1os comunes hablando sobre teor\u00edas avanzadas y disfrutando en excursiones en todo Jahuel.<\/p>\n","protected":false},"excerpt":{"rendered":"<p>SANTA MAR\u00cdA.&#8211; La escuela David del Curto de Santa Filomena en Jahuel, pertenece al sistema municipal de educaci\u00f3n y se emplaza en un sector rodeado de paisajes bellos y patrimonio natural y&#8230;<\/p>\n","protected":false},"author":482,"featured_media":62857,"comment_status":"open","ping_status":"open","sticky":false,"template":"","format":"standard","meta":{"advanced_seo_description":"","jetpack_seo_html_title":"","jetpack_seo_noindex":false,"_jetpack_memberships_contains_paid_content":false,"footnotes":""},"categories":[15],"tags":[],"class_list":["post-62856","post","type-post","status-publish","format-standard","has-post-thumbnail","hentry","category-comunidad"],"jetpack_featured_media_url":"https:\/\/i0.wp.com\/eltrabajo.cl\/portal\/wp-content\/uploads\/2015\/10\/Taller-Roberto-Mercado-1.jpg?fit=530%2C350&ssl=1","jetpack_sharing_enabled":true,"jetpack_likes_enabled":true,"jetpack-related-posts":[],"_links":{"self":[{"href":"https:\/\/eltrabajo.cl\/portal\/wp-json\/wp\/v2\/posts\/62856","targetHints":{"allow":["GET"]}}],"collection":[{"href":"https:\/\/eltrabajo.cl\/portal\/wp-json\/wp\/v2\/posts"}],"about":[{"href":"https:\/\/eltrabajo.cl\/portal\/wp-json\/wp\/v2\/types\/post"}],"author":[{"embeddable":true,"href":"https:\/\/eltrabajo.cl\/portal\/wp-json\/wp\/v2\/users\/482"}],"replies":[{"embeddable":true,"href":"https:\/\/eltrabajo.cl\/portal\/wp-json\/wp\/v2\/comments?post=62856"}],"version-history":[{"count":0,"href":"https:\/\/eltrabajo.cl\/portal\/wp-json\/wp\/v2\/posts\/62856\/revisions"}],"wp:featuredmedia":[{"embeddable":true,"href":"https:\/\/eltrabajo.cl\/portal\/wp-json\/wp\/v2\/media\/62857"}],"wp:attachment":[{"href":"https:\/\/eltrabajo.cl\/portal\/wp-json\/wp\/v2\/media?parent=62856"}],"wp:term":[{"taxonomy":"category","embeddable":true,"href":"https:\/\/eltrabajo.cl\/portal\/wp-json\/wp\/v2\/categories?post=62856"},{"taxonomy":"post_tag","embeddable":true,"href":"https:\/\/eltrabajo.cl\/portal\/wp-json\/wp\/v2\/tags?post=62856"}],"curies":[{"name":"wp","href":"https:\/\/api.w.org\/{rel}","templated":true}]}}