{"id":62859,"date":"2015-10-14T09:24:00","date_gmt":"2015-10-14T12:24:00","guid":{"rendered":"http:\/\/www.eltrabajo.cl\/portal\/?p=62859"},"modified":"2015-10-14T09:24:00","modified_gmt":"2015-10-14T12:24:00","slug":"concejo-municipal-solicitara-a-codelco-informe-con-las-causas-que-ocasionaron-el-descarrilamiento-del-tren-metalero","status":"publish","type":"post","link":"https:\/\/eltrabajo.cl\/portal\/concejo-municipal-solicitara-a-codelco-informe-con-las-causas-que-ocasionaron-el-descarrilamiento-del-tren-metalero\/","title":{"rendered":"Concejo municipal solicitar\u00e1 a Codelco informe con las causas que ocasionaron el descarrilamiento del tren metalero"},"content":{"rendered":"<figure id=\"attachment_62860\" aria-describedby=\"caption-attachment-62860\" style=\"width: 300px\" class=\"wp-caption alignleft\"><a href=\"https:\/\/i0.wp.com\/www.eltrabajo.cl\/portal\/wp-content\/uploads\/2015\/10\/Alcalde-Mauricio-Navarro.jpg\"><img data-recalc-dims=\"1\" loading=\"lazy\" decoding=\"async\" class=\"wp-image-62860 size-medium\" src=\"https:\/\/i0.wp.com\/www.eltrabajo.cl\/portal\/wp-content\/uploads\/2015\/10\/Alcalde-Mauricio-Navarro-300x198.jpg?resize=300%2C198\" alt=\"Mauricio Navarro, alcalde de Los Andes.\" width=\"300\" height=\"198\" srcset=\"https:\/\/i0.wp.com\/eltrabajo.cl\/portal\/wp-content\/uploads\/2015\/10\/Alcalde-Mauricio-Navarro.jpg?resize=300%2C198&amp;ssl=1 300w, https:\/\/i0.wp.com\/eltrabajo.cl\/portal\/wp-content\/uploads\/2015\/10\/Alcalde-Mauricio-Navarro.jpg?resize=200%2C132&amp;ssl=1 200w, https:\/\/i0.wp.com\/eltrabajo.cl\/portal\/wp-content\/uploads\/2015\/10\/Alcalde-Mauricio-Navarro.jpg?resize=228%2C150&amp;ssl=1 228w, https:\/\/i0.wp.com\/eltrabajo.cl\/portal\/wp-content\/uploads\/2015\/10\/Alcalde-Mauricio-Navarro.jpg?resize=400%2C263&amp;ssl=1 400w, https:\/\/i0.wp.com\/eltrabajo.cl\/portal\/wp-content\/uploads\/2015\/10\/Alcalde-Mauricio-Navarro.jpg?w=530&amp;ssl=1 530w\" sizes=\"auto, (max-width: 300px) 100vw, 300px\" \/><\/a><figcaption id=\"caption-attachment-62860\" class=\"wp-caption-text\">Mauricio Navarro, alcalde de Los Andes.<\/figcaption><\/figure>\n<ul>\n<li><strong>Adem\u00e1s se recibi\u00f3 confirmaci\u00f3n por parte de la DGA y Sernageomin en cuanto vigilar el actuar de la empresa para evitar el escurrimiento de material al r\u00edo.<\/strong><\/li>\n<\/ul>\n<p><strong>LOS ANDES.<\/strong>&#8211; El concejo municipal de Los Andes solicitar\u00e1 un informe a Codelco a fin de conocer las razones que provocaron el descarrilamiento del tren metalero la noche del pasado viernes y que gener\u00f3 una alerta ambiental ante la eventualidad que concentrado de cobre cayera a las aguas del r\u00edo Aconcagua.<br \/>\nEn tal sentido, el alcalde Mauricio Navarro indic\u00f3 que la idea es aclarar por qu\u00e9 se produjo esta situaci\u00f3n y evitar que se vuelva a repetir por el riesgo medioambiental que ello implica.<br \/>\n\u201cHabr\u00e1 que evaluar seg\u00fan las causas que se determinen qu\u00e9 provoc\u00f3 este accidente si se inicia alg\u00fan tipo de acci\u00f3n legal y ello depender\u00e1 de las consecuencias que pueda tener. Nosotros aspiramos a que el trabajo que desarrolla Andina y la fiscalizaci\u00f3n que ejecuta la DGA y Sernageomin podamos evitar que este concentrado pueda llegar al r\u00edo, aun cuando sea en m\u00ednimas cantidades\u201d, expres\u00f3 el alcalde.<br \/>\nEn tal sentido, Navarro destac\u00f3 la preocupaci\u00f3n de la unidad de sustentabilidad de Codelco en cuanto a informar de la situaci\u00f3n y desarrollar acciones tendientes a evitar que el concentrado de cobre cayera a las aguas y despejar el sector antes de la llegada de las precipitaciones.<\/p>\n","protected":false},"excerpt":{"rendered":"<p>Adem\u00e1s se recibi\u00f3 confirmaci\u00f3n por parte de la DGA y Sernageomin en cuanto vigilar el actuar de la empresa para evitar el escurrimiento de material al r\u00edo. LOS ANDES.&#8211; El concejo municipal&#8230;<\/p>\n","protected":false},"author":482,"featured_media":62860,"comment_status":"open","ping_status":"open","sticky":false,"template":"","format":"standard","meta":{"advanced_seo_description":"","jetpack_seo_html_title":"","jetpack_seo_noindex":false,"_jetpack_memberships_contains_paid_content":false,"footnotes":""},"categories":[15],"tags":[],"class_list":["post-62859","post","type-post","status-publish","format-standard","has-post-thumbnail","hentry","category-comunidad"],"jetpack_featured_media_url":"https:\/\/i0.wp.com\/eltrabajo.cl\/portal\/wp-content\/uploads\/2015\/10\/Alcalde-Mauricio-Navarro.jpg?fit=530%2C349&ssl=1","jetpack_sharing_enabled":true,"jetpack_likes_enabled":true,"jetpack-related-posts":[],"_links":{"self":[{"href":"https:\/\/eltrabajo.cl\/portal\/wp-json\/wp\/v2\/posts\/62859","targetHints":{"allow":["GET"]}}],"collection":[{"href":"https:\/\/eltrabajo.cl\/portal\/wp-json\/wp\/v2\/posts"}],"about":[{"href":"https:\/\/eltrabajo.cl\/portal\/wp-json\/wp\/v2\/types\/post"}],"author":[{"embeddable":true,"href":"https:\/\/eltrabajo.cl\/portal\/wp-json\/wp\/v2\/users\/482"}],"replies":[{"embeddable":true,"href":"https:\/\/eltrabajo.cl\/portal\/wp-json\/wp\/v2\/comments?post=62859"}],"version-history":[{"count":0,"href":"https:\/\/eltrabajo.cl\/portal\/wp-json\/wp\/v2\/posts\/62859\/revisions"}],"wp:featuredmedia":[{"embeddable":true,"href":"https:\/\/eltrabajo.cl\/portal\/wp-json\/wp\/v2\/media\/62860"}],"wp:attachment":[{"href":"https:\/\/eltrabajo.cl\/portal\/wp-json\/wp\/v2\/media?parent=62859"}],"wp:term":[{"taxonomy":"category","embeddable":true,"href":"https:\/\/eltrabajo.cl\/portal\/wp-json\/wp\/v2\/categories?post=62859"},{"taxonomy":"post_tag","embeddable":true,"href":"https:\/\/eltrabajo.cl\/portal\/wp-json\/wp\/v2\/tags?post=62859"}],"curies":[{"name":"wp","href":"https:\/\/api.w.org\/{rel}","templated":true}]}}