{"id":62862,"date":"2015-10-14T09:25:17","date_gmt":"2015-10-14T12:25:17","guid":{"rendered":"http:\/\/www.eltrabajo.cl\/portal\/?p=62862"},"modified":"2015-10-14T09:25:17","modified_gmt":"2015-10-14T12:25:17","slug":"autoridades-proponen-tres-nuevas-zonas-para-instalacion-de-semaforos","status":"publish","type":"post","link":"https:\/\/eltrabajo.cl\/portal\/autoridades-proponen-tres-nuevas-zonas-para-instalacion-de-semaforos\/","title":{"rendered":"Autoridades proponen tres nuevas zonas para instalaci\u00f3n de sem\u00e1foros"},"content":{"rendered":"<figure id=\"attachment_62863\" aria-describedby=\"caption-attachment-62863\" style=\"width: 300px\" class=\"wp-caption alignleft\"><a href=\"https:\/\/i0.wp.com\/www.eltrabajo.cl\/portal\/wp-content\/uploads\/2015\/10\/Semaforo-Nuevo-1.jpg\"><img data-recalc-dims=\"1\" loading=\"lazy\" decoding=\"async\" class=\"wp-image-62863 size-medium\" src=\"https:\/\/i0.wp.com\/www.eltrabajo.cl\/portal\/wp-content\/uploads\/2015\/10\/Semaforo-Nuevo-1-300x197.jpg?resize=300%2C197\" alt=\"Uno de los sectores beneficiados por la instalaci\u00f3n de sem\u00e1foros podr\u00eda ser la intersecci\u00f3n de Av. Argentina con Santa Teresa.\" width=\"300\" height=\"197\" srcset=\"https:\/\/i0.wp.com\/eltrabajo.cl\/portal\/wp-content\/uploads\/2015\/10\/Semaforo-Nuevo-1.jpg?resize=300%2C197&amp;ssl=1 300w, https:\/\/i0.wp.com\/eltrabajo.cl\/portal\/wp-content\/uploads\/2015\/10\/Semaforo-Nuevo-1.jpg?resize=200%2C131&amp;ssl=1 200w, https:\/\/i0.wp.com\/eltrabajo.cl\/portal\/wp-content\/uploads\/2015\/10\/Semaforo-Nuevo-1.jpg?resize=228%2C150&amp;ssl=1 228w, https:\/\/i0.wp.com\/eltrabajo.cl\/portal\/wp-content\/uploads\/2015\/10\/Semaforo-Nuevo-1.jpg?resize=400%2C263&amp;ssl=1 400w, https:\/\/i0.wp.com\/eltrabajo.cl\/portal\/wp-content\/uploads\/2015\/10\/Semaforo-Nuevo-1.jpg?w=530&amp;ssl=1 530w\" sizes=\"auto, (max-width: 300px) 100vw, 300px\" \/><\/a><figcaption id=\"caption-attachment-62863\" class=\"wp-caption-text\">Uno de los sectores beneficiados por la instalaci\u00f3n de sem\u00e1foros podr\u00eda ser la intersecci\u00f3n de Av. Argentina con Santa Teresa.<\/figcaption><\/figure>\n<ul>\n<li><strong>Una de ellas es la rotonda Carlos D\u00edaz y otra la salida de la villa El Mirador. Estar\u00edan instalados en 2016.<\/strong><\/li>\n<\/ul>\n<p><strong>LOS ANDES.<\/strong>&#8211; Tres nuevas zonas de semaforizaci\u00f3n podr\u00edan instalarse en la ciudad de Los Andes de acuerdo a una propuesta presentada por la Municipalidad de Los Andes al Ministerio de Transportes y Telecomunicaciones, quien a trav\u00e9s de su unidad operativa de control de tr\u00e1nsito deber\u00e1 llevar adelante una evaluaci\u00f3n t\u00e9cnica.<br \/>\nAs\u00ed lo anunci\u00f3 el alcalde Mauricio Navarro, quien se\u00f1al\u00f3 que ya tom\u00f3 contacto con el Ministro de Transportes, \u201cy existe el compromiso de instalar tres nuevos equipos de sem\u00e1foros en Los Andes, dentro del programa de semaforizaci\u00f3n en la Regi\u00f3n de Valpara\u00edso del ministerio de Transportes y Telecomunicaciones\u201d.<br \/>\nEstas nuevas zonas corresponden a avenida Hermanos Clark con avenida El Mirador, rotonda Carlos D\u00edaz y en Santa Teresa con Per\u00fa, lugares que podr\u00edan contar con estos equipos en 2016.<br \/>\n\u201cHemos recibido requerimientos de la comunidad, automovilistas y de las juntas de vecinos y por eso hemos efectuado una solicitud formal al ministerio y a la UOCT para efectos de evaluar la factibilidad de instalaci\u00f3n de sem\u00e1foros\u201d, expres\u00f3 Navarro.<br \/>\nAgreg\u00f3 que espera que estas gestiones puedan producir resultados y que para el 2016 ya se pueda comenzar con el proceso de instalaci\u00f3n en estos tres puntos.<br \/>\nRespecto a la inversi\u00f3n para el proyecto, el edil afirm\u00f3 que se har\u00e1 conforme al estudio, \u201cpero esto ser\u00e1 financiado directamente por el Ministerio de Transportes y Telecomunicaciones. Lo que hacemos nosotros, a trav\u00e9s de la UOCT, es determinar la necesidad y que efectivamente la instalaci\u00f3n de estos sem\u00e1foros constituyan la soluci\u00f3n adecuada para el problema vial que se presenta en cada sector\u201d.<br \/>\nPuntualiz\u00f3 que aparte de estos tres sectores existen \u201cveinti\u00fan puntos indicados con este requerimiento, sin embargo hemos priorizado estos tres porque nos han solicitado insistentemente\u201d.<\/p>\n","protected":false},"excerpt":{"rendered":"<p>Una de ellas es la rotonda Carlos D\u00edaz y otra la salida de la villa El Mirador. Estar\u00edan instalados en 2016. LOS ANDES.&#8211; Tres nuevas zonas de semaforizaci\u00f3n podr\u00edan instalarse en la&#8230;<\/p>\n","protected":false},"author":482,"featured_media":62863,"comment_status":"open","ping_status":"open","sticky":false,"template":"","format":"standard","meta":{"advanced_seo_description":"","jetpack_seo_html_title":"","jetpack_seo_noindex":false,"_jetpack_memberships_contains_paid_content":false,"footnotes":""},"categories":[15],"tags":[],"class_list":["post-62862","post","type-post","status-publish","format-standard","has-post-thumbnail","hentry","category-comunidad"],"jetpack_featured_media_url":"https:\/\/i0.wp.com\/eltrabajo.cl\/portal\/wp-content\/uploads\/2015\/10\/Semaforo-Nuevo-1.jpg?fit=530%2C348&ssl=1","jetpack_sharing_enabled":true,"jetpack_likes_enabled":true,"jetpack-related-posts":[],"_links":{"self":[{"href":"https:\/\/eltrabajo.cl\/portal\/wp-json\/wp\/v2\/posts\/62862","targetHints":{"allow":["GET"]}}],"collection":[{"href":"https:\/\/eltrabajo.cl\/portal\/wp-json\/wp\/v2\/posts"}],"about":[{"href":"https:\/\/eltrabajo.cl\/portal\/wp-json\/wp\/v2\/types\/post"}],"author":[{"embeddable":true,"href":"https:\/\/eltrabajo.cl\/portal\/wp-json\/wp\/v2\/users\/482"}],"replies":[{"embeddable":true,"href":"https:\/\/eltrabajo.cl\/portal\/wp-json\/wp\/v2\/comments?post=62862"}],"version-history":[{"count":0,"href":"https:\/\/eltrabajo.cl\/portal\/wp-json\/wp\/v2\/posts\/62862\/revisions"}],"wp:featuredmedia":[{"embeddable":true,"href":"https:\/\/eltrabajo.cl\/portal\/wp-json\/wp\/v2\/media\/62863"}],"wp:attachment":[{"href":"https:\/\/eltrabajo.cl\/portal\/wp-json\/wp\/v2\/media?parent=62862"}],"wp:term":[{"taxonomy":"category","embeddable":true,"href":"https:\/\/eltrabajo.cl\/portal\/wp-json\/wp\/v2\/categories?post=62862"},{"taxonomy":"post_tag","embeddable":true,"href":"https:\/\/eltrabajo.cl\/portal\/wp-json\/wp\/v2\/tags?post=62862"}],"curies":[{"name":"wp","href":"https:\/\/api.w.org\/{rel}","templated":true}]}}