{"id":62865,"date":"2015-10-14T09:26:38","date_gmt":"2015-10-14T12:26:38","guid":{"rendered":"http:\/\/www.eltrabajo.cl\/portal\/?p=62865"},"modified":"2015-10-14T09:26:38","modified_gmt":"2015-10-14T12:26:38","slug":"estudiantes-panquehuinos-participaron-de-charla-sobre-responsabilidad-penal-adolescente","status":"publish","type":"post","link":"https:\/\/eltrabajo.cl\/portal\/estudiantes-panquehuinos-participaron-de-charla-sobre-responsabilidad-penal-adolescente\/","title":{"rendered":"Estudiantes panquehuinos participaron de charla sobre responsabilidad penal adolescente"},"content":{"rendered":"<figure id=\"attachment_62866\" aria-describedby=\"caption-attachment-62866\" style=\"width: 300px\" class=\"wp-caption alignleft\"><a href=\"https:\/\/i0.wp.com\/www.eltrabajo.cl\/portal\/wp-content\/uploads\/2015\/10\/Charla-responsabilidad-penal-panquehue.jpg\"><img data-recalc-dims=\"1\" loading=\"lazy\" decoding=\"async\" class=\"wp-image-62866 size-medium\" src=\"https:\/\/i0.wp.com\/www.eltrabajo.cl\/portal\/wp-content\/uploads\/2015\/10\/Charla-responsabilidad-penal-panquehue-300x198.jpg?resize=300%2C198\" alt=\"La jornada cont\u00f3 con la presentaci\u00f3n de una obra de teatro llamada \u2018RPA - Rebeld\u00eda \u2013 Privilegios \u2013 Anarquia\u2019, a cargo de la compa\u00f1\u00eda Laclaqueteatro.\" width=\"300\" height=\"198\" srcset=\"https:\/\/i0.wp.com\/eltrabajo.cl\/portal\/wp-content\/uploads\/2015\/10\/Charla-responsabilidad-penal-panquehue.jpg?resize=300%2C198&amp;ssl=1 300w, https:\/\/i0.wp.com\/eltrabajo.cl\/portal\/wp-content\/uploads\/2015\/10\/Charla-responsabilidad-penal-panquehue.jpg?resize=200%2C132&amp;ssl=1 200w, https:\/\/i0.wp.com\/eltrabajo.cl\/portal\/wp-content\/uploads\/2015\/10\/Charla-responsabilidad-penal-panquehue.jpg?resize=228%2C150&amp;ssl=1 228w, https:\/\/i0.wp.com\/eltrabajo.cl\/portal\/wp-content\/uploads\/2015\/10\/Charla-responsabilidad-penal-panquehue.jpg?resize=400%2C263&amp;ssl=1 400w, https:\/\/i0.wp.com\/eltrabajo.cl\/portal\/wp-content\/uploads\/2015\/10\/Charla-responsabilidad-penal-panquehue.jpg?w=530&amp;ssl=1 530w\" sizes=\"auto, (max-width: 300px) 100vw, 300px\" \/><\/a><figcaption id=\"caption-attachment-62866\" class=\"wp-caption-text\">La jornada cont\u00f3 con la presentaci\u00f3n de una obra de teatro llamada \u2018RPA &#8211; Rebeld\u00eda \u2013 Privilegios \u2013 Anarquia\u2019, a cargo de la compa\u00f1\u00eda Laclaqueteatro.<\/figcaption><\/figure>\n<p><strong>PANQUEHUE<\/strong>.- Una jornada orientada en exponer la responsabilidad penal adolescente se realiz\u00f3 a alumnos del colegio Panquehue, actividad que permiti\u00f3 un dialogo sobre las tem\u00e1ticas de inter\u00e9s de los j\u00f3venes.<br \/>\nLa presentaci\u00f3n, que fuera organizada entre la Direcci\u00f3n del Colegio Panquehue y el Poder Judicial, permiti\u00f3 contar con la presencia del Ministro de la Corte de Apelaciones de Valpara\u00edso, Pablo Dropppelmann, adem\u00e1s de las jueces de los Tribunales Garant\u00eda Rocio Oscariz y de Familia Margarita Ram\u00edrez, quienes junto al alcalde Luis Pradenas, interactuaron con la comunidad educativa.<br \/>\nTras la presentaci\u00f3n de una obra de teatro llamada \u2018RPA &#8211; Rebeld\u00eda \u2013 Privilegios \u2013 Anarquia\u2019, a cargo de la compa\u00f1\u00eda Laclaqueteatro, se dio paso a una ronda de preguntas, que fueron respondidas por los magistrados.<br \/>\nPara el Director del Colegio Panquehue, Eduardo Caneo, fue una instancia donde los alumnos conocieron sus derechos y la responsabilidad de sus actos ante la ley.<br \/>\nPara el Ministro de la Corte de Apelaciones de Valpara\u00edso, Pablo Droppelmann, es muy importante que los j\u00f3venes tengan conocimiento de sus derechos y sus responsabilidades ante la ley.<br \/>\n\u201c Me pareci\u00f3 una jornada muy interesante, porque se not\u00f3 que los j\u00f3venes estuvieron atentos a lo que se expuso en la obra de teatro y los mas importante es que la entendieron bien, por lo mismo hicieron preguntas que est\u00e1n relacionados con el tema que quisimos presentar como poder judicial.<br \/>\nNosotros lo que hacemos es tratar de comunicar a los j\u00f3venes, que existe una responsabilidad penal siendo menor adolecente, que no se pueden cometer delitos de manera impune y por lo mismo tratamos de hacerles presentes una serie de casos, a trav\u00e9s de una obra teatral y que tras tomar conocimiento, tomen las medidas al respecto\u201d.<br \/>\nPara el alcalde Luis Pradenas, fue una jornada muy efectiva, porque los alumnos del colegio Panquehue, junto con presenciar la obra de teatro, hicieron preguntas atingentes y eso deja de manifiesto su inter\u00e9s por las cosas.<br \/>\n\u201cFue una jornada que me deja muy conforme por el hecho de poder entregar una serie de conocimientos a los alumnos de la comuna, sobre la responsabilidad penal adolecente. Eso para m\u00ed es un reflejo que estamos haciendo bien nuestras cosas y apoyando a los j\u00f3venes en lo que sea necesario\u201d.<\/p>\n","protected":false},"excerpt":{"rendered":"<p>PANQUEHUE.- Una jornada orientada en exponer la responsabilidad penal adolescente se realiz\u00f3 a alumnos del colegio Panquehue, actividad que permiti\u00f3 un dialogo sobre las tem\u00e1ticas de inter\u00e9s de los j\u00f3venes. La presentaci\u00f3n,&#8230;<\/p>\n","protected":false},"author":482,"featured_media":62866,"comment_status":"open","ping_status":"open","sticky":false,"template":"","format":"standard","meta":{"advanced_seo_description":"","jetpack_seo_html_title":"","jetpack_seo_noindex":false,"_jetpack_memberships_contains_paid_content":false,"footnotes":""},"categories":[15],"tags":[],"class_list":["post-62865","post","type-post","status-publish","format-standard","has-post-thumbnail","hentry","category-comunidad"],"jetpack_featured_media_url":"https:\/\/i0.wp.com\/eltrabajo.cl\/portal\/wp-content\/uploads\/2015\/10\/Charla-responsabilidad-penal-panquehue.jpg?fit=530%2C349&ssl=1","jetpack_sharing_enabled":true,"jetpack_likes_enabled":true,"jetpack-related-posts":[],"_links":{"self":[{"href":"https:\/\/eltrabajo.cl\/portal\/wp-json\/wp\/v2\/posts\/62865","targetHints":{"allow":["GET"]}}],"collection":[{"href":"https:\/\/eltrabajo.cl\/portal\/wp-json\/wp\/v2\/posts"}],"about":[{"href":"https:\/\/eltrabajo.cl\/portal\/wp-json\/wp\/v2\/types\/post"}],"author":[{"embeddable":true,"href":"https:\/\/eltrabajo.cl\/portal\/wp-json\/wp\/v2\/users\/482"}],"replies":[{"embeddable":true,"href":"https:\/\/eltrabajo.cl\/portal\/wp-json\/wp\/v2\/comments?post=62865"}],"version-history":[{"count":0,"href":"https:\/\/eltrabajo.cl\/portal\/wp-json\/wp\/v2\/posts\/62865\/revisions"}],"wp:featuredmedia":[{"embeddable":true,"href":"https:\/\/eltrabajo.cl\/portal\/wp-json\/wp\/v2\/media\/62866"}],"wp:attachment":[{"href":"https:\/\/eltrabajo.cl\/portal\/wp-json\/wp\/v2\/media?parent=62865"}],"wp:term":[{"taxonomy":"category","embeddable":true,"href":"https:\/\/eltrabajo.cl\/portal\/wp-json\/wp\/v2\/categories?post=62865"},{"taxonomy":"post_tag","embeddable":true,"href":"https:\/\/eltrabajo.cl\/portal\/wp-json\/wp\/v2\/tags?post=62865"}],"curies":[{"name":"wp","href":"https:\/\/api.w.org\/{rel}","templated":true}]}}