{"id":62868,"date":"2015-10-14T09:30:14","date_gmt":"2015-10-14T12:30:14","guid":{"rendered":"http:\/\/www.eltrabajo.cl\/portal\/?p=62868"},"modified":"2015-10-14T09:30:14","modified_gmt":"2015-10-14T12:30:14","slug":"culmina-en-llay-llay-festival-internacional-los-ninos-de-america-bailan-en-chile","status":"publish","type":"post","link":"https:\/\/eltrabajo.cl\/portal\/culmina-en-llay-llay-festival-internacional-los-ninos-de-america-bailan-en-chile\/","title":{"rendered":"Culmina en Llay Llay Festival Internacional \u2018Los ni\u00f1os de Am\u00e9rica bailan en Chile\u2019"},"content":{"rendered":"<figure id=\"attachment_62869\" aria-describedby=\"caption-attachment-62869\" style=\"width: 300px\" class=\"wp-caption alignleft\"><a href=\"https:\/\/i0.wp.com\/www.eltrabajo.cl\/portal\/wp-content\/uploads\/2015\/10\/TROPICo.jpg\"><img data-recalc-dims=\"1\" loading=\"lazy\" decoding=\"async\" class=\"wp-image-62869 size-medium\" src=\"https:\/\/i0.wp.com\/www.eltrabajo.cl\/portal\/wp-content\/uploads\/2015\/10\/TROPICo-300x198.jpg?resize=300%2C198\" alt=\"Durante el s\u00e1bado se realiz\u00f3 el cierre del Festival Internacional \u2018Los ni\u00f1os de Am\u00e9rica bailan en Chile\u2019 en el Teatro de Llay Llay.\" width=\"300\" height=\"198\" srcset=\"https:\/\/i0.wp.com\/eltrabajo.cl\/portal\/wp-content\/uploads\/2015\/10\/TROPICo.jpg?resize=300%2C198&amp;ssl=1 300w, https:\/\/i0.wp.com\/eltrabajo.cl\/portal\/wp-content\/uploads\/2015\/10\/TROPICo.jpg?resize=200%2C132&amp;ssl=1 200w, https:\/\/i0.wp.com\/eltrabajo.cl\/portal\/wp-content\/uploads\/2015\/10\/TROPICo.jpg?resize=228%2C150&amp;ssl=1 228w, https:\/\/i0.wp.com\/eltrabajo.cl\/portal\/wp-content\/uploads\/2015\/10\/TROPICo.jpg?resize=400%2C263&amp;ssl=1 400w, https:\/\/i0.wp.com\/eltrabajo.cl\/portal\/wp-content\/uploads\/2015\/10\/TROPICo.jpg?w=530&amp;ssl=1 530w\" sizes=\"auto, (max-width: 300px) 100vw, 300px\" \/><\/a><figcaption id=\"caption-attachment-62869\" class=\"wp-caption-text\">Durante el s\u00e1bado se realiz\u00f3 el cierre del Festival Internacional \u2018Los ni\u00f1os de Am\u00e9rica bailan en Chile\u2019 en el Teatro de Llay Llay.<\/figcaption><\/figure>\n<p><strong>LLAY LLAY.<\/strong>&#8211; Una colorida presentaci\u00f3n tuvo la clausura del Festival \u2018Los ni\u00f1os de Am\u00e9rica bailan en Chile\u2019. La sede de la actividad, fue el Cine Teatro Municipal de Llay Llay.<br \/>\nLa tarde del pasado domingo 11 de octubre, casi no cab\u00eda un alfiler en el lugar. El cari\u00f1o y aprecio del p\u00fablico, por los peque\u00f1os grandes artistas, bien merecido, puro talento.<br \/>\nEl colombiano C\u00e9sar Monroy, presidente fundador de la Red Mundial Festivales en Pareja junto a Plataforma 33\u00b0 70\u00b0 de Chile y la fundaci\u00f3n Cultura en L\u00ednea son los organizadores del Festival, que en 2015.<\/p>\n<figure id=\"attachment_62870\" aria-describedby=\"caption-attachment-62870\" style=\"width: 300px\" class=\"wp-caption alignright\"><a href=\"https:\/\/i0.wp.com\/www.eltrabajo.cl\/portal\/wp-content\/uploads\/2015\/10\/NINOS.jpg\"><img data-recalc-dims=\"1\" loading=\"lazy\" decoding=\"async\" class=\"wp-image-62870 size-medium\" src=\"https:\/\/i0.wp.com\/www.eltrabajo.cl\/portal\/wp-content\/uploads\/2015\/10\/NINOS-300x198.jpg?resize=300%2C198\" alt=\"La actividad cont\u00f3 con presentaciones de cumbias, cuecas, corridos y bailes pascuenses \" width=\"300\" height=\"198\" srcset=\"https:\/\/i0.wp.com\/eltrabajo.cl\/portal\/wp-content\/uploads\/2015\/10\/NINOS.jpg?resize=300%2C198&amp;ssl=1 300w, https:\/\/i0.wp.com\/eltrabajo.cl\/portal\/wp-content\/uploads\/2015\/10\/NINOS.jpg?resize=200%2C132&amp;ssl=1 200w, https:\/\/i0.wp.com\/eltrabajo.cl\/portal\/wp-content\/uploads\/2015\/10\/NINOS.jpg?resize=228%2C150&amp;ssl=1 228w, https:\/\/i0.wp.com\/eltrabajo.cl\/portal\/wp-content\/uploads\/2015\/10\/NINOS.jpg?resize=400%2C263&amp;ssl=1 400w, https:\/\/i0.wp.com\/eltrabajo.cl\/portal\/wp-content\/uploads\/2015\/10\/NINOS.jpg?w=530&amp;ssl=1 530w\" sizes=\"auto, (max-width: 300px) 100vw, 300px\" \/><\/a><figcaption id=\"caption-attachment-62870\" class=\"wp-caption-text\">La actividad cont\u00f3 con presentaciones de cumbias, cuecas, corridos y bailes pascuenses<\/figcaption><\/figure>\n<p>\u201cDesde hace quince a\u00f1os, lo realizamos en un pa\u00eds diferente\u201d, dijo C\u00e9sar Monroy, destacando la gran acogida que tuvo la idea de realizar la clausura del Festival por Municipalidad de Llay Llay, \u201cagradecemos al se\u00f1or alcalde, don Mario Marillanca, por potenciar la Cultura en la ciudad\u201d, concluy\u00f3, el productor.<br \/>\nEl Festival \u2018Los ni\u00f1os de Am\u00e9rica Bailan en Chile\u2019 tuvo una agenda itinerante, entre el 6 al 11 de octubre, bastante apretada. Una calendarizaci\u00f3n que incluy\u00f3 presentaciones durante el 6, 7 y 8 de octubre; en la comuna de La Pintana, en Santiago. El mismo jueves 8 del mes en curso, en Quilpue y San Bernardo; el viernes 9, en Pe\u00f1alol\u00e9n; el s\u00e1bado 10 en San Bernardo, para concluir con la magn\u00edfica puesta en escena en el Teatro de Llay Llay.<br \/>\nLos pa\u00edses que deleitaron a la masiva concurrencia, provienen de Colombia, M\u00e9xico, Panam\u00e1, Per\u00fa, Chile y Paraguay.<br \/>\nEn la ocasi\u00f3n, los concejales Patricio Dur\u00e1n y Edgardo Gonz\u00e1lez, entregaron presentes a las distintas delegaciones.<br \/>\nCumbias, cuecas, corridos, marineras, huaynos, pascuences; fueron ejecutados por ni\u00f1os y ni\u00f1as, \u201cSin imitar a los adultos, con sello de ni\u00f1o\u201d, como fue el lema del Festival. Un espect\u00e1culo, que sin duda, quedar\u00e1 grabado en la retina de los presentes.<br \/>\n<strong>Marianela Quevedo<\/strong><\/p>\n","protected":false},"excerpt":{"rendered":"<p>LLAY LLAY.&#8211; Una colorida presentaci\u00f3n tuvo la clausura del Festival \u2018Los ni\u00f1os de Am\u00e9rica bailan en Chile\u2019. La sede de la actividad, fue el Cine Teatro Municipal de Llay Llay. La tarde&#8230;<\/p>\n","protected":false},"author":482,"featured_media":62869,"comment_status":"open","ping_status":"open","sticky":false,"template":"","format":"standard","meta":{"advanced_seo_description":"","jetpack_seo_html_title":"","jetpack_seo_noindex":false,"_jetpack_memberships_contains_paid_content":false,"footnotes":""},"categories":[15],"tags":[],"class_list":["post-62868","post","type-post","status-publish","format-standard","has-post-thumbnail","hentry","category-comunidad"],"jetpack_featured_media_url":"https:\/\/i0.wp.com\/eltrabajo.cl\/portal\/wp-content\/uploads\/2015\/10\/TROPICo.jpg?fit=530%2C349&ssl=1","jetpack_sharing_enabled":true,"jetpack_likes_enabled":true,"jetpack-related-posts":[],"_links":{"self":[{"href":"https:\/\/eltrabajo.cl\/portal\/wp-json\/wp\/v2\/posts\/62868","targetHints":{"allow":["GET"]}}],"collection":[{"href":"https:\/\/eltrabajo.cl\/portal\/wp-json\/wp\/v2\/posts"}],"about":[{"href":"https:\/\/eltrabajo.cl\/portal\/wp-json\/wp\/v2\/types\/post"}],"author":[{"embeddable":true,"href":"https:\/\/eltrabajo.cl\/portal\/wp-json\/wp\/v2\/users\/482"}],"replies":[{"embeddable":true,"href":"https:\/\/eltrabajo.cl\/portal\/wp-json\/wp\/v2\/comments?post=62868"}],"version-history":[{"count":0,"href":"https:\/\/eltrabajo.cl\/portal\/wp-json\/wp\/v2\/posts\/62868\/revisions"}],"wp:featuredmedia":[{"embeddable":true,"href":"https:\/\/eltrabajo.cl\/portal\/wp-json\/wp\/v2\/media\/62869"}],"wp:attachment":[{"href":"https:\/\/eltrabajo.cl\/portal\/wp-json\/wp\/v2\/media?parent=62868"}],"wp:term":[{"taxonomy":"category","embeddable":true,"href":"https:\/\/eltrabajo.cl\/portal\/wp-json\/wp\/v2\/categories?post=62868"},{"taxonomy":"post_tag","embeddable":true,"href":"https:\/\/eltrabajo.cl\/portal\/wp-json\/wp\/v2\/tags?post=62868"}],"curies":[{"name":"wp","href":"https:\/\/api.w.org\/{rel}","templated":true}]}}