{"id":62873,"date":"2015-10-14T09:31:29","date_gmt":"2015-10-14T12:31:29","guid":{"rendered":"http:\/\/www.eltrabajo.cl\/portal\/?p=62873"},"modified":"2015-10-14T09:31:29","modified_gmt":"2015-10-14T12:31:29","slug":"realizan-capacitacion-sobre-uso-de-equipos-de-ordena","status":"publish","type":"post","link":"https:\/\/eltrabajo.cl\/portal\/realizan-capacitacion-sobre-uso-de-equipos-de-ordena\/","title":{"rendered":"Realizan capacitaci\u00f3n sobre uso de equipos de orde\u00f1a"},"content":{"rendered":"<figure id=\"attachment_62874\" aria-describedby=\"caption-attachment-62874\" style=\"width: 300px\" class=\"wp-caption alignleft\"><a href=\"https:\/\/i0.wp.com\/www.eltrabajo.cl\/portal\/wp-content\/uploads\/2015\/10\/Charla-prodesal-llay-llay-1.jpg\"><img data-recalc-dims=\"1\" loading=\"lazy\" decoding=\"async\" class=\"wp-image-62874 size-medium\" src=\"https:\/\/i0.wp.com\/www.eltrabajo.cl\/portal\/wp-content\/uploads\/2015\/10\/Charla-prodesal-llay-llay-1-300x199.jpg?resize=300%2C199\" alt=\"El taller realizado por Prodesal, busc\u00f3 capacitar a los usuarios para que puedan realizar mantenciones, limpieza y sanitizaci\u00f3n de estas maquinarias.\" width=\"300\" height=\"199\" srcset=\"https:\/\/i0.wp.com\/eltrabajo.cl\/portal\/wp-content\/uploads\/2015\/10\/Charla-prodesal-llay-llay-1.jpg?resize=300%2C199&amp;ssl=1 300w, https:\/\/i0.wp.com\/eltrabajo.cl\/portal\/wp-content\/uploads\/2015\/10\/Charla-prodesal-llay-llay-1.jpg?resize=200%2C133&amp;ssl=1 200w, https:\/\/i0.wp.com\/eltrabajo.cl\/portal\/wp-content\/uploads\/2015\/10\/Charla-prodesal-llay-llay-1.jpg?resize=226%2C150&amp;ssl=1 226w, https:\/\/i0.wp.com\/eltrabajo.cl\/portal\/wp-content\/uploads\/2015\/10\/Charla-prodesal-llay-llay-1.jpg?resize=400%2C265&amp;ssl=1 400w, https:\/\/i0.wp.com\/eltrabajo.cl\/portal\/wp-content\/uploads\/2015\/10\/Charla-prodesal-llay-llay-1.jpg?w=528&amp;ssl=1 528w\" sizes=\"auto, (max-width: 300px) 100vw, 300px\" \/><\/a><figcaption id=\"caption-attachment-62874\" class=\"wp-caption-text\">El taller realizado por Prodesal, busc\u00f3 capacitar a los usuarios para que puedan realizar mantenciones, limpieza y sanitizaci\u00f3n de estas maquinarias.<\/figcaption><\/figure>\n<p><strong>LLAY LLAY.<\/strong>&#8211; Usuarios del rubro pecuario del Programa Prodesal recibieron capacitaci\u00f3n en el uso correcto de los equipos de orde\u00f1a. C\u00f3mo realizar mantenciones, limpieza y sanitizaci\u00f3n de la nueva tecnolog\u00eda con que cuentan desde 2013, fueron las tem\u00e1ticas tratadas en la charla-taller que entreg\u00f3 el equipo Prodesal que funciona en convenio INDAP-Municipalidad de Llay Llay.<br \/>\n\u201cEntregamos un prot\u00f3colo est\u00e1ndar para realizar este proceso\u201d, explic\u00f3 Guillermo V\u00e1squez, jefe t\u00e9cnico de la l\u00ednea Agr\u00edcola de Prodesal.<br \/>\nLa actividad se realiz\u00f3 en el sector de Las Palmas y fue dividida en dos partes, la primera entreg\u00f3 diferentes conocimientos te\u00f3ricos, y en la segunda, la empresa especializada realiz\u00f3 una demostraci\u00f3n pr\u00e1ctica de c\u00f3mo realizar el proceso de limpieza de los equipos de orde\u00f1a.<br \/>\nEl rubro ganadero vive un buen momento: m\u00e1s del 30 % de los usuarios Prodesal en esta l\u00ednea, cuentan con equipos tecnol\u00f3gicos para orde\u00f1a. Lo anterior, gracias a proyectos de Incentivo de Fomento Productivo (IFP) de Indap. Una pol\u00edtica que viene implementando, desde 2013, el Instituto de Desarrollo Agropecuario a trav\u00e9s de Prodesal, para mejorar la eficiencia, higiene y productividad de los procesos de orde\u00f1a.<br \/>\n<strong>Marianela Quevedo<\/strong><\/p>\n","protected":false},"excerpt":{"rendered":"<p>LLAY LLAY.&#8211; Usuarios del rubro pecuario del Programa Prodesal recibieron capacitaci\u00f3n en el uso correcto de los equipos de orde\u00f1a. C\u00f3mo realizar mantenciones, limpieza y sanitizaci\u00f3n de la nueva tecnolog\u00eda con que&#8230;<\/p>\n","protected":false},"author":482,"featured_media":62874,"comment_status":"open","ping_status":"open","sticky":false,"template":"","format":"standard","meta":{"advanced_seo_description":"","jetpack_seo_html_title":"","jetpack_seo_noindex":false,"_jetpack_memberships_contains_paid_content":false,"footnotes":""},"categories":[15],"tags":[],"class_list":["post-62873","post","type-post","status-publish","format-standard","has-post-thumbnail","hentry","category-comunidad"],"jetpack_featured_media_url":"https:\/\/i0.wp.com\/eltrabajo.cl\/portal\/wp-content\/uploads\/2015\/10\/Charla-prodesal-llay-llay-1.jpg?fit=528%2C350&ssl=1","jetpack_sharing_enabled":true,"jetpack_likes_enabled":true,"jetpack-related-posts":[],"_links":{"self":[{"href":"https:\/\/eltrabajo.cl\/portal\/wp-json\/wp\/v2\/posts\/62873","targetHints":{"allow":["GET"]}}],"collection":[{"href":"https:\/\/eltrabajo.cl\/portal\/wp-json\/wp\/v2\/posts"}],"about":[{"href":"https:\/\/eltrabajo.cl\/portal\/wp-json\/wp\/v2\/types\/post"}],"author":[{"embeddable":true,"href":"https:\/\/eltrabajo.cl\/portal\/wp-json\/wp\/v2\/users\/482"}],"replies":[{"embeddable":true,"href":"https:\/\/eltrabajo.cl\/portal\/wp-json\/wp\/v2\/comments?post=62873"}],"version-history":[{"count":0,"href":"https:\/\/eltrabajo.cl\/portal\/wp-json\/wp\/v2\/posts\/62873\/revisions"}],"wp:featuredmedia":[{"embeddable":true,"href":"https:\/\/eltrabajo.cl\/portal\/wp-json\/wp\/v2\/media\/62874"}],"wp:attachment":[{"href":"https:\/\/eltrabajo.cl\/portal\/wp-json\/wp\/v2\/media?parent=62873"}],"wp:term":[{"taxonomy":"category","embeddable":true,"href":"https:\/\/eltrabajo.cl\/portal\/wp-json\/wp\/v2\/categories?post=62873"},{"taxonomy":"post_tag","embeddable":true,"href":"https:\/\/eltrabajo.cl\/portal\/wp-json\/wp\/v2\/tags?post=62873"}],"curies":[{"name":"wp","href":"https:\/\/api.w.org\/{rel}","templated":true}]}}