{"id":62879,"date":"2015-10-14T09:35:08","date_gmt":"2015-10-14T12:35:08","guid":{"rendered":"http:\/\/www.eltrabajo.cl\/portal\/?p=62879"},"modified":"2015-10-14T09:35:08","modified_gmt":"2015-10-14T12:35:08","slug":"sercotec-entrega-mas-de-80-millones-a-ferias-y-mercados-de-la-provincia","status":"publish","type":"post","link":"https:\/\/eltrabajo.cl\/portal\/sercotec-entrega-mas-de-80-millones-a-ferias-y-mercados-de-la-provincia\/","title":{"rendered":"Sercotec entrega m\u00e1s de $80 millones a ferias y mercados de la Provincia"},"content":{"rendered":"<figure id=\"attachment_62880\" aria-describedby=\"caption-attachment-62880\" style=\"width: 300px\" class=\"wp-caption alignleft\"><a href=\"https:\/\/i0.wp.com\/www.eltrabajo.cl\/portal\/wp-content\/uploads\/2015\/10\/entrega-recursos.jpg\"><img data-recalc-dims=\"1\" loading=\"lazy\" decoding=\"async\" class=\"wp-image-62880 size-medium\" src=\"https:\/\/i0.wp.com\/www.eltrabajo.cl\/portal\/wp-content\/uploads\/2015\/10\/entrega-recursos-300x198.jpg?resize=300%2C198\" alt=\"Dirigentes de feriantes de la provincia y diversas autoridades participaron de la entrega de fondos gracias al Programa de Modernizaci\u00f3n de Ferias Libres.\" width=\"300\" height=\"198\" srcset=\"https:\/\/i0.wp.com\/eltrabajo.cl\/portal\/wp-content\/uploads\/2015\/10\/entrega-recursos.jpg?resize=300%2C198&amp;ssl=1 300w, https:\/\/i0.wp.com\/eltrabajo.cl\/portal\/wp-content\/uploads\/2015\/10\/entrega-recursos.jpg?resize=200%2C132&amp;ssl=1 200w, https:\/\/i0.wp.com\/eltrabajo.cl\/portal\/wp-content\/uploads\/2015\/10\/entrega-recursos.jpg?resize=228%2C150&amp;ssl=1 228w, https:\/\/i0.wp.com\/eltrabajo.cl\/portal\/wp-content\/uploads\/2015\/10\/entrega-recursos.jpg?resize=400%2C263&amp;ssl=1 400w, https:\/\/i0.wp.com\/eltrabajo.cl\/portal\/wp-content\/uploads\/2015\/10\/entrega-recursos.jpg?w=530&amp;ssl=1 530w\" sizes=\"auto, (max-width: 300px) 100vw, 300px\" \/><\/a><figcaption id=\"caption-attachment-62880\" class=\"wp-caption-text\">Dirigentes de feriantes de la provincia y diversas autoridades participaron de la entrega de fondos gracias al Programa de Modernizaci\u00f3n de Ferias Libres.<\/figcaption><\/figure>\n<ul>\n<li><strong>Dirigentes de los feriantes agradecieron el f\u00e9rreo respaldo que les ha entregado el alcalde Patricio Freire para avanzar hacia la modernizaci\u00f3n y fortalecimiento de su actividad.<\/strong><\/li>\n<\/ul>\n<p>Las Asociaciones Feria Mayorista y Feria Central Agr\u00edcola, ambas de la comuna de San Felipe, fueron dos de las cinco en la provincia de San Felipe, que se adjudicaron recursos del Programa de Modernizaci\u00f3n de Ferias Libres, que impulsa Sercotec y que recibieron un fuerte respaldo municipal a trav\u00e9s del \u00e1rea de fomento productivo.<br \/>\nFue en el marco de un desayuno donde participaron representantes y directivos de cada una de las entidades favorecidas, autoridades encabezadas por el director regional de Sercotec V\u00edctor Hugo Fern\u00e1ndez, el gobernador Eduardo Le\u00f3n y el alcalde de San Felipe, Patricio Freire, concretaron la entrega de los cheques correspondientes a los recursos adjudicados por las organizaciones que postularon proyectos de fortalecimiento, a esta l\u00ednea de financiamiento que impulsa el Servicio de Cooperaci\u00f3n T\u00e9cnica.<br \/>\nFueron cinco las ferias y mercados de la provincia de San Felipe que resultaron favorecidas, adjudic\u00e1ndose en total 87 millones de pesos, que les permitir\u00e1n realizar mejoras estructurales, tecnol\u00f3gicas y de capacitaci\u00f3n, para el mejoramiento de su actividad comercial en condici\u00f3n asociativa.<br \/>\nEl director regional, V\u00edctor Hugo Fern\u00e1ndez, resalt\u00f3 que este programa es de suma relevancia en la medida que responde a una necesidad sentida de las agrupaciones de feriantes, que requieren de respaldo para fortalecer su actividad.<br \/>\nEn el caso de las asociaciones de la comuna de San Felipe, Fern\u00e1ndez resalt\u00f3 el trabajo asociativo entre Sercotec, la Gobernaci\u00f3n, la dirigencia de los feriantes de ambas asociaciones y el municipio, destacando en este sentido el rol del \u00e1rea de fomento productivo, que ha realizado un trabajo de acompa\u00f1amiento y asesor\u00eda relevante.<br \/>\n\u201cEstamos entregando en forma concreta los subsidios que suman 88 millones para cinco ferias de la provincia y eso nos pone muy contentos, porque la Presidenta en su primer mandato cre\u00f3 este programa para darle dignidad a estos esforzados emprendedores\u201d, se\u00f1al\u00f3.<br \/>\nA\u00f1adi\u00f3 que \u201cen San Felipe estamos realizando un trabajo a largo plazo, que iniciamos el a\u00f1o pasado con el cambio de luminarias y ahora el mejoramiento del piso del estacionamiento, donde el municipio ha efectuado una labor muy importante, en la medida que participa activamente y acompa\u00f1a a las asociaciones de microempresarios\u201d.<br \/>\nA su vez, el alcalde Patricio Freire manifest\u00f3 \u201cestamos muy satisfechos porque este trabajo que realizamos con los feriantes, est\u00e1 dando sus frutos y estamos viendo que los sue\u00f1os de Afema y de la Feria Central se cumplen gracias al respaldo que tenemos de Sercotec\u201d.<br \/>\nEnzo Harris, presidente de la Feria Central Agr\u00edcola de San Felipe, explic\u00f3 que los fondos que se adjudicaron, se enmarcan en el segundo proyecto que aprueba el Sercotec. En este plano, agradeci\u00f3 al municipio y Sercotec por el trabajo que han realizado, destacando que los recursos adjudicados les permitir\u00e1n pavimentar el sector de estacionamientos de la feria.<br \/>\n\u201cLos asociados de estas dos ferias estamos muy contentos y felices, porque estamos dando pasos importantes. Por eso le agradecemos al alcalde, al gobernador y al director de Sercotec, podemos ver que obtenemos estos fondos. Hemos visto un progreso enorme en San Felipe y lo que es mejor, en nuestra Feria, nunca tuvimos un apoyo, pero ahora vemos que eso est\u00e1 pasando\u201d.<br \/>\nFinalmente, el gobernador Eduardo Le\u00f3n rescat\u00f3 el trabajo asociativo, que ha logrado la comuni\u00f3n necesaria para mejorar las ferias, en este caso de las comunas de San Felipe, Llay Llay y Catemu.<\/p>\n","protected":false},"excerpt":{"rendered":"<p>Dirigentes de los feriantes agradecieron el f\u00e9rreo respaldo que les ha entregado el alcalde Patricio Freire para avanzar hacia la modernizaci\u00f3n y fortalecimiento de su actividad. Las Asociaciones Feria Mayorista y Feria&#8230;<\/p>\n","protected":false},"author":482,"featured_media":62880,"comment_status":"open","ping_status":"open","sticky":false,"template":"","format":"standard","meta":{"advanced_seo_description":"","jetpack_seo_html_title":"","jetpack_seo_noindex":false,"_jetpack_memberships_contains_paid_content":false,"footnotes":""},"categories":[1],"tags":[],"class_list":["post-62879","post","type-post","status-publish","format-standard","has-post-thumbnail","hentry","category-cronica"],"jetpack_featured_media_url":"https:\/\/i0.wp.com\/eltrabajo.cl\/portal\/wp-content\/uploads\/2015\/10\/entrega-recursos.jpg?fit=530%2C349&ssl=1","jetpack_sharing_enabled":true,"jetpack_likes_enabled":true,"jetpack-related-posts":[],"_links":{"self":[{"href":"https:\/\/eltrabajo.cl\/portal\/wp-json\/wp\/v2\/posts\/62879","targetHints":{"allow":["GET"]}}],"collection":[{"href":"https:\/\/eltrabajo.cl\/portal\/wp-json\/wp\/v2\/posts"}],"about":[{"href":"https:\/\/eltrabajo.cl\/portal\/wp-json\/wp\/v2\/types\/post"}],"author":[{"embeddable":true,"href":"https:\/\/eltrabajo.cl\/portal\/wp-json\/wp\/v2\/users\/482"}],"replies":[{"embeddable":true,"href":"https:\/\/eltrabajo.cl\/portal\/wp-json\/wp\/v2\/comments?post=62879"}],"version-history":[{"count":0,"href":"https:\/\/eltrabajo.cl\/portal\/wp-json\/wp\/v2\/posts\/62879\/revisions"}],"wp:featuredmedia":[{"embeddable":true,"href":"https:\/\/eltrabajo.cl\/portal\/wp-json\/wp\/v2\/media\/62880"}],"wp:attachment":[{"href":"https:\/\/eltrabajo.cl\/portal\/wp-json\/wp\/v2\/media?parent=62879"}],"wp:term":[{"taxonomy":"category","embeddable":true,"href":"https:\/\/eltrabajo.cl\/portal\/wp-json\/wp\/v2\/categories?post=62879"},{"taxonomy":"post_tag","embeddable":true,"href":"https:\/\/eltrabajo.cl\/portal\/wp-json\/wp\/v2\/tags?post=62879"}],"curies":[{"name":"wp","href":"https:\/\/api.w.org\/{rel}","templated":true}]}}