{"id":62882,"date":"2015-10-14T09:38:32","date_gmt":"2015-10-14T12:38:32","guid":{"rendered":"http:\/\/www.eltrabajo.cl\/portal\/?p=62882"},"modified":"2015-10-14T09:38:32","modified_gmt":"2015-10-14T12:38:32","slug":"realizan-feria-de-alimentacion-saludable-buscando-bajar-los-indices-de-obesidad","status":"publish","type":"post","link":"https:\/\/eltrabajo.cl\/portal\/realizan-feria-de-alimentacion-saludable-buscando-bajar-los-indices-de-obesidad\/","title":{"rendered":"Realizan Feria de Alimentaci\u00f3n Saludable buscando bajar los \u00edndices de obesidad"},"content":{"rendered":"<figure id=\"attachment_62883\" aria-describedby=\"caption-attachment-62883\" style=\"width: 300px\" class=\"wp-caption alignleft\"><a href=\"https:\/\/i0.wp.com\/www.eltrabajo.cl\/portal\/wp-content\/uploads\/2015\/10\/feria-saludable-1.jpg\"><img data-recalc-dims=\"1\" loading=\"lazy\" decoding=\"async\" class=\"wp-image-62883 size-medium\" src=\"https:\/\/i0.wp.com\/www.eltrabajo.cl\/portal\/wp-content\/uploads\/2015\/10\/feria-saludable-1-300x198.jpg?resize=300%2C198\" alt=\"Diversas organizaciones quisieron sumarse a esta actividad que tuvo como objetivo bajar los \u00edndices de obesidad, promover la vida sana y la alimentaci\u00f3n saludable.\" width=\"300\" height=\"198\" srcset=\"https:\/\/i0.wp.com\/eltrabajo.cl\/portal\/wp-content\/uploads\/2015\/10\/feria-saludable-1.jpg?resize=300%2C198&amp;ssl=1 300w, https:\/\/i0.wp.com\/eltrabajo.cl\/portal\/wp-content\/uploads\/2015\/10\/feria-saludable-1.jpg?resize=200%2C132&amp;ssl=1 200w, https:\/\/i0.wp.com\/eltrabajo.cl\/portal\/wp-content\/uploads\/2015\/10\/feria-saludable-1.jpg?resize=228%2C150&amp;ssl=1 228w, https:\/\/i0.wp.com\/eltrabajo.cl\/portal\/wp-content\/uploads\/2015\/10\/feria-saludable-1.jpg?resize=400%2C263&amp;ssl=1 400w, https:\/\/i0.wp.com\/eltrabajo.cl\/portal\/wp-content\/uploads\/2015\/10\/feria-saludable-1.jpg?w=530&amp;ssl=1 530w\" sizes=\"auto, (max-width: 300px) 100vw, 300px\" \/><\/a><figcaption id=\"caption-attachment-62883\" class=\"wp-caption-text\">Diversas organizaciones quisieron sumarse a esta actividad que tuvo como objetivo bajar los \u00edndices de obesidad, promover la vida sana y la alimentaci\u00f3n saludable.<\/figcaption><\/figure>\n<ul>\n<li><strong>Actividad organizada por la Mesa de Promoci\u00f3n de la Salud dependiente de la municipalidad de San Felipe, fue valorada por los vecinos.<\/strong><\/li>\n<\/ul>\n<p>Una gran concurrencia de p\u00fablico registr\u00f3 durante la ma\u00f1ana del viernes, la Feria de Alimentaci\u00f3n Saludable que organiz\u00f3 la Mesa de Promoci\u00f3n de la Salud, dependiente de la municipalidad, con la finalidad de celebrar el D\u00eda de la Alimentaci\u00f3n.<br \/>\nLa cita, desarrollada en la terraza de la Plaza de Armas de nuestra comuna, convoc\u00f3 a diversos expositores, tanto de los centros de salud familiar Segismundo Iturra, Curim\u00f3n y San Felipe El Real, como del Colegio Horizonte, de la Universidad de Aconcagua, Universidad de Valpara\u00edso y otras entidades ligadas a la Mesa de Promoci\u00f3n de la Salud.<\/p>\n<figure id=\"attachment_62884\" aria-describedby=\"caption-attachment-62884\" style=\"width: 300px\" class=\"wp-caption alignright\"><a href=\"https:\/\/i0.wp.com\/www.eltrabajo.cl\/portal\/wp-content\/uploads\/2015\/10\/feria-saludable-2.jpg\"><img data-recalc-dims=\"1\" loading=\"lazy\" decoding=\"async\" class=\"wp-image-62884 size-medium\" src=\"https:\/\/i0.wp.com\/www.eltrabajo.cl\/portal\/wp-content\/uploads\/2015\/10\/feria-saludable-2-300x198.jpg?resize=300%2C198\" alt=\"En la actividad hubo stands dedicados a la alimentaci\u00f3n saludable, los que demostraron que se puede comer sano sin gastar dem\u00e1s.\" width=\"300\" height=\"198\" srcset=\"https:\/\/i0.wp.com\/eltrabajo.cl\/portal\/wp-content\/uploads\/2015\/10\/feria-saludable-2.jpg?resize=300%2C198&amp;ssl=1 300w, https:\/\/i0.wp.com\/eltrabajo.cl\/portal\/wp-content\/uploads\/2015\/10\/feria-saludable-2.jpg?resize=200%2C132&amp;ssl=1 200w, https:\/\/i0.wp.com\/eltrabajo.cl\/portal\/wp-content\/uploads\/2015\/10\/feria-saludable-2.jpg?resize=227%2C150&amp;ssl=1 227w, https:\/\/i0.wp.com\/eltrabajo.cl\/portal\/wp-content\/uploads\/2015\/10\/feria-saludable-2.jpg?resize=400%2C264&amp;ssl=1 400w, https:\/\/i0.wp.com\/eltrabajo.cl\/portal\/wp-content\/uploads\/2015\/10\/feria-saludable-2.jpg?w=530&amp;ssl=1 530w\" sizes=\"auto, (max-width: 300px) 100vw, 300px\" \/><\/a><figcaption id=\"caption-attachment-62884\" class=\"wp-caption-text\">En la actividad hubo stands dedicados a la alimentaci\u00f3n saludable, los que demostraron que se puede comer sano sin gastar dem\u00e1s.<\/figcaption><\/figure>\n<p>Seg\u00fan explic\u00f3 Loreto Olgu\u00edn, asistente social y responsable de la Mesa de Promoci\u00f3n de la Salud, en la feria adem\u00e1s se mostraron y degustaron platos saludables de bajo costo, que tienen un valor de entre 700 y 1000 pesos, por lo que se busca en definitiva demostrar que se puede comer rico y sano.<br \/>\n\u201cHacemos esta actividad con el objetivo de sensibilizar a la comuna para bajar los niveles de obesidad y la cifra de personas con enfermedades cr\u00f3nicas, ya que hay muchos sanfelipe\u00f1os que presentan enfermedades como diabetes e hipertensi\u00f3n, as\u00ed como otras enfermedades que se generan por una mala alimentaci\u00f3n\u201d, se\u00f1al\u00f3 Loreto Olgu\u00edn.<br \/>\nLa profesional se mostr\u00f3 muy conforme con esta actividad, precisando que los asistentes manifestaron mucho inter\u00e9s por la iniciativa, solicitando incluso que se realice ferias de este tipo de manera regular.<br \/>\nRosa Villarreal, vecina de San Felipe que asisti\u00f3 a la feria de alimentaci\u00f3n corrobor\u00f3 lo anteriormente expuesto, se\u00f1alando que \u201cesto debieran hacerlo m\u00e1s seguido para que nos informemos sobre las comidas saludables, pero tambi\u00e9n para que nos informemos sobre el trabajo que hacen los cesfam\u201d.<\/p>\n","protected":false},"excerpt":{"rendered":"<p>Actividad organizada por la Mesa de Promoci\u00f3n de la Salud dependiente de la municipalidad de San Felipe, fue valorada por los vecinos. Una gran concurrencia de p\u00fablico registr\u00f3 durante la ma\u00f1ana del&#8230;<\/p>\n","protected":false},"author":482,"featured_media":62883,"comment_status":"open","ping_status":"open","sticky":false,"template":"","format":"standard","meta":{"advanced_seo_description":"","jetpack_seo_html_title":"","jetpack_seo_noindex":false,"_jetpack_memberships_contains_paid_content":false,"footnotes":""},"categories":[1],"tags":[],"class_list":["post-62882","post","type-post","status-publish","format-standard","has-post-thumbnail","hentry","category-cronica"],"jetpack_featured_media_url":"https:\/\/i0.wp.com\/eltrabajo.cl\/portal\/wp-content\/uploads\/2015\/10\/feria-saludable-1.jpg?fit=530%2C349&ssl=1","jetpack_sharing_enabled":true,"jetpack_likes_enabled":true,"jetpack-related-posts":[],"_links":{"self":[{"href":"https:\/\/eltrabajo.cl\/portal\/wp-json\/wp\/v2\/posts\/62882","targetHints":{"allow":["GET"]}}],"collection":[{"href":"https:\/\/eltrabajo.cl\/portal\/wp-json\/wp\/v2\/posts"}],"about":[{"href":"https:\/\/eltrabajo.cl\/portal\/wp-json\/wp\/v2\/types\/post"}],"author":[{"embeddable":true,"href":"https:\/\/eltrabajo.cl\/portal\/wp-json\/wp\/v2\/users\/482"}],"replies":[{"embeddable":true,"href":"https:\/\/eltrabajo.cl\/portal\/wp-json\/wp\/v2\/comments?post=62882"}],"version-history":[{"count":0,"href":"https:\/\/eltrabajo.cl\/portal\/wp-json\/wp\/v2\/posts\/62882\/revisions"}],"wp:featuredmedia":[{"embeddable":true,"href":"https:\/\/eltrabajo.cl\/portal\/wp-json\/wp\/v2\/media\/62883"}],"wp:attachment":[{"href":"https:\/\/eltrabajo.cl\/portal\/wp-json\/wp\/v2\/media?parent=62882"}],"wp:term":[{"taxonomy":"category","embeddable":true,"href":"https:\/\/eltrabajo.cl\/portal\/wp-json\/wp\/v2\/categories?post=62882"},{"taxonomy":"post_tag","embeddable":true,"href":"https:\/\/eltrabajo.cl\/portal\/wp-json\/wp\/v2\/tags?post=62882"}],"curies":[{"name":"wp","href":"https:\/\/api.w.org\/{rel}","templated":true}]}}