{"id":62886,"date":"2015-10-14T09:41:44","date_gmt":"2015-10-14T12:41:44","guid":{"rendered":"http:\/\/www.eltrabajo.cl\/portal\/?p=62886"},"modified":"2015-10-14T09:41:44","modified_gmt":"2015-10-14T12:41:44","slug":"puma-capturado-en-curimon-sera-liberado-en-sector-cordillerano-de-los-andes","status":"publish","type":"post","link":"https:\/\/eltrabajo.cl\/portal\/puma-capturado-en-curimon-sera-liberado-en-sector-cordillerano-de-los-andes\/","title":{"rendered":"Puma capturado en Curim\u00f3n ser\u00e1 liberado en sector cordillerano de Los Andes"},"content":{"rendered":"<figure id=\"attachment_62887\" aria-describedby=\"caption-attachment-62887\" style=\"width: 300px\" class=\"wp-caption alignleft\"><a href=\"https:\/\/i0.wp.com\/www.eltrabajo.cl\/portal\/wp-content\/uploads\/2015\/10\/PUMA.jpg\"><img data-recalc-dims=\"1\" loading=\"lazy\" decoding=\"async\" class=\"wp-image-62887 size-medium\" src=\"https:\/\/i0.wp.com\/www.eltrabajo.cl\/portal\/wp-content\/uploads\/2015\/10\/PUMA-300x197.jpg?resize=300%2C197\" alt=\"El puma fue capturado por vecinos y Carabineros de Curim\u00f3n utilizando todo su ingenio. Afortunadamente no se registraron personas lesionadas ante un eventual ataque de este felino. (Foto Facebook: Lukas Barahona)\" width=\"300\" height=\"197\" srcset=\"https:\/\/i0.wp.com\/eltrabajo.cl\/portal\/wp-content\/uploads\/2015\/10\/PUMA.jpg?resize=300%2C197&amp;ssl=1 300w, https:\/\/i0.wp.com\/eltrabajo.cl\/portal\/wp-content\/uploads\/2015\/10\/PUMA.jpg?resize=200%2C131&amp;ssl=1 200w, https:\/\/i0.wp.com\/eltrabajo.cl\/portal\/wp-content\/uploads\/2015\/10\/PUMA.jpg?resize=228%2C150&amp;ssl=1 228w, https:\/\/i0.wp.com\/eltrabajo.cl\/portal\/wp-content\/uploads\/2015\/10\/PUMA.jpg?resize=400%2C263&amp;ssl=1 400w, https:\/\/i0.wp.com\/eltrabajo.cl\/portal\/wp-content\/uploads\/2015\/10\/PUMA.jpg?w=530&amp;ssl=1 530w\" sizes=\"auto, (max-width: 300px) 100vw, 300px\" \/><\/a><figcaption id=\"caption-attachment-62887\" class=\"wp-caption-text\">El puma fue capturado por vecinos y Carabineros de Curim\u00f3n utilizando todo su ingenio. Afortunadamente no se registraron personas lesionadas ante un eventual ataque de este felino. (Foto Facebook: Lukas Barahona)<\/figcaption><\/figure>\n<p>Luego de la gran conmoci\u00f3n que caus\u00f3 el avistamiento de un puma que rondaba ins\u00f3litamente en el sector de Curim\u00f3n la noche de este lunes, y que finalmente fue capturado por vecinos y Carabineros; el Servicio Agr\u00edcola y Ganadero en las pr\u00f3ximas horas llevar\u00e1 a cabo su liberaci\u00f3n en su h\u00e1bitat natural, eligiendo las planicies cordilleranas del sector Juncal en Los Andes.<br \/>\nEste felino, absolutamente protegido por la Ley de Pesca y Caza vigente en nuestro pa\u00eds, luego de haber sido sedado tras su captura, recobrar\u00e1 su libertad debido a la escasa cantidad de ejemplares que se registran en las regiones de Chile.<br \/>\nLa inusual aparici\u00f3n de este puma caus\u00f3 bastante conmoci\u00f3n, luego que un chofer de locomoci\u00f3n colectiva descubriera en medio de la oscuridad al felino que circulaba por la calle San Francisco, que conduce al sector de Bucalemu de Curim\u00f3n, el pasado lunes.<br \/>\nTras solicitar ayuda a Carabineros, en conjunto con otros residentes, comenzaron a realizar maniobras para lacear al animal con una soga, a fin de evitar una eventual agresi\u00f3n a las personas que comenzaron a aglomerarse ante la presencia de este particular carn\u00edvoro.<\/p>\n<figure id=\"attachment_62888\" aria-describedby=\"caption-attachment-62888\" style=\"width: 300px\" class=\"wp-caption alignright\"><a href=\"https:\/\/i0.wp.com\/www.eltrabajo.cl\/portal\/wp-content\/uploads\/2015\/10\/puma-suelto.jpg\"><img data-recalc-dims=\"1\" loading=\"lazy\" decoding=\"async\" class=\"wp-image-62888 size-medium\" src=\"https:\/\/i0.wp.com\/www.eltrabajo.cl\/portal\/wp-content\/uploads\/2015\/10\/puma-suelto-300x198.jpg?resize=300%2C198\" alt=\"El momento que el animal fue atrapado por un grupo de vecinos de Curim\u00f3n la noche de este lunes.\" width=\"300\" height=\"198\" srcset=\"https:\/\/i0.wp.com\/eltrabajo.cl\/portal\/wp-content\/uploads\/2015\/10\/puma-suelto.jpg?resize=300%2C198&amp;ssl=1 300w, https:\/\/i0.wp.com\/eltrabajo.cl\/portal\/wp-content\/uploads\/2015\/10\/puma-suelto.jpg?resize=200%2C132&amp;ssl=1 200w, https:\/\/i0.wp.com\/eltrabajo.cl\/portal\/wp-content\/uploads\/2015\/10\/puma-suelto.jpg?resize=227%2C150&amp;ssl=1 227w, https:\/\/i0.wp.com\/eltrabajo.cl\/portal\/wp-content\/uploads\/2015\/10\/puma-suelto.jpg?resize=400%2C264&amp;ssl=1 400w, https:\/\/i0.wp.com\/eltrabajo.cl\/portal\/wp-content\/uploads\/2015\/10\/puma-suelto.jpg?w=530&amp;ssl=1 530w\" sizes=\"auto, (max-width: 300px) 100vw, 300px\" \/><\/a><figcaption id=\"caption-attachment-62888\" class=\"wp-caption-text\">El momento que el animal fue atrapado por un grupo de vecinos de Curim\u00f3n la noche de este lunes.<\/figcaption><\/figure>\n<p>Seg\u00fan explican desde el Servicio Agr\u00edcola y Ganadero, esta puntual situaci\u00f3n se podr\u00eda deber a que este tipo de animales, por falta de alimentaci\u00f3n, tienden a descender de sus h\u00e1bitat naturales y a veces pierden la orientaci\u00f3n debido a su corta edad, indic\u00f3 Aurora Espinoza, Encargada Regional de Recursos Naturales del Servicio Agr\u00edcola y Ganadero.<br \/>\n\u201cEsto es un caso singular toda vez que el animal pudiese haberse extraviado, el clima influye que el animal baje, hemos detectado en tiempos de sequ\u00eda que los animales tienden a bajar por la falta de alimentaci\u00f3n, pero es un hecho singular en primer lugar hay que destacar que en la regi\u00f3n no hay muchos rescates de pumas. Felizmente se logr\u00f3 capturar este animal, est\u00e1 a resguardo, no olvidemos que este felino est\u00e1 protegido por la Ley de Pesca y Caza en categor\u00eda de vulnerable en la regi\u00f3n, lo que significa que estos animales su poblaci\u00f3n est\u00e1 decayendo por lo tanto cada vez que tenemos la posibilidad de poder capturar un ejemplar que est\u00e1 sano, debemos retornarlo a su h\u00e1bitat y eso es lo que vamos a hacer este minuto\u201d.<br \/>\nLa representante del SAG detall\u00f3 que para liberar a estos animales se deben considerar las condiciones de seguridad, alejado donde viven personas y una alimentaci\u00f3n adecuada. Dentro de la Quinta Regi\u00f3n de Valpara\u00edso, existen lugares id\u00f3neos para la poblaci\u00f3n de pumas seg\u00fan enfatiz\u00f3 la encargada de Recursos Naturales del SAG, \u201cvamos a trasladarlo a un sitio muy seguro y con bastantes alimentos, principalmente son conejos y otras especies silvestres, el lugar ser\u00e1 en Los Andes\u201d.<br \/>\nAsimismo Aurora Espinoza hizo hincapi\u00e9 a la comunidad que tras el avistamiento de este tipo de ejemplares ex\u00f3ticos, se debe dar aviso oportuno a Carabineros o directamente al Servicio Agr\u00edcola y Ganadero: \u201cLo m\u00e1s importante para la comunidad que enfrenta este tipo de situaciones es que tome resguardos y d\u00e9 aviso a las autoridades que tiene la potestad de manejar, la experiencia y los equipamientos necesarios para poder resguardarse, poder capturar en este caso el puma de manera segura, no olvidemos que estos son animales salvajes pueden causar da\u00f1os a las personas por lo tanto los m\u00e9todos para poder capturar un animal de \u00e9stos son bien espec\u00edficos\u201d.<br \/>\n<strong>Pablo Salinas Sald\u00edas<\/strong><\/p>\n","protected":false},"excerpt":{"rendered":"<p>Luego de la gran conmoci\u00f3n que caus\u00f3 el avistamiento de un puma que rondaba ins\u00f3litamente en el sector de Curim\u00f3n la noche de este lunes, y que finalmente fue capturado por vecinos&#8230;<\/p>\n","protected":false},"author":482,"featured_media":62887,"comment_status":"open","ping_status":"open","sticky":false,"template":"","format":"standard","meta":{"advanced_seo_description":"","jetpack_seo_html_title":"","jetpack_seo_noindex":false,"_jetpack_memberships_contains_paid_content":false,"footnotes":""},"categories":[1],"tags":[],"class_list":["post-62886","post","type-post","status-publish","format-standard","has-post-thumbnail","hentry","category-cronica"],"jetpack_featured_media_url":"https:\/\/i0.wp.com\/eltrabajo.cl\/portal\/wp-content\/uploads\/2015\/10\/PUMA.jpg?fit=530%2C348&ssl=1","jetpack_sharing_enabled":true,"jetpack_likes_enabled":true,"jetpack-related-posts":[],"_links":{"self":[{"href":"https:\/\/eltrabajo.cl\/portal\/wp-json\/wp\/v2\/posts\/62886","targetHints":{"allow":["GET"]}}],"collection":[{"href":"https:\/\/eltrabajo.cl\/portal\/wp-json\/wp\/v2\/posts"}],"about":[{"href":"https:\/\/eltrabajo.cl\/portal\/wp-json\/wp\/v2\/types\/post"}],"author":[{"embeddable":true,"href":"https:\/\/eltrabajo.cl\/portal\/wp-json\/wp\/v2\/users\/482"}],"replies":[{"embeddable":true,"href":"https:\/\/eltrabajo.cl\/portal\/wp-json\/wp\/v2\/comments?post=62886"}],"version-history":[{"count":0,"href":"https:\/\/eltrabajo.cl\/portal\/wp-json\/wp\/v2\/posts\/62886\/revisions"}],"wp:featuredmedia":[{"embeddable":true,"href":"https:\/\/eltrabajo.cl\/portal\/wp-json\/wp\/v2\/media\/62887"}],"wp:attachment":[{"href":"https:\/\/eltrabajo.cl\/portal\/wp-json\/wp\/v2\/media?parent=62886"}],"wp:term":[{"taxonomy":"category","embeddable":true,"href":"https:\/\/eltrabajo.cl\/portal\/wp-json\/wp\/v2\/categories?post=62886"},{"taxonomy":"post_tag","embeddable":true,"href":"https:\/\/eltrabajo.cl\/portal\/wp-json\/wp\/v2\/tags?post=62886"}],"curies":[{"name":"wp","href":"https:\/\/api.w.org\/{rel}","templated":true}]}}