{"id":62898,"date":"2015-10-15T09:11:53","date_gmt":"2015-10-15T12:11:53","guid":{"rendered":"http:\/\/www.eltrabajo.cl\/portal\/?p=62898"},"modified":"2015-10-15T09:11:53","modified_gmt":"2015-10-15T12:11:53","slug":"alumnos-del-dario-salas-participan-de-lleno-en-el-pace","status":"publish","type":"post","link":"https:\/\/eltrabajo.cl\/portal\/alumnos-del-dario-salas-participan-de-lleno-en-el-pace\/","title":{"rendered":"Alumnos del Dar\u00edo Salas participan de lleno en el Pace"},"content":{"rendered":"<figure id=\"attachment_62899\" aria-describedby=\"caption-attachment-62899\" style=\"width: 300px\" class=\"wp-caption alignleft\"><a href=\"https:\/\/i0.wp.com\/www.eltrabajo.cl\/portal\/wp-content\/uploads\/2015\/10\/Grupo90.jpg\"><img data-recalc-dims=\"1\" loading=\"lazy\" decoding=\"async\" class=\"wp-image-62899 size-medium\" src=\"https:\/\/i0.wp.com\/www.eltrabajo.cl\/portal\/wp-content\/uploads\/2015\/10\/Grupo90-300x199.jpg?resize=300%2C199\" alt=\"SUMERGIDOS.- Ellos son parte de los estudiantes que ya est\u00e1n de lleno integrados al Pace.\" width=\"300\" height=\"199\" srcset=\"https:\/\/i0.wp.com\/eltrabajo.cl\/portal\/wp-content\/uploads\/2015\/10\/Grupo90.jpg?resize=300%2C199&amp;ssl=1 300w, https:\/\/i0.wp.com\/eltrabajo.cl\/portal\/wp-content\/uploads\/2015\/10\/Grupo90.jpg?resize=200%2C133&amp;ssl=1 200w, https:\/\/i0.wp.com\/eltrabajo.cl\/portal\/wp-content\/uploads\/2015\/10\/Grupo90.jpg?resize=226%2C150&amp;ssl=1 226w, https:\/\/i0.wp.com\/eltrabajo.cl\/portal\/wp-content\/uploads\/2015\/10\/Grupo90.jpg?resize=400%2C265&amp;ssl=1 400w, https:\/\/i0.wp.com\/eltrabajo.cl\/portal\/wp-content\/uploads\/2015\/10\/Grupo90.jpg?w=528&amp;ssl=1 528w\" sizes=\"auto, (max-width: 300px) 100vw, 300px\" \/><\/a><figcaption id=\"caption-attachment-62899\" class=\"wp-caption-text\">SUMERGIDOS.- Ellos son parte de los estudiantes que ya est\u00e1n de lleno integrados al Pace.<\/figcaption><\/figure>\n<p><strong>SANTA MAR\u00cdA<\/strong>.- Muy contentos se encuentran los alumnos del Liceo Dar\u00edo Salas, luego de saber que participar\u00e1n del Pace (Programa Acceso Efectivo a la Educaci\u00f3n Superior), que ejecutar\u00e1 la Universidad de Valpara\u00edso en dependencias del liceo. Dicha estrategia fue implementada por el Ministerio de Educaci\u00f3n a nivel pa\u00eds desde 2013.<br \/>\nEl Pace permitir\u00e1 realizar un acompa\u00f1amiento a los alumnos que actualmente cursan tercero medio del liceo, y posteriormente los acompa\u00f1ar\u00e1n en cuarto medio. Luego, una vez egresados, si deciden estudiar en la educaci\u00f3n superior los seguir\u00e1n acompa\u00f1ando por tres a\u00f1os m\u00e1s al interior de la universidad.<\/p>\n<p><strong>LOS REQUISITOS<\/strong><br \/>\nEl Pace permitir\u00e1 el acceso efectivo a la universidad cumpliendo los siguientes requisitos:<br \/>\nPertenecer a un establecimiento que est\u00e9 ejecutando Pace.<br \/>\nAl momento de egresar de cuarto medio, estar en el 15% de mejor rendimiento de la promoci\u00f3n, vale decir, tener muy buenos promedios en los cuatro a\u00f1os de estudio, (1\u00b0, 2\u00b0, 3\u00b0, 4\u00b0), lo que permitir\u00e1 estar en el 15 % de mejor rendimiento acad\u00e9mico.<br \/>\nCumplir con un 85% de asistencia a todas las actividades que programe el Pace, lo que implica asistencia a los talleres a desarrollar en el propio establecimiento, como actividades y\/o talleres en la sede de la universidad ubicada en La Troya, o bien en la casa central de la Universidad en Valpara\u00edso.<br \/>\nRendir la PSU, no siendo requisito el puntaje. Los alumnos deben s\u00f3lo rendirla.<br \/>\nWalter Arancibia Brante, director del liceo, indic\u00f3 al Diario El Trabajo que esto viene a saldar una deuda con los establecimientos m\u00e1s vulnerables del pa\u00eds, y obviamente con los alumnos de los quintiles m\u00e1s bajos y que estudian en dichas instituciones.<br \/>\nHoy nuestros alumnos, tendr\u00e1n la posibilidad de ingresar a la universidad y estudiar la carrera que ellos deseen, sin ser un requisito el puntaje PSU, pero como no todo puede ser f\u00e1cil, ellos deben cumplir con los requisitos antes mencionados, por lo tanto, a los alumnos y alumnas del liceo, s\u00f3lo les queda ser responsables, comprometidos y muy estudiosos para cumplir con estos requisitos.<br \/>\nEllo implica que los alumnos que a la fecha han tenido buenos promedios finales al egresar de cada nivel en la educaci\u00f3n media, podr\u00edan optar al 15 % de mejor rendimiento una vez que salgan de cuarto medio, y con ello ya tienen parte de los requisitos cumplidos, luego viene el tema de la asistencia.<br \/>\nEn reuni\u00f3n de apoderados y con los alumnos de tercero medio, se dio a conocer dicha iniciativa, por parte del psic\u00f3logo de la Universidad de Valpara\u00edso, Felipe Garrido, miembro del equipo que trabajar\u00e1 en el liceo, quien a trav\u00e9s de una exposici\u00f3n apoyada de gr\u00e1ficas, dio a conocer y respondi\u00f3 las inquietudes de alumnos y apoderados.<br \/>\nSeg\u00fan Garrido, \u00abhoy los alumnos tienen tremendas posibilidades de continuar estudios superiores, s\u00f3lo deben ser comprometidos y bastante responsables con su estudio y con las actividades del Pace\u00bb. Los alumnos pueden ingresar a cualquier universidad del Cruch que este ejecutando el Pace, pudiendo estudiar cualquier carrera que impartan dichas universidades, es una tremenda posibilidad que los alumnos del Liceo Dar\u00edo Salas, hoy deben aprovechar.<\/p>\n","protected":false},"excerpt":{"rendered":"<p>SANTA MAR\u00cdA.- Muy contentos se encuentran los alumnos del Liceo Dar\u00edo Salas, luego de saber que participar\u00e1n del Pace (Programa Acceso Efectivo a la Educaci\u00f3n Superior), que ejecutar\u00e1 la Universidad de Valpara\u00edso&#8230;<\/p>\n","protected":false},"author":482,"featured_media":62899,"comment_status":"open","ping_status":"open","sticky":false,"template":"","format":"standard","meta":{"advanced_seo_description":"","jetpack_seo_html_title":"","jetpack_seo_noindex":false,"_jetpack_memberships_contains_paid_content":false,"footnotes":""},"categories":[15],"tags":[],"class_list":["post-62898","post","type-post","status-publish","format-standard","has-post-thumbnail","hentry","category-comunidad"],"jetpack_featured_media_url":"https:\/\/i0.wp.com\/eltrabajo.cl\/portal\/wp-content\/uploads\/2015\/10\/Grupo90.jpg?fit=528%2C350&ssl=1","jetpack_sharing_enabled":true,"jetpack_likes_enabled":true,"jetpack-related-posts":[],"_links":{"self":[{"href":"https:\/\/eltrabajo.cl\/portal\/wp-json\/wp\/v2\/posts\/62898","targetHints":{"allow":["GET"]}}],"collection":[{"href":"https:\/\/eltrabajo.cl\/portal\/wp-json\/wp\/v2\/posts"}],"about":[{"href":"https:\/\/eltrabajo.cl\/portal\/wp-json\/wp\/v2\/types\/post"}],"author":[{"embeddable":true,"href":"https:\/\/eltrabajo.cl\/portal\/wp-json\/wp\/v2\/users\/482"}],"replies":[{"embeddable":true,"href":"https:\/\/eltrabajo.cl\/portal\/wp-json\/wp\/v2\/comments?post=62898"}],"version-history":[{"count":0,"href":"https:\/\/eltrabajo.cl\/portal\/wp-json\/wp\/v2\/posts\/62898\/revisions"}],"wp:featuredmedia":[{"embeddable":true,"href":"https:\/\/eltrabajo.cl\/portal\/wp-json\/wp\/v2\/media\/62899"}],"wp:attachment":[{"href":"https:\/\/eltrabajo.cl\/portal\/wp-json\/wp\/v2\/media?parent=62898"}],"wp:term":[{"taxonomy":"category","embeddable":true,"href":"https:\/\/eltrabajo.cl\/portal\/wp-json\/wp\/v2\/categories?post=62898"},{"taxonomy":"post_tag","embeddable":true,"href":"https:\/\/eltrabajo.cl\/portal\/wp-json\/wp\/v2\/tags?post=62898"}],"curies":[{"name":"wp","href":"https:\/\/api.w.org\/{rel}","templated":true}]}}