{"id":62901,"date":"2015-10-15T09:13:09","date_gmt":"2015-10-15T12:13:09","guid":{"rendered":"http:\/\/www.eltrabajo.cl\/portal\/?p=62901"},"modified":"2015-10-15T09:13:09","modified_gmt":"2015-10-15T12:13:09","slug":"autoridades-llaman-a-la-comunidad-a-contactar-al-sag-ante-nuevos-avistamientos-de-animales-salvajes","status":"publish","type":"post","link":"https:\/\/eltrabajo.cl\/portal\/autoridades-llaman-a-la-comunidad-a-contactar-al-sag-ante-nuevos-avistamientos-de-animales-salvajes\/","title":{"rendered":"Autoridades llaman a la comunidad a contactar al SAG ante nuevos avistamientos de animales salvajes"},"content":{"rendered":"<figure id=\"attachment_62902\" aria-describedby=\"caption-attachment-62902\" style=\"width: 300px\" class=\"wp-caption alignleft\"><a href=\"https:\/\/i0.wp.com\/www.eltrabajo.cl\/portal\/wp-content\/uploads\/2015\/10\/porta-puma-liberado.jpg\"><img data-recalc-dims=\"1\" loading=\"lazy\" decoding=\"async\" class=\"wp-image-62902 size-medium\" src=\"https:\/\/i0.wp.com\/www.eltrabajo.cl\/portal\/wp-content\/uploads\/2015\/10\/porta-puma-liberado-300x198.jpg?resize=300%2C198\" alt=\"El llamado a la comunidad es a no capturar animales salvajes ya que ponen en peligro la integridad de los captores como de los animales apresados.\" width=\"300\" height=\"198\" srcset=\"https:\/\/i0.wp.com\/eltrabajo.cl\/portal\/wp-content\/uploads\/2015\/10\/porta-puma-liberado.jpg?resize=300%2C198&amp;ssl=1 300w, https:\/\/i0.wp.com\/eltrabajo.cl\/portal\/wp-content\/uploads\/2015\/10\/porta-puma-liberado.jpg?resize=200%2C132&amp;ssl=1 200w, https:\/\/i0.wp.com\/eltrabajo.cl\/portal\/wp-content\/uploads\/2015\/10\/porta-puma-liberado.jpg?resize=227%2C150&amp;ssl=1 227w, https:\/\/i0.wp.com\/eltrabajo.cl\/portal\/wp-content\/uploads\/2015\/10\/porta-puma-liberado.jpg?resize=400%2C264&amp;ssl=1 400w, https:\/\/i0.wp.com\/eltrabajo.cl\/portal\/wp-content\/uploads\/2015\/10\/porta-puma-liberado.jpg?w=530&amp;ssl=1 530w\" sizes=\"auto, (max-width: 300px) 100vw, 300px\" \/><\/a><figcaption id=\"caption-attachment-62902\" class=\"wp-caption-text\">El llamado a la comunidad es a no capturar animales salvajes ya que ponen en peligro la integridad de los captores como de los animales apresados.<\/figcaption><\/figure>\n<ul>\n<li><strong>Gobernador Le\u00f3n y Director Provincial de SAG hicieron hincapi\u00e9 en los peligros asociados a la captura de este tipo animales sin los conocimientos previos.<\/strong><\/li>\n<\/ul>\n<p>Luego de la liberaci\u00f3n del puma, pasado el mediod\u00eda de este martes, en el sector cordillerano de juncal, la Oficina Provincial del SAG y la Gobernaci\u00f3n de San Felipe hicieron un importante llamado a la comunidad sobre los cuidados que deben adoptar al momento de avistar a un animal salvaje, debido a que la respuesta del ejemplar puede ser violenta y atentar contra la integridad de las personas.<br \/>\nEl Jefe Oficina Provincial del Servicio Agr\u00edcola y Ganadero, Alfredo Cruz, destac\u00f3 que la condici\u00f3n de salud del animal era \u00f3ptima al momento de su liberaci\u00f3n y que \u201cs\u00f3lo hab\u00eda estado sometido a un nivel de stress propio de la captura y alg\u00fan grado de orientaci\u00f3n. La noche que pas\u00f3 en cautiverio, logramos evidenciar una salud adecuada por lo que decidimos liberarlo en un lugar \u00f3ptimo, donde tendr\u00e1 alimentaci\u00f3n natural\u201d.<br \/>\nAsimismo, puntualiz\u00f3 que \u201ctenemos que hacer una reflexi\u00f3n de las maniobras que se realizaron en la captura. Todo lo que implique manipulaci\u00f3n, requiere de expertiz y capacitaci\u00f3n. Sobre todo cuando hablamos de animales salvajes. Afortunadamente no existi\u00f3 da\u00f1o a personas, pero pudo ocurrir una desgracia que hoy estar\u00edamos lament\u00e1ndonos\u201d, se\u00f1al\u00f3.<br \/>\nEn ese sentido, hizo el llamado a que \u201cla comunidad de aviso a la instituci\u00f3n cuando divisen a animales salvajes. Nosotros concurriremos a la brevedad y, con nuestro personal altamente capacitado, realizar la captura y posterior an\u00e1lisis para liberar a la especie\u201d.<br \/>\nEn tanto, el gobernador Eduardo Le\u00f3n, se\u00f1al\u00f3 que \u201cafortunadamente, a\u00fan tenemos nuestra fauna nativa y en algunos momentos, puede interactuar con la sociedad. Fue sorprendente encontrarlo en este lugar, pero nosotros llamamos a la comunidad a que estos son animales silvestres y pueden generar da\u00f1o. Si existe un avistamiento, pedimos llamar al SAG y a Carabineros. La mejor forma de cuidar nuestra fauna es dejar que sigan en libertad y en su din\u00e1mica normal y natural. No es bueno apresarlos, ni generar otro tipo de acci\u00f3n\u201d.<br \/>\nAnte esto, ambas autoridades invitaron a llamar al 600 81 81 724 o ingresar a www.sag.cl para informar acerca de distintos avistamientos de animales salvajes.<\/p>\n","protected":false},"excerpt":{"rendered":"<p>Gobernador Le\u00f3n y Director Provincial de SAG hicieron hincapi\u00e9 en los peligros asociados a la captura de este tipo animales sin los conocimientos previos. Luego de la liberaci\u00f3n del puma, pasado el&#8230;<\/p>\n","protected":false},"author":482,"featured_media":62902,"comment_status":"open","ping_status":"open","sticky":false,"template":"","format":"standard","meta":{"advanced_seo_description":"","jetpack_seo_html_title":"","jetpack_seo_noindex":false,"_jetpack_memberships_contains_paid_content":false,"footnotes":""},"categories":[15],"tags":[],"class_list":["post-62901","post","type-post","status-publish","format-standard","has-post-thumbnail","hentry","category-comunidad"],"jetpack_featured_media_url":"https:\/\/i0.wp.com\/eltrabajo.cl\/portal\/wp-content\/uploads\/2015\/10\/porta-puma-liberado.jpg?fit=530%2C350&ssl=1","jetpack_sharing_enabled":true,"jetpack_likes_enabled":true,"jetpack-related-posts":[],"_links":{"self":[{"href":"https:\/\/eltrabajo.cl\/portal\/wp-json\/wp\/v2\/posts\/62901","targetHints":{"allow":["GET"]}}],"collection":[{"href":"https:\/\/eltrabajo.cl\/portal\/wp-json\/wp\/v2\/posts"}],"about":[{"href":"https:\/\/eltrabajo.cl\/portal\/wp-json\/wp\/v2\/types\/post"}],"author":[{"embeddable":true,"href":"https:\/\/eltrabajo.cl\/portal\/wp-json\/wp\/v2\/users\/482"}],"replies":[{"embeddable":true,"href":"https:\/\/eltrabajo.cl\/portal\/wp-json\/wp\/v2\/comments?post=62901"}],"version-history":[{"count":0,"href":"https:\/\/eltrabajo.cl\/portal\/wp-json\/wp\/v2\/posts\/62901\/revisions"}],"wp:featuredmedia":[{"embeddable":true,"href":"https:\/\/eltrabajo.cl\/portal\/wp-json\/wp\/v2\/media\/62902"}],"wp:attachment":[{"href":"https:\/\/eltrabajo.cl\/portal\/wp-json\/wp\/v2\/media?parent=62901"}],"wp:term":[{"taxonomy":"category","embeddable":true,"href":"https:\/\/eltrabajo.cl\/portal\/wp-json\/wp\/v2\/categories?post=62901"},{"taxonomy":"post_tag","embeddable":true,"href":"https:\/\/eltrabajo.cl\/portal\/wp-json\/wp\/v2\/tags?post=62901"}],"curies":[{"name":"wp","href":"https:\/\/api.w.org\/{rel}","templated":true}]}}