{"id":62907,"date":"2015-10-15T09:16:45","date_gmt":"2015-10-15T12:16:45","guid":{"rendered":"http:\/\/www.eltrabajo.cl\/portal\/?p=62907"},"modified":"2015-10-15T09:16:45","modified_gmt":"2015-10-15T12:16:45","slug":"concluyeron-trabajos-de-limpieza-de-concentrado-en-el-sector-los-quilos","status":"publish","type":"post","link":"https:\/\/eltrabajo.cl\/portal\/concluyeron-trabajos-de-limpieza-de-concentrado-en-el-sector-los-quilos\/","title":{"rendered":"Concluyeron trabajos de limpieza de concentrado en el sector Los Quilos"},"content":{"rendered":"<figure id=\"attachment_62908\" aria-describedby=\"caption-attachment-62908\" style=\"width: 300px\" class=\"wp-caption alignleft\"><a href=\"https:\/\/i0.wp.com\/www.eltrabajo.cl\/portal\/wp-content\/uploads\/2015\/10\/limpieza-derrame.jpg\"><img data-recalc-dims=\"1\" loading=\"lazy\" decoding=\"async\" class=\"wp-image-62908 size-medium\" src=\"https:\/\/i0.wp.com\/www.eltrabajo.cl\/portal\/wp-content\/uploads\/2015\/10\/limpieza-derrame-300x197.jpg?resize=300%2C197\" alt=\"Tras cuatro d\u00edas de labores, trabajadores de FEPASA y Andina lograron limpiar el material concentrado que fue derramado el viernes pasado.\" width=\"300\" height=\"197\" srcset=\"https:\/\/i0.wp.com\/eltrabajo.cl\/portal\/wp-content\/uploads\/2015\/10\/limpieza-derrame.jpg?resize=300%2C197&amp;ssl=1 300w, https:\/\/i0.wp.com\/eltrabajo.cl\/portal\/wp-content\/uploads\/2015\/10\/limpieza-derrame.jpg?resize=200%2C131&amp;ssl=1 200w, https:\/\/i0.wp.com\/eltrabajo.cl\/portal\/wp-content\/uploads\/2015\/10\/limpieza-derrame.jpg?resize=228%2C150&amp;ssl=1 228w, https:\/\/i0.wp.com\/eltrabajo.cl\/portal\/wp-content\/uploads\/2015\/10\/limpieza-derrame.jpg?resize=400%2C263&amp;ssl=1 400w, https:\/\/i0.wp.com\/eltrabajo.cl\/portal\/wp-content\/uploads\/2015\/10\/limpieza-derrame.jpg?w=530&amp;ssl=1 530w\" sizes=\"auto, (max-width: 300px) 100vw, 300px\" \/><\/a><figcaption id=\"caption-attachment-62908\" class=\"wp-caption-text\">Tras cuatro d\u00edas de labores, trabajadores de FEPASA y Andina lograron limpiar el material concentrado que fue derramado el viernes pasado.<\/figcaption><\/figure>\n<p>La noche de este martes, alrededor de las 21:30 horas, concluyeron las labores de limpieza y recolecci\u00f3n de concentrado de cobre en el sector de Los Quilos del Camino Internacional, adem\u00e1s de la estabilizaci\u00f3n de los vagones, afectados por el desrielo del tren de la empresa FEPASA, ocurrido el pasado viernes.<br \/>\nAs\u00ed lo inform\u00f3 la Direcci\u00f3n de Comunicaciones de Divisi\u00f3n Andina de Codelco a trav\u00e9s de un comunicado de prensa, donde se\u00f1ala que lo anterior fue posible luego de cuatro d\u00edas de trabajo, incluyendo turnos nocturnos a cargo de maquinaria pesada y cuadrillas de trabajadores de FEPASA y divisi\u00f3n Andina.<br \/>\nSeg\u00fan precisa el comunicado, \u00abal retirarse completamente el concentrado del sector, ya no existe el riesgo de contaminaci\u00f3n del cauce del r\u00edo Aconcagua, lo cual ha sido confirmado por los monitoreos realizados en los \u00faltimos d\u00edas\u00bb, asegur\u00f3 la cupr\u00edfera.<br \/>\nDurante los pr\u00f3ximos d\u00edas, agrega finalmente el comunicado, \u00abcontinuar\u00e1n los trabajos para regularizar el servicio de transporte de concentrado a cargo de FEPASA, una vez que los vagones del tren y los contenedores que permanecen en el lugar sean retirados de manera segura para los trabajadores a cargo de las maniobras\u00bb.<\/p>\n","protected":false},"excerpt":{"rendered":"<p>La noche de este martes, alrededor de las 21:30 horas, concluyeron las labores de limpieza y recolecci\u00f3n de concentrado de cobre en el sector de Los Quilos del Camino Internacional, adem\u00e1s de&#8230;<\/p>\n","protected":false},"author":482,"featured_media":62908,"comment_status":"open","ping_status":"open","sticky":false,"template":"","format":"standard","meta":{"advanced_seo_description":"","jetpack_seo_html_title":"","jetpack_seo_noindex":false,"_jetpack_memberships_contains_paid_content":false,"footnotes":""},"categories":[1],"tags":[],"class_list":["post-62907","post","type-post","status-publish","format-standard","has-post-thumbnail","hentry","category-cronica"],"jetpack_featured_media_url":"https:\/\/i0.wp.com\/eltrabajo.cl\/portal\/wp-content\/uploads\/2015\/10\/limpieza-derrame.jpg?fit=530%2C348&ssl=1","jetpack_sharing_enabled":true,"jetpack_likes_enabled":true,"jetpack-related-posts":[],"_links":{"self":[{"href":"https:\/\/eltrabajo.cl\/portal\/wp-json\/wp\/v2\/posts\/62907","targetHints":{"allow":["GET"]}}],"collection":[{"href":"https:\/\/eltrabajo.cl\/portal\/wp-json\/wp\/v2\/posts"}],"about":[{"href":"https:\/\/eltrabajo.cl\/portal\/wp-json\/wp\/v2\/types\/post"}],"author":[{"embeddable":true,"href":"https:\/\/eltrabajo.cl\/portal\/wp-json\/wp\/v2\/users\/482"}],"replies":[{"embeddable":true,"href":"https:\/\/eltrabajo.cl\/portal\/wp-json\/wp\/v2\/comments?post=62907"}],"version-history":[{"count":0,"href":"https:\/\/eltrabajo.cl\/portal\/wp-json\/wp\/v2\/posts\/62907\/revisions"}],"wp:featuredmedia":[{"embeddable":true,"href":"https:\/\/eltrabajo.cl\/portal\/wp-json\/wp\/v2\/media\/62908"}],"wp:attachment":[{"href":"https:\/\/eltrabajo.cl\/portal\/wp-json\/wp\/v2\/media?parent=62907"}],"wp:term":[{"taxonomy":"category","embeddable":true,"href":"https:\/\/eltrabajo.cl\/portal\/wp-json\/wp\/v2\/categories?post=62907"},{"taxonomy":"post_tag","embeddable":true,"href":"https:\/\/eltrabajo.cl\/portal\/wp-json\/wp\/v2\/tags?post=62907"}],"curies":[{"name":"wp","href":"https:\/\/api.w.org\/{rel}","templated":true}]}}