{"id":62911,"date":"2015-10-15T09:19:04","date_gmt":"2015-10-15T12:19:04","guid":{"rendered":"http:\/\/www.eltrabajo.cl\/portal\/?p=62911"},"modified":"2015-10-15T09:19:04","modified_gmt":"2015-10-15T12:19:04","slug":"ecologistas-piden-acciones-contra-codelco-por-derrames-de-material-minero","status":"publish","type":"post","link":"https:\/\/eltrabajo.cl\/portal\/ecologistas-piden-acciones-contra-codelco-por-derrames-de-material-minero\/","title":{"rendered":"Ecologistas piden acciones contra Codelco por derrames de material minero"},"content":{"rendered":"<figure id=\"attachment_62912\" aria-describedby=\"caption-attachment-62912\" style=\"width: 300px\" class=\"wp-caption alignleft\"><a href=\"https:\/\/i0.wp.com\/www.eltrabajo.cl\/portal\/wp-content\/uploads\/2015\/10\/Silvia-Chavez.jpg\"><img data-recalc-dims=\"1\" loading=\"lazy\" decoding=\"async\" class=\"wp-image-62912 size-medium\" src=\"https:\/\/i0.wp.com\/www.eltrabajo.cl\/portal\/wp-content\/uploads\/2015\/10\/Silvia-Chavez-300x197.jpg?resize=300%2C197\" alt=\"Silvia Ch\u00e1vez, vocera de la Agrupaci\u00f3n Ecologista de Aconcagua.\" width=\"300\" height=\"197\" srcset=\"https:\/\/i0.wp.com\/eltrabajo.cl\/portal\/wp-content\/uploads\/2015\/10\/Silvia-Chavez.jpg?resize=300%2C197&amp;ssl=1 300w, https:\/\/i0.wp.com\/eltrabajo.cl\/portal\/wp-content\/uploads\/2015\/10\/Silvia-Chavez.jpg?resize=200%2C131&amp;ssl=1 200w, https:\/\/i0.wp.com\/eltrabajo.cl\/portal\/wp-content\/uploads\/2015\/10\/Silvia-Chavez.jpg?resize=228%2C150&amp;ssl=1 228w, https:\/\/i0.wp.com\/eltrabajo.cl\/portal\/wp-content\/uploads\/2015\/10\/Silvia-Chavez.jpg?resize=400%2C263&amp;ssl=1 400w, https:\/\/i0.wp.com\/eltrabajo.cl\/portal\/wp-content\/uploads\/2015\/10\/Silvia-Chavez.jpg?w=530&amp;ssl=1 530w\" sizes=\"auto, (max-width: 300px) 100vw, 300px\" \/><\/a><figcaption id=\"caption-attachment-62912\" class=\"wp-caption-text\">Silvia Ch\u00e1vez, vocera de la Agrupaci\u00f3n Ecologista de Aconcagua.<\/figcaption><\/figure>\n<ul>\n<li><strong>Dos incidentes en menos de un mes ha sufrido la cupr\u00edfera.<\/strong><\/li>\n<\/ul>\n<p><strong>LOS ANDES.<\/strong>&#8211; La Agrupaci\u00f3n Ecologista de Aconcagua (AGE) expres\u00f3 su preocupaci\u00f3n por los derrames de material minero que en menos de un mes se han producido en la zona, poniendo en riesgo de ser contaminados importantes cursos de agua.<br \/>\nUna de las voceras de la agrupaci\u00f3n, Sylvia Ch\u00e1vez, record\u00f3 que el pasado 14 de septiembre se produjo un derrame de material minero en el estero Majaditas en el caj\u00f3n del Toro en Riecillo, desde unas canaletas de relave de Codelco Andina.<br \/>\n\u201cEste material de origen minero y de desconocida composici\u00f3n fue almacenado por la Empresa Codelco Andina en sacos que desprend\u00edan un muy fuerte olor. Estos sacos fueron depositados en la rivera de dicho estero en grandes cantidades\u201d, expuso.<br \/>\nAgreg\u00f3 que al no ser informada a la comunidad esta situaci\u00f3n por Codelco Andina, no existe un protocolo para tratar este tipo de emergencias, \u201co si existe este protocolo, no se ejecuta\u201d.<br \/>\nCh\u00e1vez dijo que esta situaci\u00f3n puede escalar a una emergencia m\u00e1s grave, \u201cporque la poblaci\u00f3n no fue advertida de los riesgos de tal material, sin duda una acci\u00f3n del todo irresponsable por parte de una Empresa Fiscal y por eso estamos muy preocupados por la calidad de agua potable de las comunas aguas abajo del derrame. Tampoco los Servicios competentes han evacuado informe t\u00e9cnico p\u00fablico sobre tal evento\u201d.<br \/>\nAsimismo, se quej\u00f3 que el d\u00eda s\u00e1bado pasado, cuando se produjo el volcamiento de un carro con ollas de concentrado de cobre, se enteraron por la prensa de esta situaci\u00f3n.<br \/>\n\u201cNuevamente Codelco Andina, a menos de un mes, comete otra irresponsabilidad sobre nuestras aguas y ecosistemas, poniendo en riego nuevamente las aguas de bebida y agricultura por el descarrilamiento de un tren de carga con concentrado de cobre\u201d, fustig\u00f3.<br \/>\nA ra\u00edz de ello es que como Agrupaci\u00f3n Ecologista de Aconcagua est\u00e1n pidiendo a las autoridades locales iniciar las acciones correspondientes contra Codelco Andina a ra\u00edz de estas situaciones de emergencia, \u201cpues el Estado debe cumplir con la protecci\u00f3n y el cuidado de la vida como as\u00ed tambi\u00e9n las aguas que alimentan nuestro medioambiente, garantiz\u00e1ndonos vivir en un entorno libre de contaminaci\u00f3n, nuestro Derecho Constitucional\u201d.<\/p>\n","protected":false},"excerpt":{"rendered":"<p>Dos incidentes en menos de un mes ha sufrido la cupr\u00edfera. LOS ANDES.&#8211; La Agrupaci\u00f3n Ecologista de Aconcagua (AGE) expres\u00f3 su preocupaci\u00f3n por los derrames de material minero que en menos de&#8230;<\/p>\n","protected":false},"author":482,"featured_media":62912,"comment_status":"open","ping_status":"open","sticky":false,"template":"","format":"standard","meta":{"advanced_seo_description":"","jetpack_seo_html_title":"","jetpack_seo_noindex":false,"_jetpack_memberships_contains_paid_content":false,"footnotes":""},"categories":[1],"tags":[],"class_list":["post-62911","post","type-post","status-publish","format-standard","has-post-thumbnail","hentry","category-cronica"],"jetpack_featured_media_url":"https:\/\/i0.wp.com\/eltrabajo.cl\/portal\/wp-content\/uploads\/2015\/10\/Silvia-Chavez.jpg?fit=530%2C348&ssl=1","jetpack_sharing_enabled":true,"jetpack_likes_enabled":true,"jetpack-related-posts":[],"_links":{"self":[{"href":"https:\/\/eltrabajo.cl\/portal\/wp-json\/wp\/v2\/posts\/62911","targetHints":{"allow":["GET"]}}],"collection":[{"href":"https:\/\/eltrabajo.cl\/portal\/wp-json\/wp\/v2\/posts"}],"about":[{"href":"https:\/\/eltrabajo.cl\/portal\/wp-json\/wp\/v2\/types\/post"}],"author":[{"embeddable":true,"href":"https:\/\/eltrabajo.cl\/portal\/wp-json\/wp\/v2\/users\/482"}],"replies":[{"embeddable":true,"href":"https:\/\/eltrabajo.cl\/portal\/wp-json\/wp\/v2\/comments?post=62911"}],"version-history":[{"count":0,"href":"https:\/\/eltrabajo.cl\/portal\/wp-json\/wp\/v2\/posts\/62911\/revisions"}],"wp:featuredmedia":[{"embeddable":true,"href":"https:\/\/eltrabajo.cl\/portal\/wp-json\/wp\/v2\/media\/62912"}],"wp:attachment":[{"href":"https:\/\/eltrabajo.cl\/portal\/wp-json\/wp\/v2\/media?parent=62911"}],"wp:term":[{"taxonomy":"category","embeddable":true,"href":"https:\/\/eltrabajo.cl\/portal\/wp-json\/wp\/v2\/categories?post=62911"},{"taxonomy":"post_tag","embeddable":true,"href":"https:\/\/eltrabajo.cl\/portal\/wp-json\/wp\/v2\/tags?post=62911"}],"curies":[{"name":"wp","href":"https:\/\/api.w.org\/{rel}","templated":true}]}}