{"id":62917,"date":"2015-10-15T09:23:14","date_gmt":"2015-10-15T12:23:14","guid":{"rendered":"http:\/\/www.eltrabajo.cl\/portal\/?p=62917"},"modified":"2015-10-15T09:23:14","modified_gmt":"2015-10-15T12:23:14","slug":"celebraciones-de-semana-de-la-salud-mental-culminan-con-cicletada-en-plaza-de-armas-putaendina","status":"publish","type":"post","link":"https:\/\/eltrabajo.cl\/portal\/celebraciones-de-semana-de-la-salud-mental-culminan-con-cicletada-en-plaza-de-armas-putaendina\/","title":{"rendered":"Celebraciones de Semana de la Salud Mental culminan con cicletada en Plaza de Armas putaendina"},"content":{"rendered":"<figure id=\"attachment_62918\" aria-describedby=\"caption-attachment-62918\" style=\"width: 300px\" class=\"wp-caption alignleft\"><a href=\"https:\/\/i0.wp.com\/www.eltrabajo.cl\/portal\/wp-content\/uploads\/2015\/10\/Cicletada-Salud-Mental-1.jpg\"><img data-recalc-dims=\"1\" loading=\"lazy\" decoding=\"async\" class=\"wp-image-62918 size-medium\" src=\"https:\/\/i0.wp.com\/www.eltrabajo.cl\/portal\/wp-content\/uploads\/2015\/10\/Cicletada-Salud-Mental-1-300x198.jpg?resize=300%2C198\" alt=\"El cierre de las celebraciones de la Semana de la Salud Mental se efectu\u00f3 junto a usuarios del Hospital Psiqui\u00e1trico Dr. Phillipe Pinel.\" width=\"300\" height=\"198\" srcset=\"https:\/\/i0.wp.com\/eltrabajo.cl\/portal\/wp-content\/uploads\/2015\/10\/Cicletada-Salud-Mental-1.jpg?resize=300%2C198&amp;ssl=1 300w, https:\/\/i0.wp.com\/eltrabajo.cl\/portal\/wp-content\/uploads\/2015\/10\/Cicletada-Salud-Mental-1.jpg?resize=200%2C132&amp;ssl=1 200w, https:\/\/i0.wp.com\/eltrabajo.cl\/portal\/wp-content\/uploads\/2015\/10\/Cicletada-Salud-Mental-1.jpg?resize=228%2C150&amp;ssl=1 228w, https:\/\/i0.wp.com\/eltrabajo.cl\/portal\/wp-content\/uploads\/2015\/10\/Cicletada-Salud-Mental-1.jpg?resize=400%2C263&amp;ssl=1 400w, https:\/\/i0.wp.com\/eltrabajo.cl\/portal\/wp-content\/uploads\/2015\/10\/Cicletada-Salud-Mental-1.jpg?w=530&amp;ssl=1 530w\" sizes=\"auto, (max-width: 300px) 100vw, 300px\" \/><\/a><figcaption id=\"caption-attachment-62918\" class=\"wp-caption-text\">El cierre de las celebraciones de la Semana de la Salud Mental se efectu\u00f3 junto a usuarios del Hospital Psiqui\u00e1trico Dr. Phillipe Pinel.<\/figcaption><\/figure>\n<ul>\n<li><strong>El Dr. Jaime Retamal valor\u00f3 el inter\u00e9s y preocupaci\u00f3n que los habitantes de Putaendo y Aconcagua muestran hacia los usuarios de la instituci\u00f3n, lo que qued\u00f3 de manifiesto durante la conmemoraci\u00f3n de la Semana de la Salud Mental.<\/strong><\/li>\n<\/ul>\n<p>Una positiva evaluaci\u00f3n efectu\u00f3 el Dr. Jaime Retamal Garrido, Director del Hospital Psiqui\u00e1trico Dr. Philippe Pinel de Putaendo al culminar las celebraciones conmemorativas de la Semana de la Salud Mental.<br \/>\nEl m\u00e9dico psiquiatra relev\u00f3 el car\u00e1cter comunitario de esta importante fecha \u201cque nos permiti\u00f3 vincularnos mucho m\u00e1s con los habitantes de Putaendo principalmente a trav\u00e9s de diferentes instancias, como la Plaza Ciudadana realizada por nuestro Codelo, el Operativo de Salud Mental desarrollado en Piguch\u00e9n y la Cicletada por la Salud Mental, en la cual contamos con la concurrencia de usuarios, funcionarios y la comunidad, todos participando como iguales\u201d, recalc\u00f3 el profesional.<br \/>\nUna semana donde la inclusi\u00f3n y dignidad de personas en situaci\u00f3n de discapacidad ps\u00edquica fue un pilar esencial \u201cy donde pudimos constatar que hoy la gente de Aconcagua y de Putaendo est\u00e1 mucho m\u00e1s abierta a la inclusi\u00f3n de nuestros usuarios, hacia los cuales han mostrado una gran preocupaci\u00f3n, no tan s\u00f3lo en esta fecha\u201d, precis\u00f3 Retamal.<\/p>\n<figure id=\"attachment_62919\" aria-describedby=\"caption-attachment-62919\" style=\"width: 300px\" class=\"wp-caption alignright\"><a href=\"https:\/\/i0.wp.com\/www.eltrabajo.cl\/portal\/wp-content\/uploads\/2015\/10\/Cicletada-Salud-Mental-2.jpg\"><img data-recalc-dims=\"1\" loading=\"lazy\" decoding=\"async\" class=\"wp-image-62919 size-medium\" src=\"https:\/\/i0.wp.com\/www.eltrabajo.cl\/portal\/wp-content\/uploads\/2015\/10\/Cicletada-Salud-Mental-2-300x198.jpg?resize=300%2C198\" alt=\"En el marco de las celebraciones, se llev\u00f3 a cabo una cicletada en la Plaza de Armas de Putaendo, donde participaron usuarios de la instituci\u00f3n de salud mental.\" width=\"300\" height=\"198\" srcset=\"https:\/\/i0.wp.com\/eltrabajo.cl\/portal\/wp-content\/uploads\/2015\/10\/Cicletada-Salud-Mental-2.jpg?resize=300%2C198&amp;ssl=1 300w, https:\/\/i0.wp.com\/eltrabajo.cl\/portal\/wp-content\/uploads\/2015\/10\/Cicletada-Salud-Mental-2.jpg?resize=200%2C132&amp;ssl=1 200w, https:\/\/i0.wp.com\/eltrabajo.cl\/portal\/wp-content\/uploads\/2015\/10\/Cicletada-Salud-Mental-2.jpg?resize=227%2C150&amp;ssl=1 227w, https:\/\/i0.wp.com\/eltrabajo.cl\/portal\/wp-content\/uploads\/2015\/10\/Cicletada-Salud-Mental-2.jpg?resize=400%2C264&amp;ssl=1 400w, https:\/\/i0.wp.com\/eltrabajo.cl\/portal\/wp-content\/uploads\/2015\/10\/Cicletada-Salud-Mental-2.jpg?w=530&amp;ssl=1 530w\" sizes=\"auto, (max-width: 300px) 100vw, 300px\" \/><\/a><figcaption id=\"caption-attachment-62919\" class=\"wp-caption-text\">En el marco de las celebraciones, se llev\u00f3 a cabo una cicletada en la Plaza de Armas de Putaendo, donde participaron usuarios de la instituci\u00f3n de salud mental.<\/figcaption><\/figure>\n<p>Durante esta semana adem\u00e1s el Hospital Psiqui\u00e1trico de Putaendo recibi\u00f3 una importante donaci\u00f3n de bicicletas por parte de la Municipalidad de San Felipe y el Concejal Ricardo Covarrubias a trav\u00e9s del Servicio de Salud Aconcagua, para el uso permanente de usuarios del establecimiento, quienes orgullosos y contentos aprovecharon de estrenarlas durante la Cicletada por la Salud Mental, ejecutada en la Plaza de Armas de Putaendo y que culmin\u00f3 con una entretenida zumbat\u00f3n, dando el punto final a las actividades de la Semana de la Salud Mental.<br \/>\nFinalmente, el Director del Philippe Pinel de Putaendo agradeci\u00f3 a todos quienes contribuyeron al \u00e9xito de cada uno de los eventos y aquellas personas que fuertemente se esmeraron para que la inclusi\u00f3n sea forjada junto a la comunidad.<\/p>\n","protected":false},"excerpt":{"rendered":"<p>El Dr. Jaime Retamal valor\u00f3 el inter\u00e9s y preocupaci\u00f3n que los habitantes de Putaendo y Aconcagua muestran hacia los usuarios de la instituci\u00f3n, lo que qued\u00f3 de manifiesto durante la conmemoraci\u00f3n de&#8230;<\/p>\n","protected":false},"author":482,"featured_media":62918,"comment_status":"open","ping_status":"open","sticky":false,"template":"","format":"standard","meta":{"advanced_seo_description":"","jetpack_seo_html_title":"","jetpack_seo_noindex":false,"_jetpack_memberships_contains_paid_content":false,"footnotes":""},"categories":[1],"tags":[],"class_list":["post-62917","post","type-post","status-publish","format-standard","has-post-thumbnail","hentry","category-cronica"],"jetpack_featured_media_url":"https:\/\/i0.wp.com\/eltrabajo.cl\/portal\/wp-content\/uploads\/2015\/10\/Cicletada-Salud-Mental-1.jpg?fit=530%2C349&ssl=1","jetpack_sharing_enabled":true,"jetpack_likes_enabled":true,"jetpack-related-posts":[],"_links":{"self":[{"href":"https:\/\/eltrabajo.cl\/portal\/wp-json\/wp\/v2\/posts\/62917","targetHints":{"allow":["GET"]}}],"collection":[{"href":"https:\/\/eltrabajo.cl\/portal\/wp-json\/wp\/v2\/posts"}],"about":[{"href":"https:\/\/eltrabajo.cl\/portal\/wp-json\/wp\/v2\/types\/post"}],"author":[{"embeddable":true,"href":"https:\/\/eltrabajo.cl\/portal\/wp-json\/wp\/v2\/users\/482"}],"replies":[{"embeddable":true,"href":"https:\/\/eltrabajo.cl\/portal\/wp-json\/wp\/v2\/comments?post=62917"}],"version-history":[{"count":0,"href":"https:\/\/eltrabajo.cl\/portal\/wp-json\/wp\/v2\/posts\/62917\/revisions"}],"wp:featuredmedia":[{"embeddable":true,"href":"https:\/\/eltrabajo.cl\/portal\/wp-json\/wp\/v2\/media\/62918"}],"wp:attachment":[{"href":"https:\/\/eltrabajo.cl\/portal\/wp-json\/wp\/v2\/media?parent=62917"}],"wp:term":[{"taxonomy":"category","embeddable":true,"href":"https:\/\/eltrabajo.cl\/portal\/wp-json\/wp\/v2\/categories?post=62917"},{"taxonomy":"post_tag","embeddable":true,"href":"https:\/\/eltrabajo.cl\/portal\/wp-json\/wp\/v2\/tags?post=62917"}],"curies":[{"name":"wp","href":"https:\/\/api.w.org\/{rel}","templated":true}]}}